{"id":4867,"date":"2014-11-05T11:52:19","date_gmt":"2014-11-05T10:52:19","guid":{"rendered":"http:\/\/www.fedaiisf.it\/?p=4867"},"modified":"2014-11-05T11:52:19","modified_gmt":"2014-11-05T10:52:19","slug":"ambulatori-by-night-in-emilia-romagna-regione-investe-sindacati-perplessi","status":"publish","type":"post","link":"https:\/\/www.fedaiisf.it\/en\/ambulatori-by-night-in-emilia-romagna-regione-investe-sindacati-perplessi\/","title":{"rendered":"Ambulatori by night in Emilia Romagna: Regione investe, sindacati perplessi"},"content":{"rendered":"<p><i>L\u2019Emilia Romagna ci prova, terza regione in Nord Italia, dopo Veneto e Lombardia. Ma al momento \u00e8 solo un annuncio.<\/i><i><\/i><\/p>\n<p><i><a href=\"http:\/\/www.doctor33.it\/ambulatori-by-night-in-emilia-romagna-regione-investe-sindacati-perplessi\/politica-e-sanita\/news-52992.html?xrtd=RSTTSRSSRRPACPLXRCYYPLX\" target=\"_blank\" rel=\"noopener\">Mercoled\u00ec, 05 Novembre 2014 \u2013 Doctor33<\/a><\/i><\/p>\n<p><img loading=\"lazy\" decoding=\"async\" class=\"alignleft\" alt=\"\" src=\"https:\/\/encrypted-tbn3.gstatic.com\/images?q=tbn:ANd9GcQwWilrIjq0ZnRABaQQ3_4QjMGgxQHEun453TbldqMtq69plldk\" width=\"277\" height=\"182\" \/>Radiografie ed endoscopie di notte negli ospedali? L\u2019Emilia Romagna ci prova, terza regione in Nord Italia. Ma al momento \u00e8 solo un annuncio, e i sindacati sottolineano che non solo non sono stati convocati, ma da tre anni sui temi organizzativi non vengono sentiti dalla Regione.<\/p>\n<p>Intanto, in Veneto con un accordo sindacati \u2013regione gli ambulatori by night sono una realt\u00e0 negli ospedali e i sanitari vengono pagati 40 euro\/ora; in Lombardia si \u00e8 partiti a livello sperimentale registrando 41 mila prestazioni in 2 mesi, un boom, ma anche qui si sono registrate carenze di dialogo con i sanitri.<\/p>\n<p>A Sud del Po ci si muove a pochi giorni dalle elezioni regionali, e le dichiarazioni dell\u2019assessore alla sanit\u00e0\u00a0<strong>Charles Lusenti<\/strong><b>\u00a0<\/b>non illudono\u00a0<strong>Carlo Cordella<\/strong>, presidente Cimo Asmd Emilia Romagna. \u00abDa quando sono stati bloccati i contratti e la legge Brunetta ha tolto la concertazione \u2013 dice Cordella \u2013 la Regione non convoca i sindacati a parlare di gestione delle piante organiche e di organizzazione la Regione\u00bb.<\/p>\n<p>Che cosa direbbero a Lusenti i suoi colleghi in corsia (\u00e8 stato segretario Anaao)? \u00abChe per fare i servizi ci vogliono gli uomini, ma il personale \u00e8 contato e il blocco del turn over \u00e8 stato allentato solo in alcuni ospedali; e che occorre assumere. I mille precari che l\u2019assessore ha detto di voler stabilizzare sono un numero attendibile anche se fin qui le aziende hanno un po\u2019 tenuto \u201cmascherati i dati\u201d.<\/p>\n<p>Ci sono colleghi che vivono da 7-8 anni nell\u2019impossibilit\u00e0 di gestirsi il domani; n\u00e9 i servizi, senza di loro, possono assicurare continuit\u00e0 della produzione sanitaria o progettualit\u00e0. Ma prima di ogni cosa bisogna parlare con i sanitari; i settori sguarniti sono radiologia e cardiologia, i pazienti in screening attendono a lungo esami ordinari come la mammografia\u00bb.<\/p>\n<p>Per \u201cefficientare\u201d i servizi, <a href=\"http:\/\/www.regione.emilia-romagna.it\/notizie\/primo-piano\/sanita-220-milioni-di-euro-in-piu-per-il-2014\/delibera-n-1735-del-3-novembre-2014\" target=\"_blank\" rel=\"noopener\">l\u2019Emilia Romagna intende stanziare<\/a> 15 milioni di <a href=\"http:\/\/www.regione.emilia-romagna.it\/notizie\/primo-piano\/sanita-220-milioni-di-euro-in-piu-per-il-2014\" target=\"_blank\" rel=\"noopener\">un tesoretto di 200<\/a> per met\u00e0 dedicato ad ammodernare le strutture. \u00abMa ci sono anche strumenti contrattuali per far fronte a queste emergenze, ci sono fondi aggiuntivi da spendere, da sbloccare, e si poteva fare mesi fa. Cos\u00ec come si poteva dialogare\u2026\u00bb.<br \/>\n<strong><i>Mauro Miserendino<\/i><\/strong><\/p>","protected":false},"excerpt":{"rendered":"<p>L\u2019Emilia Romagna ci prova, terza regione in Nord Italia, dopo Veneto e Lombardia. Ma al momento \u00e8 solo un annuncio. Mercoled\u00ec, 05 Novembre 2014 \u2013 Doctor33 Radiografie ed endoscopie di notte negli ospedali? L\u2019Emilia Romagna ci prova, terza regione in Nord Italia. Ma al momento \u00e8 solo un annuncio, e i sindacati sottolineano che non &hellip;<\/p>","protected":false},"author":4,"featured_media":4870,"comment_status":"closed","ping_status":"closed","sticky":false,"template":"","format":"standard","meta":{"footnotes":""},"categories":[1],"tags":[],"class_list":["post-4867","post","type-post","status-publish","format-standard","has-post-thumbnail","hentry","category-notizie"],"amp_enabled":true,"_links":{"self":[{"href":"https:\/\/www.fedaiisf.it\/en\/wp-json\/wp\/v2\/posts\/4867","targetHints":{"allow":["GET"]}}],"collection":[{"href":"https:\/\/www.fedaiisf.it\/en\/wp-json\/wp\/v2\/posts"}],"about":[{"href":"https:\/\/www.fedaiisf.it\/en\/wp-json\/wp\/v2\/types\/post"}],"author":[{"embeddable":true,"href":"https:\/\/www.fedaiisf.it\/en\/wp-json\/wp\/v2\/users\/4"}],"replies":[{"embeddable":true,"href":"https:\/\/www.fedaiisf.it\/en\/wp-json\/wp\/v2\/comments?post=4867"}],"version-history":[{"count":0,"href":"https:\/\/www.fedaiisf.it\/en\/wp-json\/wp\/v2\/posts\/4867\/revisions"}],"wp:featuredmedia":[{"embeddable":true,"href":"https:\/\/www.fedaiisf.it\/en\/wp-json\/wp\/v2\/media\/4870"}],"wp:attachment":[{"href":"https:\/\/www.fedaiisf.it\/en\/wp-json\/wp\/v2\/media?parent=4867"}],"wp:term":[{"taxonomy":"category","embeddable":true,"href":"https:\/\/www.fedaiisf.it\/en\/wp-json\/wp\/v2\/categories?post=4867"},{"taxonomy":"post_tag","embeddable":true,"href":"https:\/\/www.fedaiisf.it\/en\/wp-json\/wp\/v2\/tags?post=4867"}],"curies":[{"name":"wp","href":"https:\/\/api.w.org\/{rel}","templated":true}]}}