{"id":49032,"date":"2020-03-30T18:33:21","date_gmt":"2020-03-30T16:33:21","guid":{"rendered":"https:\/\/www.fedaiisf.it\/?p=49032"},"modified":"2020-03-30T18:37:22","modified_gmt":"2020-03-30T16:37:22","slug":"astrazeneca-stanziati-due-milioni-di-euro-in-beni-e-servizi-di-pronto-utilizzo-a-ospedali-e-protezione-civile","status":"publish","type":"post","link":"https:\/\/www.fedaiisf.it\/en\/astrazeneca-stanziati-due-milioni-di-euro-in-beni-e-servizi-di-pronto-utilizzo-a-ospedali-e-protezione-civile\/","title":{"rendered":"AstraZeneca. Stanziati due milioni di euro in beni e servizi \u2018di pronto utilizzo\u2019 a Ospedali, Protezione Civile e Personale Sanitario"},"content":{"rendered":"<p><span style=\"color: #000000;\">Milano, 30 marzo 2020 \u2013 Un impegno a livello globale per supportare attraverso mezzi e strumenti concreti gli Ospedali e il personale medico e infermieristico che sta fronteggiando l\u2019emergenza COVID- 19. \u00c8 questo che sta facendo AstraZeneca &#8211; azienda biofarmaceutica globale impegnata nella ricerca e commercializzazione di farmaci etici in oncologia, respiratorio, cardiovascolare, renale e metabolico \u2013 che, fin dall&#8217;inizio della pandemia, sulla scorta dell\u2019esperienza condivisa dai colleghi di AstraZeneca Cina che per primi hanno affrontato l\u2019emergenza, ha concentrato i suoi interventi su donazioni alle organizzazioni sanitarie, sia in termini di contributi finanziari sia in termini di medicinali e dispositivi di protezione individuale.<\/span><\/p>\n<p><span style=\"color: #000000;\">Dall\u2019esperienza in Cina AstraZeneca ha reagito concentrando i propri sforzi nella gestione della carenza di dispositivi di protezione individuale per tutti gli operatori in prima linea nella gestione dell\u2019emergenza, donando 9 milioni di mascherine per sostenere gli operatori sanitari di tutto il mondo e sta collaborando attivamente con la COVID Action Platform del World Economic Forum, creata con il sostegno dell&#8217;Organizzazione Mondiale della Sanit\u00e0, per identificare i paesi pi\u00f9 bisognosi. L&#8217;Italia sar\u00e0 il primo paese a ricevere questa settimana la donazione di 500mila mascherine destinate alla Protezione Civile, a cui si aggiungono 100mila mascherine FFP3 donate agli ospedali della Regione Lombardia per accelerare la sua capacit\u00e0 di affrontare la crisi, insieme ad altre 100mila mascherine che verranno distribuite negli ospedali di tutta Italia.<\/span><\/p>\n<p><span style=\"color: #000000;\">Complessivamente, in Italia, AstraZeneca si sta impegnando con uno stanziamento di due milioni di euro investiti in beni e servizi. La strategia, nel breve periodo, privilegia aiuti e strumenti di immediata disponibilit\u00e0 per le organizzazioni che sono stati individuati in accordo con Ospedali, Enti e Associazioni di volontariato. A questo stanziamento sta contribuendo tutto il personale di AstraZeneca, che pu\u00f2 decidere di donare ore della propria retribuzione che l\u2019azienda si impegna a raddoppiare.<\/span><\/p>\n<p><span style=\"color: #000000;\">In questa fase sono state accolte le richieste pi\u00f9 urgenti:<\/span><\/p>\n<ul>\n<li><span style=\"color: #000000;\">Fornitura di dispositivi di protezione individuale (mascherine, guanti, camici, &#8230;)<\/span><\/li>\n<li><span style=\"color: #000000;\">Supporto ai professionisti con l\u2019organizzazione di corsi di formazione per il personale\u00a0<\/span><span style=\"color: #000000;\">sanitario sull\u2019utilizzo di ventilatori polmonari<\/span><\/li>\n<\/ul>\n<ul>\n<li><span style=\"color: #000000;\">l\u2019acquisto di ambulanze per il trasporto esclusivo di pazienti affetti da COVID-19<\/span><\/li>\n<li><span style=\"color: #000000;\">supporto psicologico a distanza per le figure professionali che in questo momento si\u00a0<\/span><span style=\"color: #000000;\">trovano in prima linea.<\/span><\/li>\n<\/ul>\n<ul>\n<li><span style=\"color: #000000;\">facilitazione della condivisione delle esperienze di gestione e trattamento dei pazienti affetti da Covid-19, attraverso l\u2019organizzazione di webinar che hanno visto coinvolte le comunit\u00e0 scientifiche italiana, cinese, spagnola, francese e tedesca<\/span><\/li>\n<li><span style=\"color: #000000;\">supporto psicologico a distanza per le persone anziane<\/span><\/li>\n<li><span style=\"color: #000000;\">messa in atto di misure volte ad assicurare la continuit\u00e0 terapeutica tanto per i pazienti oncologici come per quelli cronici<\/span><\/li>\n<\/ul>\n<p><span style=\"color: #000000;\">Oltre ai beni acquistati, i dipendenti di AstraZeneca (tutti operanti in smart working) hanno lavorato per fornire alle Associazioni Pazienti la mappatura aggiornata dei centri di cura e assistenza ancora aperti e fornendo indicazioni sulle modalit\u00e0 di accesso, informazioni semplici ma al contempo importanti per tutti quei pazienti fragili che si vedono costretti ad accedere agli ospedali.<\/span><\/p>\n<p><span style=\"color: #000000;\">Tutte queste iniziative per la gestione dell\u2019emergenza si integrano nel pi\u00f9 ampio programma per la sostenibilit\u00e0 che vede l\u2019azienda impegnata in prima linea in iniziative di responsabilit\u00e0 sociale gi\u00e0 da alcuni anni.<\/span><\/p>\n<p><span style=\"color: #000000;\">\u201cIl settore farmaceutico si \u00e8 mobilitato e sta contribuendo in maniera sostanziale a fronteggiare l\u2019emergenza. AstraZeneca sta senza dubbio facendo la sua parte per aiutare ad affrontare questa emergenza, supportando tutte le figure che, giorno dopo giorno, stanno lavorando senza sosta per la salute del nostro Paese\u201d \u2013 dichiara Lorenzo Wittum, Amministratore Delegato di AstraZeneca Italia. \u201cInsieme a loro, e sulla scorta dell\u2019esperienza condivisa dai colleghi in Cina, ci siamo concentrati sulle donazioni di dispositivi di protezione individuale e servizi di supporto per la prima emergenza stanziando due milioni di euro. Ma stiamo gi\u00e0 pensando a piani concreti per lavorare con le istituzioni sul come affrontare i mesi che verranno\u201d.<\/span><\/p>\n<p><span style=\"color: #000000;\">AstraZeneca, infatti, vuole essere al fianco delle Istituzioni quando, una volta passata l\u2019emergenza, si render\u00e0 necessario gestire le persone pi\u00f9 fragili nella loro ripresa e si impegna a supportare le iniziative di ricerca e sviluppo su nuove tecnologie diagnostiche e terapeutiche, i progetti di data science e l\u2019utilizzo della digitalizzazione nell\u2019assistenza. L\u2019intento \u00e8 contribuire affinch\u00e9 quanto sviluppato in questa emergenza possa aiutare a semplificare e migliorare il sistema sanitario sia nella costruzione di algoritmi per la gestione digitalizzata dei percorsi di assistenza per i pazienti pi\u00f9 fragili che nello studio dei fabbisogni di sanit\u00e0 pubblica del futuro.<\/span><\/p>\n<p>&nbsp;<\/p>","protected":false},"excerpt":{"rendered":"<p>Milano, 30 marzo 2020 \u2013 Un impegno a livello globale per supportare attraverso mezzi e strumenti concreti gli Ospedali e il personale medico e infermieristico che sta fronteggiando l\u2019emergenza COVID- 19. \u00c8 questo che sta facendo AstraZeneca &#8211; azienda biofarmaceutica globale impegnata nella ricerca e commercializzazione di farmaci etici in oncologia, respiratorio, cardiovascolare, renale e &hellip;<\/p>","protected":false},"author":4,"featured_media":49034,"comment_status":"closed","ping_status":"closed","sticky":false,"template":"","format":"standard","meta":{"footnotes":""},"categories":[1],"tags":[],"class_list":["post-49032","post","type-post","status-publish","format-standard","has-post-thumbnail","hentry","category-notizie"],"amp_enabled":true,"_links":{"self":[{"href":"https:\/\/www.fedaiisf.it\/en\/wp-json\/wp\/v2\/posts\/49032","targetHints":{"allow":["GET"]}}],"collection":[{"href":"https:\/\/www.fedaiisf.it\/en\/wp-json\/wp\/v2\/posts"}],"about":[{"href":"https:\/\/www.fedaiisf.it\/en\/wp-json\/wp\/v2\/types\/post"}],"author":[{"embeddable":true,"href":"https:\/\/www.fedaiisf.it\/en\/wp-json\/wp\/v2\/users\/4"}],"replies":[{"embeddable":true,"href":"https:\/\/www.fedaiisf.it\/en\/wp-json\/wp\/v2\/comments?post=49032"}],"version-history":[{"count":0,"href":"https:\/\/www.fedaiisf.it\/en\/wp-json\/wp\/v2\/posts\/49032\/revisions"}],"wp:featuredmedia":[{"embeddable":true,"href":"https:\/\/www.fedaiisf.it\/en\/wp-json\/wp\/v2\/media\/49034"}],"wp:attachment":[{"href":"https:\/\/www.fedaiisf.it\/en\/wp-json\/wp\/v2\/media?parent=49032"}],"wp:term":[{"taxonomy":"category","embeddable":true,"href":"https:\/\/www.fedaiisf.it\/en\/wp-json\/wp\/v2\/categories?post=49032"},{"taxonomy":"post_tag","embeddable":true,"href":"https:\/\/www.fedaiisf.it\/en\/wp-json\/wp\/v2\/tags?post=49032"}],"curies":[{"name":"wp","href":"https:\/\/api.w.org\/{rel}","templated":true}]}}