{"id":49093,"date":"2020-04-02T20:01:08","date_gmt":"2020-04-02T18:01:08","guid":{"rendered":"https:\/\/www.fedaiisf.it\/?p=49093"},"modified":"2020-04-03T12:45:00","modified_gmt":"2020-04-03T10:45:00","slug":"renzi-abbiamo-sbagliato-sui-generici-se-ci-sara-un-farmaco-o-un-vaccino-anti-covid-sara-merito-della-ricerca-hausermann-assogenerici-indecente","status":"publish","type":"post","link":"https:\/\/www.fedaiisf.it\/en\/renzi-abbiamo-sbagliato-sui-generici-se-ci-sara-un-farmaco-o-un-vaccino-anti-covid-sara-merito-della-ricerca-hausermann-assogenerici-indecente\/","title":{"rendered":"Renzi: &quot;We were wrong about generics, if there is a drug or an anti-covid vaccine it will be thanks to research&quot;. Hausermann (Assogeneric): &quot;Indecent&quot;"},"content":{"rendered":"<p><span style=\"color: #000000;\">Il Fatto Quotidiano riporta l\u2019intervento di ieri di Matteo Renzi durante l\u2019informativa sul Covid-19 di Roberto Speranza, ministro della Salute. \u201c<em>Per alcuni minuti<\/em> \u2013 riporta il quotidiano &#8211; \u00a0<em>ha persino elogiato il governo che ha contributo a fondare e che continua a sostenere e da cui spesso tenta di distinguersi.<\/em><\/span><\/p>\n<p><span style=\"color: #000000;\"><em><a href=\"https:\/\/www.fedaiisf.it\/wp-content\/uploads\/2014\/10\/aleotto.renzi_.jpg\"><img loading=\"lazy\" decoding=\"async\" class=\"wp-image-4432 alignright\" src=\"https:\/\/www.fedaiisf.it\/wp-content\/uploads\/2014\/10\/aleotto.renzi_.jpg\" alt=\"\" width=\"270\" height=\"238\" \/><\/a>Poi si \u00e8 esibito in una apologia dell\u2019industria farmaceutica: \u201cDovremmo riflettere ancora su come la farmaceutica aiuta lo sviluppo: l\u2019Italia \u00e8 un Paese che ha alcune tra le pi\u00f9 grandi aziende farmaceutiche al mondo e per anni abbiamo detto che erano brutte e cattive, che erano Big Pharma, che erano potenti e da ignorare. Abbiamo tutti fatto una scommessa sul farmaco generico, quando in realt\u00e0 la vittoria contro questo terribile virus, come ha spiegato il ministro, verr\u00e0 dal vaccino, cio\u00e8 dalla ricerca, dagli investimenti in questo settore<\/em>\u201d.<\/span><\/p>\n<p><span style=\"color: #000000;\">La reazione di Enrique Hausermann, presidente di Assogenerici, non si \u00e8 fatta attendere: \u201c<em>Prendiamo atto della convinzione espressa oggi in Senato dal leader di Italia Viva, Matteo Renzi, che nella risposta all&#8217;emergenza COVID-19 sia stata fatta &#8216;una scommessa sul generico, quando la risposta verr\u00e0 dal vaccino e cio\u00e8 dalla ricerca&#8217;. \u00c8 indecente parlare di scommesse. Il Senatore Renzi dovrebbe forse fare visita alle nostre aziende ed alle migliaia di collaboratori che proprio nelle aree di crisi del Nord Italia stanno facendo sforzi immani da settimane per fornire farmaci generici essenziali a tutte le terapie intensive<\/em>&#8220;<\/span><\/p>\n<p><span style=\"color: #000000;\">&#8220;<em>Su una cosa siamo d&#8217;accordo con il senatore Renzi<\/em> &#8211; conclude -, <em>la farmaceutica aiuta lo sviluppo. Tutta la farmaceutica, anche quella che lui oggi ha denigrato con affermazioni gravi e offensive, senza la quale la situazione nelle terapie intensive italiane sarebbe gravissima. Siamo felici di aver potuto fare la nostra parte. E auguriamo a chi produce vaccini di poter fare la propria. Al piu&#8217; presto. Per il bene di tutti<\/em>&#8220;.<\/span><\/p>\n<p><span style=\"color: #000000;\"><a href=\"https:\/\/www.fedaiisf.it\/wp-content\/uploads\/2019\/09\/hausermann-assogenerici.jpg\"><img loading=\"lazy\" decoding=\"async\" class=\"wp-image-46140 alignleft\" src=\"https:\/\/www.fedaiisf.it\/wp-content\/uploads\/2019\/09\/hausermann-assogenerici-1024x576.jpg\" alt=\"\" width=\"357\" height=\"201\" srcset=\"https:\/\/www.fedaiisf.it\/wp-content\/uploads\/2019\/09\/hausermann-assogenerici-1024x576.jpg 1024w, https:\/\/www.fedaiisf.it\/wp-content\/uploads\/2019\/09\/hausermann-assogenerici-300x169.jpg 300w, https:\/\/www.fedaiisf.it\/wp-content\/uploads\/2019\/09\/hausermann-assogenerici-768x432.jpg 768w, https:\/\/www.fedaiisf.it\/wp-content\/uploads\/2019\/09\/hausermann-assogenerici-1536x864.jpg 1536w, https:\/\/www.fedaiisf.it\/wp-content\/uploads\/2019\/09\/hausermann-assogenerici-390x220.jpg 390w, https:\/\/www.fedaiisf.it\/wp-content\/uploads\/2019\/09\/hausermann-assogenerici.jpg 1920w\" sizes=\"auto, (max-width: 357px) 100vw, 357px\" \/><\/a>\u00c8 evidente che Renzi parla di una cosa, la ricerca, e Hausermann risponde parlando d&#8217;altro, delle aziende di generici e non di ricerca. \u00c8 noto a tutti che i farmaci generici non sono frutto della ricerca di chi li produce, altrimenti non sarebbero generici. Quello che ci sembra pi\u00f9 importante da sottolineare \u00e8 che i principi attivi (API) dei generici sono prodotti e importati dalla Cina e dall\u2019India, che li prende in Cina. Tanto che rischiano la carenza dei principi attivi e intermedi dopo il blocco cinese per covid.<\/span><\/p>\n<p><span style=\"color: #000000;\">Da qui la protesta di Assogenerici per le difficolt\u00e0 d\u2019importazione da altri paesi fino alla soddisfazione per l&#8217;approvazione da parte del governo indiano di un pacchetto sanitario da 1,3 miliardi di dollari proprio per incrementare la produzione nazionale di ingredienti farmaceutici attivi (API), che avrebbe proprio l&#8217;obiettivo di ridurre l&#8217;attuale dipendenza totale del Paese dalla Cina per l&#8217;importazione di principi attivi e sostanze intermedie per la produzione farmaceutica.<\/span><\/p>\n<p><span style=\"color: #000000;\">Che poi i generici, e i 5 oligopolisti che ne dominano il mercato, abbiano usufruito della pubblicit\u00e0 gratuita dello Stato \u00e8 un dato di fatto, sotto gli occhi di tutti.\u00a0\u00c8 noto che lo Stato rimborsa lo stesso identico prezzi sia per il farmaco di marca sia per il farmaco generico.<\/span><\/p>\n<p>Related news:\u00a0<a href=\"https:\/\/www.ilfattoquotidiano.it\/in-edicola\/articoli\/2020\/04\/02\/la-passione-di-renzi-per-la-farmaceutica\/5757390\/\" target=\"_blank\" rel=\"noopener noreferrer\">La passione di Renzi per la farmaceutica<\/a><\/p>\n<p><a href=\"https:\/\/notizie.tiscali.it\/salute\/articoli\/coronavirus-assogenerici-sforzo-collettivo-pianeta-pharma\/\" target=\"_blank\" rel=\"noopener noreferrer\">Coronavirus, Assogenerici &#8220;Sforzo collettivo del pianeta Pharma&#8221;<\/a><\/p>\n<p><a href=\"https:\/\/www.assogenerici.it\/it\/notizie\/2915-india-pacchetto-del-governo-da-1-3-mld-rafforzera-indipendenza-da-cina-su-api.html\" target=\"_blank\" rel=\"noopener noreferrer\">India: pacchetto del governo da 1-3 mld rafforzer\u00e0 indipendenza da Cina su Api<\/a><\/p>\n<p><a href=\"https:\/\/www.agenzianova.com\/a\/5e86e0bf8fe440.37092564\/2879926\/2020-04-03\/cina-scienziati-cinesi-criticano-roche-per-aver-usato-espressione-coronavirus-di-wuhan\" target=\"_blank\" rel=\"noopener noreferrer\">Cina: scienziati cinesi criticano Roche per aver usato espressione &#8220;coronavirus di Wuhan&#8221;<\/a><\/p>\n<p>&nbsp;<\/p>","protected":false},"excerpt":{"rendered":"<p>Il Fatto Quotidiano riporta l\u2019intervento di ieri di Matteo Renzi durante l\u2019informativa sul Covid-19 di Roberto Speranza, ministro della Salute. \u201cPer alcuni minuti \u2013 riporta il quotidiano &#8211; \u00a0ha persino elogiato il governo che ha contributo a fondare e che continua a sostenere e da cui spesso tenta di distinguersi. Poi si \u00e8 esibito in &hellip;<\/p>","protected":false},"author":4,"featured_media":49095,"comment_status":"closed","ping_status":"closed","sticky":false,"template":"","format":"standard","meta":{"footnotes":""},"categories":[1],"tags":[],"class_list":["post-49093","post","type-post","status-publish","format-standard","has-post-thumbnail","hentry","category-notizie"],"amp_enabled":true,"_links":{"self":[{"href":"https:\/\/www.fedaiisf.it\/en\/wp-json\/wp\/v2\/posts\/49093","targetHints":{"allow":["GET"]}}],"collection":[{"href":"https:\/\/www.fedaiisf.it\/en\/wp-json\/wp\/v2\/posts"}],"about":[{"href":"https:\/\/www.fedaiisf.it\/en\/wp-json\/wp\/v2\/types\/post"}],"author":[{"embeddable":true,"href":"https:\/\/www.fedaiisf.it\/en\/wp-json\/wp\/v2\/users\/4"}],"replies":[{"embeddable":true,"href":"https:\/\/www.fedaiisf.it\/en\/wp-json\/wp\/v2\/comments?post=49093"}],"version-history":[{"count":0,"href":"https:\/\/www.fedaiisf.it\/en\/wp-json\/wp\/v2\/posts\/49093\/revisions"}],"wp:featuredmedia":[{"embeddable":true,"href":"https:\/\/www.fedaiisf.it\/en\/wp-json\/wp\/v2\/media\/49095"}],"wp:attachment":[{"href":"https:\/\/www.fedaiisf.it\/en\/wp-json\/wp\/v2\/media?parent=49093"}],"wp:term":[{"taxonomy":"category","embeddable":true,"href":"https:\/\/www.fedaiisf.it\/en\/wp-json\/wp\/v2\/categories?post=49093"},{"taxonomy":"post_tag","embeddable":true,"href":"https:\/\/www.fedaiisf.it\/en\/wp-json\/wp\/v2\/tags?post=49093"}],"curies":[{"name":"wp","href":"https:\/\/api.w.org\/{rel}","templated":true}]}}