{"id":49101,"date":"2020-04-03T12:37:33","date_gmt":"2020-04-03T10:37:33","guid":{"rendered":"https:\/\/www.fedaiisf.it\/?p=49101"},"modified":"2020-04-03T12:37:33","modified_gmt":"2020-04-03T10:37:33","slug":"comunicato-enasarco-briciole-agli-iscritti","status":"publish","type":"post","link":"https:\/\/www.fedaiisf.it\/en\/comunicato-enasarco-briciole-agli-iscritti\/","title":{"rendered":"Press release: Enasarco, crumbs to members."},"content":{"rendered":"<p><span style=\"color: #000000;\">Dopo pi\u00f9 di un mese dall\u2019inizio dell\u2019emergenza sanitaria, nella pi\u00f9 completa latitanza di questa maggioranza, dove non \u00e8 stato deliberato nessun intervento a sostegno degli Agenti, dei Consulenti Finanziari e delle Imprese Mandanti, il CdA dell\u2019Ente, svoltosi ieri 1\u00b0 aprile, ha deliberato come stanziare i poco pi\u00f9 di 8 milioni di euro a favore dei circa 215.000 iscritti all\u2019ente per l\u2019emergenza coronavirus.<\/span><\/p>\n<p><span style=\"color: #000000;\">La delibera \u00e8 stata assunta a maggioranza, col voto contrario di Federagenti, Fiarc, Anasf e Confesercenti, che sostengono la coalizione \u201cFare Presto\u201d e col voto invece favorevole di tutto il resto del CdA.<\/span><\/p>\n<p><span style=\"color: #000000;\"><a href=\"https:\/\/www.fedaiisf.it\/wp-content\/uploads\/2020\/03\/enasarco-elezioni-scaled-1.jpg\"><img loading=\"lazy\" decoding=\"async\" class=\"wp-image-49046 alignright\" src=\"https:\/\/www.fedaiisf.it\/wp-content\/uploads\/2020\/03\/enasarco-elezioni-scaled-1-1024x683.jpg\" alt=\"\" width=\"315\" height=\"210\" srcset=\"https:\/\/www.fedaiisf.it\/wp-content\/uploads\/2020\/03\/enasarco-elezioni-scaled-1-1024x683.jpg 1024w, https:\/\/www.fedaiisf.it\/wp-content\/uploads\/2020\/03\/enasarco-elezioni-scaled-1-300x200.jpg 300w, https:\/\/www.fedaiisf.it\/wp-content\/uploads\/2020\/03\/enasarco-elezioni-scaled-1-768x512.jpg 768w, https:\/\/www.fedaiisf.it\/wp-content\/uploads\/2020\/03\/enasarco-elezioni-scaled-1-274x183.jpg 274w, https:\/\/www.fedaiisf.it\/wp-content\/uploads\/2020\/03\/enasarco-elezioni-scaled-1-80x54.jpg 80w, https:\/\/www.fedaiisf.it\/wp-content\/uploads\/2020\/03\/enasarco-elezioni-scaled-1-130x87.jpg 130w, https:\/\/www.fedaiisf.it\/wp-content\/uploads\/2020\/03\/enasarco-elezioni-scaled-1-359x240.jpg 359w, https:\/\/www.fedaiisf.it\/wp-content\/uploads\/2020\/03\/enasarco-elezioni-scaled-1-85x57.jpg 85w, https:\/\/www.fedaiisf.it\/wp-content\/uploads\/2020\/03\/enasarco-elezioni-scaled-1-546x365.jpg 546w, https:\/\/www.fedaiisf.it\/wp-content\/uploads\/2020\/03\/enasarco-elezioni-scaled-1-165x109.jpg 165w, https:\/\/www.fedaiisf.it\/wp-content\/uploads\/2020\/03\/enasarco-elezioni-scaled-1-112x75.jpg 112w, https:\/\/www.fedaiisf.it\/wp-content\/uploads\/2020\/03\/enasarco-elezioni-scaled-1-179x120.jpg 179w, https:\/\/www.fedaiisf.it\/wp-content\/uploads\/2020\/03\/enasarco-elezioni-scaled-1-170x113.jpg 170w, https:\/\/www.fedaiisf.it\/wp-content\/uploads\/2020\/03\/enasarco-elezioni-scaled-1-81x55.jpg 81w, https:\/\/www.fedaiisf.it\/wp-content\/uploads\/2020\/03\/enasarco-elezioni-scaled-1-765x510.jpg 765w, https:\/\/www.fedaiisf.it\/wp-content\/uploads\/2020\/03\/enasarco-elezioni-scaled-1.jpg 1349w\" sizes=\"auto, (max-width: 315px) 100vw, 315px\" \/><\/a>I nostri 5 rappresentanti hanno ritenuto insignificante ed offensivo uno stanziamento cos\u00ec irrisorio &#8211; che visto l\u2019importo ed il relativo Disciplinare potr\u00e0 riguardare solo circa il 3% degli iscritti &#8211; ritenendo si dovesse fare ben altro, anche per aumentarlo, riuscendo cos\u00ec ad aiutare tutti gli iscritti. Si doveva ad esempio chiedere con pi\u00f9 forza e determinazione al Governo di poter sforare dai limiti di Bilancio (nel rispetto della sostenibilit\u00e0 dell\u2019ente) e utilizzare da subito anche gli stanziamenti previsti dai regolamenti per le \u201ccalamit\u00e0 naturali\u201d (ulteriori 2 milioni di euro) per erogare, attraverso interventi concreti, sostegni economici pi\u00f9 consistenti.<\/span><\/p>\n<p><span style=\"color: #000000;\">Come anche si doveva consentire l\u2019anticipazione del FIRR su base volontaria ed attivare un fondo di garanzia con istituti bancari, per garantire una maggiore liquidit\u00e0 agli iscritti. Mentre i 10 che hanno votato a favore lo hanno fatto al motto di \u201cmeglio questo che niente\u201d. Ma ci dovevano pensare prima. Sono gli stessi che con una delibera del 26 marzo avevano rinviato a tempo indeterminato e elezioni, con una auto-proroga del proprio posto e dei propri compensi (anche in tal caso col nostro voto contrario) in barba ad ogni pi\u00f9 elementare regola di democrazia e trasparenza.<\/span><\/p>\n<p><span style=\"color: #000000;\">In un momento come questo, servono sostegni veri attraverso procedure rapide e non frenate da contorti cavilli burocratici.<\/span><\/p>\n<p><span style=\"color: #000000;\">In un momento come questo, agli iscritti serve un CdA forte che tuteli loro e nessun altro interesse.<\/span><\/p>\n<p><span style=\"color: #000000;\">In una situazione come questa serve un nuovo CdA con pieni poteri e non un CdA in proroga che, in quanto tale, sarebbe legittimato solo atti ad di ordinaria amministrazione.<\/span><\/p>\n<p><span style=\"color: #000000;\">E proprio sulle Elezioni, ieri \u00e8 intervenuta una importante novit\u00e0: il Ministero del Lavoro, che vigila sull\u2019Enasarco, ha intimato al presidente dell\u2019ente di ripristinare immediatamente le elezioni del CdA (che si terranno quindi dal 17 al 30 aprile), dando la massima diffusione della notizia agli iscritti, ritenendo la decisione di rinviarle illegittima, irragionevole ed immotivata.<\/span><\/p>\n<p><span style=\"color: #000000;\">Quindi tra pochi giorni si voter\u00e0, ripristinando il sacrosanto diritto degli iscritti di poter votare e l\u2019altrettanto sacrosanto dovere degli amministratori di essere soggetti al giudizio delle persone cui amministrano i risparmi pensionistici.<\/span><\/p>\n<p style=\"text-align: center;\"><span style=\"color: #000000;\"><strong>Quando tra pochi giorni si voter\u00e0, ricordatevi tutto questo.<\/strong><\/span><\/p>","protected":false},"excerpt":{"rendered":"<p>Dopo pi\u00f9 di un mese dall\u2019inizio dell\u2019emergenza sanitaria, nella pi\u00f9 completa latitanza di questa maggioranza, dove non \u00e8 stato deliberato nessun intervento a sostegno degli Agenti, dei Consulenti Finanziari e delle Imprese Mandanti, il CdA dell\u2019Ente, svoltosi ieri 1\u00b0 aprile, ha deliberato come stanziare i poco pi\u00f9 di 8 milioni di euro a favore dei &hellip;<\/p>","protected":false},"author":4,"featured_media":49103,"comment_status":"closed","ping_status":"closed","sticky":false,"template":"","format":"standard","meta":{"footnotes":""},"categories":[1],"tags":[],"class_list":["post-49101","post","type-post","status-publish","format-standard","has-post-thumbnail","hentry","category-notizie"],"amp_enabled":true,"_links":{"self":[{"href":"https:\/\/www.fedaiisf.it\/en\/wp-json\/wp\/v2\/posts\/49101","targetHints":{"allow":["GET"]}}],"collection":[{"href":"https:\/\/www.fedaiisf.it\/en\/wp-json\/wp\/v2\/posts"}],"about":[{"href":"https:\/\/www.fedaiisf.it\/en\/wp-json\/wp\/v2\/types\/post"}],"author":[{"embeddable":true,"href":"https:\/\/www.fedaiisf.it\/en\/wp-json\/wp\/v2\/users\/4"}],"replies":[{"embeddable":true,"href":"https:\/\/www.fedaiisf.it\/en\/wp-json\/wp\/v2\/comments?post=49101"}],"version-history":[{"count":0,"href":"https:\/\/www.fedaiisf.it\/en\/wp-json\/wp\/v2\/posts\/49101\/revisions"}],"wp:featuredmedia":[{"embeddable":true,"href":"https:\/\/www.fedaiisf.it\/en\/wp-json\/wp\/v2\/media\/49103"}],"wp:attachment":[{"href":"https:\/\/www.fedaiisf.it\/en\/wp-json\/wp\/v2\/media?parent=49101"}],"wp:term":[{"taxonomy":"category","embeddable":true,"href":"https:\/\/www.fedaiisf.it\/en\/wp-json\/wp\/v2\/categories?post=49101"},{"taxonomy":"post_tag","embeddable":true,"href":"https:\/\/www.fedaiisf.it\/en\/wp-json\/wp\/v2\/tags?post=49101"}],"curies":[{"name":"wp","href":"https:\/\/api.w.org\/{rel}","templated":true}]}}