{"id":49194,"date":"2020-04-08T13:31:18","date_gmt":"2020-04-08T11:31:18","guid":{"rendered":"https:\/\/www.fedaiisf.it\/?p=49194"},"modified":"2020-04-08T13:34:32","modified_gmt":"2020-04-08T11:34:32","slug":"sanofi-a-federfarma-nessuna-carenza-plaquenil-ma-indisponibilita-per-eccesso-di-domanda","status":"publish","type":"post","link":"https:\/\/www.fedaiisf.it\/en\/sanofi-a-federfarma-nessuna-carenza-plaquenil-ma-indisponibilita-per-eccesso-di-domanda\/","title":{"rendered":"Sanofi to Federfarma: &quot;no Plaquenil shortage, but unavailability due to excess demand&quot;"},"content":{"rendered":"<p><span style=\"color: #000000;\">The drug Plaquenil is not in shortage today but the demand is so high that there are unavailability at wholesalers and pharmacies. This was reaffirmed by a Sanofi press release which highlights how the current request exceeds the 5 times the <a href=\"https:\/\/www.fedaiisf.it\/wp-content\/uploads\/2019\/04\/sanofi.jpg\"><img loading=\"lazy\" decoding=\"async\" class=\"wp-image-42209 alignright\" src=\"https:\/\/www.fedaiisf.it\/wp-content\/uploads\/2019\/04\/sanofi-1024x684.jpg\" alt=\"\" width=\"247\" height=\"165\" srcset=\"https:\/\/www.fedaiisf.it\/wp-content\/uploads\/2019\/04\/sanofi-1024x684.jpg 1024w, https:\/\/www.fedaiisf.it\/wp-content\/uploads\/2019\/04\/sanofi-300x200.jpg 300w, https:\/\/www.fedaiisf.it\/wp-content\/uploads\/2019\/04\/sanofi-768x513.jpg 768w, https:\/\/www.fedaiisf.it\/wp-content\/uploads\/2019\/04\/sanofi-1536x1025.jpg 1536w, https:\/\/www.fedaiisf.it\/wp-content\/uploads\/2019\/04\/sanofi-274x183.jpg 274w, https:\/\/www.fedaiisf.it\/wp-content\/uploads\/2019\/04\/sanofi-364x245.jpg 364w, https:\/\/www.fedaiisf.it\/wp-content\/uploads\/2019\/04\/sanofi-80x54.jpg 80w, https:\/\/www.fedaiisf.it\/wp-content\/uploads\/2019\/04\/sanofi-130x87.jpg 130w, https:\/\/www.fedaiisf.it\/wp-content\/uploads\/2019\/04\/sanofi-359x240.jpg 359w, https:\/\/www.fedaiisf.it\/wp-content\/uploads\/2019\/04\/sanofi-85x57.jpg 85w, https:\/\/www.fedaiisf.it\/wp-content\/uploads\/2019\/04\/sanofi-546x365.jpg 546w, https:\/\/www.fedaiisf.it\/wp-content\/uploads\/2019\/04\/sanofi-266x179.jpg 266w, https:\/\/www.fedaiisf.it\/wp-content\/uploads\/2019\/04\/sanofi-165x109.jpg 165w, https:\/\/www.fedaiisf.it\/wp-content\/uploads\/2019\/04\/sanofi-347x233.jpg 347w, https:\/\/www.fedaiisf.it\/wp-content\/uploads\/2019\/04\/sanofi-112x75.jpg 112w, https:\/\/www.fedaiisf.it\/wp-content\/uploads\/2019\/04\/sanofi-179x120.jpg 179w, https:\/\/www.fedaiisf.it\/wp-content\/uploads\/2019\/04\/sanofi-170x113.jpg 170w, https:\/\/www.fedaiisf.it\/wp-content\/uploads\/2019\/04\/sanofi-81x55.jpg 81w, https:\/\/www.fedaiisf.it\/wp-content\/uploads\/2019\/04\/sanofi-765x510.jpg 765w, https:\/\/www.fedaiisf.it\/wp-content\/uploads\/2019\/04\/sanofi.jpg 2048w\" sizes=\"auto, (max-width: 247px) 100vw, 247px\" \/><\/a>historical average consumption with a constantly growing trend.<\/span><\/p>\n<p><span style=\"color: #000000;\">At this juncture, in order to meet all the requests received, Sanofi requires significant support from healthcare professionals to rationalize the use of the medicine: reserving the use of PLAQUENIL only in cases where it is considered essential, to guarantee the therapeutic continuity; avoiding hoarding by virtue of the fact that the medicine is available only on medical prescription; avoiding stock accumulation; reminding those who prescribe Plaquenil for the treatment of COVID-19 patients to promptly transmit to the AIFA pre-authorization area the data relating to patients treated according to the methods indicated on the AIFA \u00abCOVID-19 Emergency\u00bb website, at the following address<\/span>: <a href=\"https:\/\/www.aifa.gov.it\/emergenza-covid-19\" target=\"_blank\" rel=\"noopener noreferrer\">https:\/\/www.aifa.gov.it\/emergenza-covid-19<\/a>, <span style=\"color: #000000;\">as required by the Resolution<\/span> 17 <a href=\"https:\/\/www.fedaiisf.it\/wp-content\/uploads\/2020\/04\/D.Lgs_.-21906-art.-105.4.jpeg\"><img loading=\"lazy\" decoding=\"async\" class=\"size-full wp-image-49196 alignleft\" src=\"https:\/\/www.fedaiisf.it\/wp-content\/uploads\/2020\/04\/D.Lgs_.-21906-art.-105.4.jpeg\" alt=\"\" width=\"407\" height=\"174\" srcset=\"https:\/\/www.fedaiisf.it\/wp-content\/uploads\/2020\/04\/D.Lgs_.-21906-art.-105.4.jpeg 407w, https:\/\/www.fedaiisf.it\/wp-content\/uploads\/2020\/04\/D.Lgs_.-21906-art.-105.4-300x128.jpeg 300w\" sizes=\"auto, (max-width: 407px) 100vw, 407px\" \/><\/a><span style=\"color: #000000;\">March 2020.<\/span><\/p>\n<p>P<span style=\"color: #000000;\">For urgent needs, the press release invites healthcare professionals and all operators to refer to the Customer Service toll-free number at no. 800-103330 or to the e-mail address<\/span> <a href=\"mailto:customerservice.farmacie@sanofi.com\" target=\"_blank\" rel=\"noopener noreferrer\">customerservice.farmacie@sanofi.com<\/a> p<span style=\"color: #000000;\">To receive instructions to place a dedicated direct order (according to the real needs of the patient) according to Legislative Decree 219 art. 105 paragraph 4.<\/span><\/p>\n<p><span style=\"color: #000000;\">Finally, Sanofi underlines that the quantities of medicine necessary for the treatment of COVID-19 patients will be available on the hospital channel and dispensed from hospital pharmacies, as per Det. AIFA no. DG 258 of 17.3.2020 published in the Official Journal no. 69 of 17.3.2020.<\/span><\/p>\n<p><a href=\"https:\/\/www.federfarma.it\/Edicola\/Filodiretto\/VediNotizia.aspx?id=21126\" target=\"_blank\" rel=\"noopener noreferrer\">Federfarma 8 April 2020<\/a><\/p>\n<hr \/>\n<h1 style=\"text-align: center;\"><a href=\"https:\/\/www.sanofi.it\/it\/mediaroom\/news\/Idrossiclorochina\" target=\"_blank\" rel=\"noopener noreferrer\">Sanofi. About hydroxychloroquine<\/a><\/h1>\n<p><strong>April 6 update<\/strong> \u2013 In recent days we have recorded a significant increase in reports of a lack of hydroxychloroquine in pharmacies due to an ever-increasing demand for the drug and tension in the distribution chain. All of this is taking the form of temporary supply difficulties for wholesalers and pharmacies throughout the country.<\/p>\n<p><a href=\"https:\/\/www.fedaiisf.it\/wp-content\/uploads\/2020\/04\/Sanofi-facciamo-chiarezza.jpeg\"><img loading=\"lazy\" decoding=\"async\" class=\"size-full wp-image-49198 alignright\" src=\"https:\/\/www.fedaiisf.it\/wp-content\/uploads\/2020\/04\/Sanofi-facciamo-chiarezza.jpeg\" alt=\"\" width=\"370\" height=\"451\" srcset=\"https:\/\/www.fedaiisf.it\/wp-content\/uploads\/2020\/04\/Sanofi-facciamo-chiarezza.jpeg 370w, https:\/\/www.fedaiisf.it\/wp-content\/uploads\/2020\/04\/Sanofi-facciamo-chiarezza-246x300.jpeg 246w\" sizes=\"auto, (max-width: 370px) 100vw, 370px\" \/><\/a>We are aware of the continuation of this situation which is also a source of great concern for us. In fact, although, to date, considering the therapeutic needs, we do not detect a shortage problem, we find a growing difficulty in satisfying all the requests since they have increased exponentially. In March alone, Sanofi distributed more than double the usual average quantities on the market (283,000 packs against the usual 130,000). In recent days, the average number of packages requested has exceeded 25,000 per day.<\/p>\n<p>Globally, we have implemented additional sourcing efforts to meet growing product demand, increasing our manufacturing and distribution capabilities. Thanks to these efforts we are continuing to supply hospitals and pharmacies.<\/p>\n<p>Despite the complex health emergency linked to COVID-19<sup>1<\/sup> we are at the forefront to ensure therapeutic continuity for patients suffering from rheumatoid arthritis and SLE (systemic lupus erythematosus) for which this drug is indicated. For them we are proceeding with an emergency distribution and shipment which is activated by the single pharmacy upon presentation of the medical prescription of the drug for chronic therapy.<\/p>\n<p>At the same time we are cooperating with patient associations, doctors, pharmacists and institutions to ensure the availability of the drug, in an appropriate manner, to the people who need it, avoiding unnecessary hoarding phenomena as much as possible.<br \/>\nWith the aim of ensuring maximum listening to patients and healthcare professionals, we are activating an additional service <strong>Specific Customer Service for this product dedicated to pharmacies and hospitals<\/strong>.<br \/>\nFurthermore, we have strengthened the existing call services, including that of <strong>Medical Information aimed at patients <\/strong>(tel. 800 536389 \u2013 <a href=\"mailto:informazioni.medicoscientifiche@sanofi.com\" target=\"_blank\" rel=\"noopener noreferrer\">informazioni.medicoscientifiche@sanofi.com<\/a>) so that we can provide all the necessary multi-channel support. These services can count on the support of colleagues from other company functions who have made themselves available to enhance the service and make it more efficient.<\/p>\n<p>We invite those who find themselves in an extremely urgent situation and are unable to find the drug to rely on their doctor and pharmacist to find the most appropriate solution.<br \/>\nSanofi also wishes to remind you that hydroxychloroquine is a drug that can be dispensed only and exclusively on medical prescription and under medical supervision, considering the possible adverse events. AIFA has authorized its reimbursement for the treatment of patients affected by COVID-19 under specific conditions: in addition to the diagnosis of COVID-19, the product must only be dispensed by hospital pharmacies which are required to promptly send the Italian Medicines Agency the data relating to patients treated with the medicine. AIFA also reiterated that prophylaxis use should only be considered in the context of clinical trials.<br \/>\nBased on the currently available data relating to the therapeutic needs both for rheumatic diseases and for the diagnosis of COVID-19, the availability of hydroxychloroquine for prescriptions in an appropriate regime is <a href=\"https:\/\/www.fedaiisf.it\/wp-content\/uploads\/2020\/04\/AIFA-Determina-idrossiclorochina.jpeg\"><img loading=\"lazy\" decoding=\"async\" class=\"wp-image-49201 alignleft\" src=\"https:\/\/www.fedaiisf.it\/wp-content\/uploads\/2020\/04\/AIFA-Determina-idrossiclorochina.jpeg\" alt=\"\" width=\"367\" height=\"501\" srcset=\"https:\/\/www.fedaiisf.it\/wp-content\/uploads\/2020\/04\/AIFA-Determina-idrossiclorochina.jpeg 563w, https:\/\/www.fedaiisf.it\/wp-content\/uploads\/2020\/04\/AIFA-Determina-idrossiclorochina-220x300.jpeg 220w\" sizes=\"auto, (max-width: 367px) 100vw, 367px\" \/><\/a>ensured in sufficient quantities.<br \/>\nIn this situation of great health emergency, we appeal to everyone&#039;s responsibility to ensure the appropriate methods of using the drug, to avoid any form of &quot;do-it-yourself&quot; use of the drug, and to avoid unnecessary hoarding and family stockpiling practices.<\/p>\n<p class=\"osw-textsmall\"><sup>1<\/sup>Sanofi specifies that the use of hydroxychloroquine in the treatment of patients with COVID-19 is to be considered off-indication (so-called off-label), as the preliminary data of several independent studies require further analyzes and larger and more robust clinical studies to be able to confirm the benefit\/risk profile of hydroxychloroquine for this use.<br \/>\nIn Italy, on 17 March the Technical-Scientific Commission of the Italian Medicines Agency (AIFA) had expressed a positive opinion on the use of hydroxychloroquine for the treatment of infections caused by the new SARS-CoV2 coronavirus. With the Official Gazette of March 17, hydroxychloroquine was authorized for the treatment of patients suffering from COVID-19 and included in the list of drugs paid by the National Health Service for this use. The product must be dispensed by hospital pharmacies. Furthermore, the prescribing structure is obliged to promptly transmit to AIFA the data relating to patients treated with the drug according to the methods indicated in the appropriate section of the AIFA institutional website \u00abCOVID-19 Emergency\u00bb, at the following address: <a href=\"https:\/\/www.aifa.gov.it\/emergenza-covid-19\" target=\"_blank\" rel=\"noopener noreferrer\">https:\/\/www.aifa.gov.it\/emergenza-covid-19<\/a><\/p>\n<p>&nbsp;<\/p>","protected":false},"excerpt":{"rendered":"<p>Il farmaco Plaquenil oggi non \u00e8 in carenza ma la richiesta \u00e8 talmente elevata che si verificano indisponibilit\u00e0 presso grossisti e farmacie. Lo ribadisce un comunicato Sanofi che evidenzia come la richiesta attuale supera di 5 volte il consumo medio storico con un trend in costante crescita. In tale frangente, per fare fronte a tutte &hellip;<\/p>","protected":false},"author":4,"featured_media":49199,"comment_status":"closed","ping_status":"closed","sticky":false,"template":"","format":"standard","meta":{"footnotes":""},"categories":[1],"tags":[],"class_list":["post-49194","post","type-post","status-publish","format-standard","has-post-thumbnail","hentry","category-notizie"],"amp_enabled":true,"_links":{"self":[{"href":"https:\/\/www.fedaiisf.it\/en\/wp-json\/wp\/v2\/posts\/49194","targetHints":{"allow":["GET"]}}],"collection":[{"href":"https:\/\/www.fedaiisf.it\/en\/wp-json\/wp\/v2\/posts"}],"about":[{"href":"https:\/\/www.fedaiisf.it\/en\/wp-json\/wp\/v2\/types\/post"}],"author":[{"embeddable":true,"href":"https:\/\/www.fedaiisf.it\/en\/wp-json\/wp\/v2\/users\/4"}],"replies":[{"embeddable":true,"href":"https:\/\/www.fedaiisf.it\/en\/wp-json\/wp\/v2\/comments?post=49194"}],"version-history":[{"count":0,"href":"https:\/\/www.fedaiisf.it\/en\/wp-json\/wp\/v2\/posts\/49194\/revisions"}],"wp:featuredmedia":[{"embeddable":true,"href":"https:\/\/www.fedaiisf.it\/en\/wp-json\/wp\/v2\/media\/49199"}],"wp:attachment":[{"href":"https:\/\/www.fedaiisf.it\/en\/wp-json\/wp\/v2\/media?parent=49194"}],"wp:term":[{"taxonomy":"category","embeddable":true,"href":"https:\/\/www.fedaiisf.it\/en\/wp-json\/wp\/v2\/categories?post=49194"},{"taxonomy":"post_tag","embeddable":true,"href":"https:\/\/www.fedaiisf.it\/en\/wp-json\/wp\/v2\/tags?post=49194"}],"curies":[{"name":"wp","href":"https:\/\/api.w.org\/{rel}","templated":true}]}}