{"id":49289,"date":"2020-11-03T12:33:42","date_gmt":"2020-11-03T11:33:42","guid":{"rendered":"https:\/\/www.fedaiisf.it\/?p=49289"},"modified":"2020-11-03T12:37:30","modified_gmt":"2020-11-03T11:37:30","slug":"emergenza-covid-le-regioni-che-hanno-ancora-in-vigore-norme-restrittive-per-isf-sono-6","status":"publish","type":"post","link":"https:\/\/www.fedaiisf.it\/en\/emergenza-covid-le-regioni-che-hanno-ancora-in-vigore-norme-restrittive-per-isf-sono-6\/","title":{"rendered":"COVID emergency. Regional resolutions on ISF activity"},"content":{"rendered":"<p><span style=\"color: #000000;\">Le regioni che hanno deliberato sulla ripresa dell&#8217;attivit\u00e0 di informazione scientifica sono:<\/span><\/p>\n<p style=\"text-align: center;\"><span style=\"font-size: 18px;\"><strong><a href=\"https:\/\/www.regione.abruzzo.it\/system\/files\/atti-presidenziali\/2020\/ordinanza-n-74-2020.pdf\" target=\"_blank\" rel=\"noopener noreferrer\">Abruzzo ordinanza n.74<\/a>: attivit\u00e0 ISF dal 15 giugno. <a href=\"https:\/\/www.regione.abruzzo.it\/system\/files\/atti-presidenziali\/2020\/protocolli-ordinanza-n-74-2020.pdf\" target=\"_blank\" rel=\"noopener noreferrer\">Attached<\/a> <span style=\"text-decoration: underline;\">pag. 283<\/span><\/strong><\/span><\/p>\n<p style=\"text-align: center;\"><a href=\"https:\/\/www.regione.basilicata.it\/giuntacma\/\/files\/docs\/DOCUMENT_FILE_3066099.pdf\" target=\"_blank\" rel=\"noopener noreferrer\"><strong><span style=\"font-size: 18px;\">Basilicata attivit\u00e0<\/span><span style=\"font-size: 18px;\">\u00a0ISF secondo linee guida<\/span><\/strong><\/a>\u00a0&#8211; <a href=\"https:\/\/www.fedaiisf.it\/en\/basilicata-dal-15-giugno-ripresa-attivita-isf-in-presenza-se-non-e-possibile-da-remoto\/\" target=\"_blank\" rel=\"noopener noreferrer\">Disposizioni operative<\/a><\/p>\n<p style=\"text-align: center;\"><strong><span style=\"font-size: 18px;\"><a href=\"https:\/\/portale.regione.calabria.it\/website\/portalmedia\/decreti\/2020-06\/Ordinanza%20P.G.R.%20n.%2051_2020.pdf\" target=\"_blank\" rel=\"noopener noreferrer\">Calabria ISF dal 15 giugno secondo linee guida<\/a> &#8211; (<a href=\"https:\/\/portale.regione.calabria.it\/website\/portalmedia\/decreti\/2020-06\/Allegato-Ordinanza-P.G.R.-n.-51_2020.pdf\" target=\"_blank\" rel=\"noopener noreferrer\">All.: A<\/a>)<\/span><\/strong><\/p>\n<p style=\"text-align: center;\"><a href=\"https:\/\/www.fedaiisf.it\/en\/calabria-fedaiisf-cosenza-alla-presidente-della-regione-chiediamo-indicazioni-sulla-ripresa-della-nostra-attivita\/\" target=\"_blank\" rel=\"noopener noreferrer\">FIMP Cosenza dal 1 luglio<\/a><\/p>\n<p style=\"text-align: center;\"><a href=\"http:\/\/www.regione.campania.it\/assets\/documents\/all-6-nota-informatori-scientifici-farmaco.pdf\" target=\"_blank\" rel=\"noopener noreferrer\"><span style=\"font-size: 18px;\"><strong>Campania\u00a0da subito secondo linee guida Conferenza Regioni<\/strong><\/span><\/a>\u00a0&#8211; <a href=\"https:\/\/www.fedaiisf.it\/en\/napoli-apertura-allospedale-del-mare-accesso-degli-isf-su-appuntamento\/\" target=\"_blank\" rel=\"noopener noreferrer\">Ospedale del Mare: ISF su appuntamento<\/a><\/p>\n<p style=\"text-align: center;\"><a href=\"https:\/\/www.fedaiisf.it\/en\/emilia-romagna-attivita-isf-dal-9-giugno-in-presenza-secondo-linee-guida-se-le-condizioni-lo-consentono\/\" target=\"_blank\" rel=\"noopener noreferrer\"><strong><span style=\"font-size: 18px;\">AND<\/span><\/strong><strong><span style=\"font-size: 18px;\">milia Romagna dal 9 giugno in presenza secondo linee guida se le condizioni lo consentono<\/span><\/strong><\/a><\/p>\n<p style=\"text-align: center;\"><a href=\"http:\/\/www.regione.fvg.it\/rafvg\/export\/sites\/default\/RAFVG\/salute-sociale\/COVID19\/allegati\/Ordinanza_16_PC_FVG_dd_03_06_2020.pdf\" target=\"_blank\" rel=\"noopener noreferrer\"><span style=\"font-size: 18px;\"><strong>Friuli Venezia Giulia ripresa secondo linee guida<\/strong><\/span><\/a>\u00a0&#8211; <a href=\"https:\/\/asugi.sanita.fvg.it\/export\/sites\/aas1\/it\/documenti\/all_prof\/infscient_reg_info_med_scient_acc_inf-spec.pdf\" target=\"_blank\" rel=\"noopener noreferrer\"><span style=\"font-size: 18px;\">Strutture ASUGI<\/span><\/a><\/p>\n<p style=\"text-align: center;\"><a href=\"https:\/\/www.fedaiisf.it\/en\/regione-lazio-ufficialmente-protocollato-il-provvedimento-di-sospensione-per-tutto-maggio-attivita-isf\/\" target=\"_blank\" rel=\"noopener noreferrer\"><strong><span style=\"font-size: 18px;\">Lazio 3 giugno<\/span><\/strong><\/a>\u00a0&#8211; <span style=\"font-size: 18px;\"><a href=\"http:\/\/www.regione.lazio.it\/rl\/coronavirus\/wp-content\/uploads\/sites\/72\/Ordinanza-Z00043-27-05-2020.pdf\" target=\"_blank\" rel=\"noopener noreferrer\">Secondo linee guida Conferenza delle Regioni<\/a><\/span> (pag. 44)<\/p>\n<p style=\"text-align: center;\"><a href=\"https:\/\/www.fedaiisf.it\/wp-content\/uploads\/2020\/05\/Lazio-ISF-nelle-strutture-per-via-telematica-fino-al-30-giugno.pdf\" target=\"_blank\" rel=\"noopener noreferrer\">Lazio ISF nelle strutture per via telematica fino al 30 giugno<\/a><\/p>\n<p style=\"text-align: center;\"><a href=\"https:\/\/www.regione.liguria.it\/components\/com_publiccompetitions\/includes\/download.php?id=40860:ordinanza-34-2020.pdf\" target=\"_blank\" rel=\"noopener noreferrer\"><strong><span style=\"font-size: 18px;\">Liguria dal 26 maggio secondo Linee Guida della Conferenza delle Regioni<\/span><\/strong><\/a><\/p>\n<p style=\"text-align: center;\"><strong><span style=\"font-size: 18px;\"><a href=\"https:\/\/www.regione.lombardia.it\/wps\/wcm\/connect\/8273fc8e-743e-4642-b941-cbcdbdd81721\/ORDINANZA_620_del_16_ottobre_2020.pdf?MOD=AJPERES&amp;CACHEID=ROOTWORKSPACE-8273fc8e-743e-4642-b941-cbcdbdd81721-nkSa84R\" target=\"_blank\" rel=\"noopener noreferrer\">Lombardia ordinanza 620<\/a>\u00a0&#8211; <a href=\"https:\/\/www.regione.lombardia.it\/wps\/wcm\/connect\/0b81c6f4-2203-4d41-b000-56b9f3e323ad\/ALLEGATO_1_OPGR.pdf?MOD=AJPERES&amp;CACHEID=ROOTWORKSPACE-0b81c6f4-2203-4d41-b000-56b9f3e323ad-nkSa850\" target=\"_blank\" rel=\"noopener noreferrer\">All. 1: secondo linee guida <\/a><\/span><\/strong><span style=\"font-size: 18px;\">(pag. 40)<\/span><\/p>\n<p style=\"text-align: center;\"><a href=\"https:\/\/www.fedaiisf.it\/wp-content\/uploads\/2020\/05\/Marche.-Privilegiare-attivit\u00e0-ISF-da-remoto-di-persona-se-necessario-previo-appuntamento-e-tracciamento.pdf\" target=\"_blank\" rel=\"noopener noreferrer\"><span style=\"font-size: 18px;\"><strong>Marche. Privilegiare attivit\u00e0 ISF da remoto, di persona se necessario previo appuntamento e tracciamento<\/strong><\/span><\/a><\/p>\n<p style=\"text-align: center;\"><strong><span style=\"font-size: 18px;\"><a href=\"https:\/\/cloud.urbi.it\/urbi\/progs\/urp\/fecore02.sto?DOCORE_testata=19189544&amp;DOCORE_versione=6&amp;FNSTR=NYJMGR_VCGXFFF_20139197667352801747331222865993.KYW&amp;DB_NAME=l1200158&amp;ContestoChk=DE\" target=\"_blank\" rel=\"noopener noreferrer\">Molise<\/a> &#8211; Come linee guida: <a href=\"http:\/\/webfiles.regione.molise.it\/burm\/integrali\/2016\/BURM-2020-55-ES.pdf\" target=\"_blank\" rel=\"noopener noreferrer\">Attachment 1<\/a><\/span><\/strong><\/p>\n<p style=\"text-align: center;\"><span style=\"font-size: 18px;\"><strong><a href=\"https:\/\/www.regione.piemonte.it\/web\/sites\/default\/files\/media\/documenti\/2020-06\/decreto_del_presidente_della_giunta_regionale_n._68_-_13_giugno_2020.pdf\" target=\"_blank\" rel=\"noopener noreferrer\">Piemonte D. 68<\/a> &#8211; Secondo linee guida: <a href=\"https:\/\/www.regione.piemonte.it\/web\/sites\/default\/files\/media\/documenti\/2020-05\/linee_guida_per_la_riapertura_delle_attivita_economiche_e_produttive_-_16_maggio.pdf\" target=\"_blank\" rel=\"noopener noreferrer\">Attachment 1<\/a><\/strong><\/span>\u00a0&#8211; <a href=\"https:\/\/www.fedaiisf.it\/wp-content\/uploads\/2020\/08\/RIPRESA-ATTIVITA-INFORMATORI-SCIENTIFICI-DEL-FARMACO-prot-25410-del-4-agosto-2020-.pdf\" target=\"_blank\" rel=\"noopener noreferrer\">Ripresa Attivit\u00e0 ISF 4 agosto 2020<\/a><\/p>\n<p style=\"text-align: center;\"><a href=\"https:\/\/www.fedaiisf.it\/en\/regione-puglia-revoca-restrizioni-di-accesso-per-isf\/\" target=\"_blank\" rel=\"noopener noreferrer\"><strong><span style=\"font-size: 18px;\">Puglia\u00a0libero accesso da 11 maggio, preferibilmente da remoto<\/span><\/strong><\/a><\/p>\n<p style=\"text-align: center;\"><span style=\"font-size: 18px;\"><strong>Sardegna.<\/strong><\/span>\u00a0&#8211; <strong><span style=\"font-size: 18px;\"><a href=\"https:\/\/delibere.regione.sardegna.it\/protected\/51414\/0\/def\/ref\/DBR51389\/\" target=\"_blank\" rel=\"noopener noreferrer\">delibera del 17 luglio 2020 n. 36\/17\u00a0Ripresa dell\u2019attivit\u00e0 degli informatori scientifici del farmaco (ISF) presso gli ospedali.<\/a><\/span><\/strong><\/p>\n<p style=\"text-align: center;\"><a href=\"https:\/\/www.fedaiisf.it\/en\/sicilia-attivita-isf-revoca-disposizione-precedente-puo-iniziare-da-subito-subordinato-pero-alle-disposizioni-delle-strutture\/\" target=\"_blank\" rel=\"noopener noreferrer\"><strong><span style=\"font-size: 18px;\">Sicilia secondo linee guida e secondo le limitazioni delle strutture<\/span><\/strong><\/a><\/p>\n<p style=\"text-align: center;\"><a href=\"http:\/\/www301.regione.toscana.it\/bancadati\/atti\/Contenuto.xml?id=5254969&amp;nomeFile=Ordinanza_del_Presidente_n.65_del_10-06-2020-Allegato-1\" target=\"_blank\" rel=\"noopener noreferrer\"><span style=\"font-size: 18px;\"><strong>Toscana dal 27 maggio secondo linee guida Conferenza delle Regioni<\/strong><\/span><\/a><\/p>\n<p style=\"text-align: center;\"><span style=\"font-size: 16px;\"><a href=\"https:\/\/www.fedaiisf.it\/en\/ospedali-ausl-toscana-sud-est-accesso-isf-con-mascherina-guanti-igienizzazione-mani\/\" target=\"_blank\" rel=\"noopener noreferrer\">Toscana Sud Est &#8211; Ospedali accesso con guanti e mascherina<\/a><\/span><\/p>\n<p style=\"text-align: center;\"><span style=\"font-size: 18px;\"><strong><a href=\"http:\/\/www.regione.umbria.it\/documents\/18\/20831395\/ORDINANZA_29.pdf\/a5818efc-e416-400b-a6c0-3d0065fd3e00\" target=\"_blank\" rel=\"noopener noreferrer\">Umbria:<\/a> secondo linee guida &#8211; <a href=\"http:\/\/www.regione.umbria.it\/documents\/18\/20831395\/Linee+guidaper+riapertura+Attivit\u00e0%20Economiche+Produttive.pdf\/f5f043b6-bf53-4ae6-a15c-3a59145f37e6\" target=\"_blank\" rel=\"noopener noreferrer\">All.: 1<\/a><\/strong><\/span><\/p>\n<p style=\"text-align: center;\"><span style=\"font-size: 18px;\"><strong>Veneto: <a href=\"https:\/\/bur.regione.veneto.it\/BurvServices\/pubblica\/DettaglioOrdinanzaPGR.aspx?id=431013\" target=\"_blank\" rel=\"noopener noreferrer\">Ordinanza 141 del 17\/10\/2020<\/a> &#8211; <a href=\"https:\/\/www.gazzettaufficiale.it\/atto\/serie_generale\/caricaArticolo?art.versione=1&amp;art.idGruppo=0&amp;art.flagTipoArticolo=9&amp;art.codiceRedazionale=20A05563&amp;art.idArticolo=1&amp;art.idSottoArticolo=1&amp;art.idSottoArticolo1=10&amp;art.dataPubblicazioneGazzetta=2020-10-13&amp;art.progressivo=0#art\" target=\"_blank\" rel=\"noopener noreferrer\">attivit\u00e0 ISF come da linee guida<\/a><\/strong><\/span><\/p>\n<p style=\"text-align: center;\"><a href=\"http:\/\/www.provincia.bz.it\/sicurezza-protezione-civile\/protezione-civile\/coronavirus-downloads-documenti-da-scaricare.asp?publ_action=300&amp;publ_image_id=531693\" target=\"_blank\" rel=\"noopener noreferrer\">Provincia autonoma di Bolzano rinvio ai provvedimenti nazionali<\/a><\/p>\n<p style=\"text-align: center;\"><a href=\"https:\/\/www.fedaiisf.it\/wp-content\/uploads\/2020\/06\/Delibera-799-Provincia-Trento.pdf\" target=\"_blank\" rel=\"noopener noreferrer\"><strong><span style=\"font-size: 18px;\">Trento &#8211; ISF dal 15 giugno secondo linee guida<\/span><\/strong><\/a>\u00a0&#8211; <span style=\"font-size: 18px;\"><strong><a href=\"https:\/\/www.fedaiisf.it\/wp-content\/uploads\/2020\/06\/APSS-Trento-Att.-ISF.pdf\" target=\"_blank\" rel=\"noopener noreferrer\">APSS Operativit\u00e0<\/a><\/strong><\/span><\/p>\n<p style=\"text-align: center;\"><strong><span style=\"font-size: 18px;\"><a href=\"https:\/\/www.regione.vda.it\/allegato.aspx?pk=5703\" target=\"_blank\" rel=\"noopener noreferrer\">Valle D&#8217;Aosta<\/a> &#8211; <a href=\"https:\/\/www.regione.vda.it\/notizieansa\/details_i.asp?id=350645\" target=\"_blank\" rel=\"noopener noreferrer\">Update<\/a> guidelines<\/span><\/strong><\/p>\n<h3 style=\"text-align: center;\"><span style=\"color: #000000;\"><a href=\"https:\/\/www.fedaiisf.it\/wp-content\/uploads\/2020\/10\/Speciale-disposizioni-attivita-ISF-23-ottobre-2020.pdf\" target=\"_blank\" rel=\"noopener noreferrer\">Speciale-disposizioni-attivita-ISF-27-ottobre-2020 &#8211; aggiornamento<\/a><\/span><\/h3>\n<p style=\"text-align: center;\"><span style=\"color: #000000;\">Conferenza delle Regioni e delle Province autonome<\/span>:\u00a0<a href=\"https:\/\/www.fedaiisf.it\/wp-content\/uploads\/2020\/05\/Linee-Guida-per-la-riapertura-delle-Attivit\u00e0-Economiche-e-Produttive.-2020-05-22-Emergenza-COVID-19-Fase-2.pdf\" target=\"_blank\" rel=\"noopener noreferrer\"><strong><span style=\"font-size: 18px;\">Linee Guida per la riapertura delle Attivit\u00e0 Economiche e Produttive<\/span>.<\/strong> 2020-05-22 -Emergenza-COVID-19-Fase-2<\/a>: <span style=\"color: #000000;\">privilegiare attivit\u00e0 da remoto, in presenza previo appuntamento concordato<\/span><\/p>\n<p id=\"art21310\" style=\"text-align: center;\"><a title=\"Linee Guida attivit\u00e0 economiche, produttive e ricreative integrate e aggiornate\" href=\"http:\/\/www.regioni.it\/newsletter\/n-3858\/del-10-06-2020\/linee-guida-attivita-economiche-produttive-e-ricreative-integrate-e-aggiornate-21310\/\" target=\"_blank\" rel=\"noopener noreferrer\">Linee Guida attivit\u00e0 economiche, produttive e ricreative integrate e aggiornate<\/a>\u00a0(aggiornamento 10\/06\/2020 &#8211; Nessuna variazione per ISF)<\/p>\n<p style=\"text-align: center;\"><a href=\"http:\/\/www.regioni.it\/download\/conferenze\/619846\/\" target=\"_blank\" rel=\"noopener noreferrer\">Linee guida per la riapertura delle Attivit\u00e0 Economiche, Produttive e Ricreative<\/a> (aggiornato a 8 ottobre 2020 &#8211; Nessuna variazione per ISF)<\/p>\n<p>&nbsp;<\/p>\n<p style=\"text-align: center;\"><a href=\"http:\/\/www.protezionecivile.gov.it\/attivita-rischi\/rischio-sanitario\/emergenze\/coronavirus\/normativa-emergenza-coronavirus\" target=\"_blank\" rel=\"noopener noreferrer\">Normativa emergenza Coronavirus<\/a><\/p>\n<p>&nbsp;<\/p>\n<hr \/>\n<p><a href=\"https:\/\/www.fedaiisf.it\/wp-content\/uploads\/2020\/10\/Disposizioni-regionali-covid-al-13-ottobre.jpeg\"><img loading=\"lazy\" decoding=\"async\" class=\"size-full wp-image-53839 aligncenter\" src=\"https:\/\/www.fedaiisf.it\/wp-content\/uploads\/2020\/10\/Disposizioni-regionali-covid-al-13-ottobre.jpeg\" alt=\"\" width=\"699\" height=\"923\" srcset=\"https:\/\/www.fedaiisf.it\/wp-content\/uploads\/2020\/10\/Disposizioni-regionali-covid-al-13-ottobre.jpeg 699w, https:\/\/www.fedaiisf.it\/wp-content\/uploads\/2020\/10\/Disposizioni-regionali-covid-al-13-ottobre-227x300.jpeg 227w\" sizes=\"auto, (max-width: 699px) 100vw, 699px\" \/><\/a><\/p>\n<p><strong><a href=\"https:\/\/www.camera.it\/temiap\/documentazione\/temi\/pdf\/1203754.pdf?_1599151912373\" target=\"_blank\" rel=\"noopener noreferrer\">Provvedimenti. Misure sull&#8217;emergenza coronavirus (COVID-19) &#8211; Quadro generale<\/a><\/strong><\/p>\n<p><a href=\"https:\/\/www.fedaiisf.it\/wp-content\/uploads\/2020\/05\/Speciale-ISF-disposizioni-regionali-19-giugno-2020-1.pdf\" target=\"_blank\" rel=\"noopener noreferrer\">Speciale ISF disposizioni regionali 19 giugno 2020 (1)<\/a><\/p>\n<p><a href=\"https:\/\/www.nomoscsp.com\/component\/edocman\/speciale-covid-19-le-disposizioni-adottate-da-governo-e-regioni-per-la-fase-3-15-giugno-2020-ore-17-30\/download.html\" target=\"_blank\" rel=\"noopener noreferrer\">Disposizioni adottate da Governo e Regioni sul Coronavirus<\/a><\/p>\n<p>Per approfondire consultare:<\/p>\n<p>&nbsp;<\/p>\n<p><strong><a href=\"https:\/\/www.fedaiisf.it\/wp-content\/uploads\/2020\/04\/Regolamentazione-regionale-ISF-Farmindustria.pdf\" target=\"_blank\" rel=\"noopener noreferrer\">Regolamentazione regionale ISF Farmindustria<\/a><\/strong><b>\u00a0del 7 maggio<\/b><\/p>\n<p>&nbsp;<\/p>\n<p><span style=\"color: #000000;\">Mai come ora sarebbe necessario un Albo professionale che garantirebbe l&#8217;autorevolezza della categoria e l&#8217;indispensabilit\u00e0 di una informazione scientifica non commerciale.<\/span><\/p>\n<p class=\"column\"><span style=\"color: #000000;\"><b>Le Leggi dello Stato infatti pongono i sindacati a tutela dei diritti dei lavoratori e gli Ordini o Albi a salvaguardia dei diritti dei cittadini, correlati con l\u2019esercizio della professione<\/b><\/span><\/p>\n<p>Editorial board <span style=\"color: #000000; font-size: 17px;\"><strong>Ultimo aggiornamento 17 ottobre 2020<\/strong><\/span><\/p>\n<p>Related news:\u00a0<a href=\"https:\/\/www.fedaiisf.it\/en\/emergenza-covid-indagine-dei-sindacati-sulle-attivita-lavorative-nelle-aziende-farmaceutiche\/\" target=\"_blank\" rel=\"noopener noreferrer\"><strong>Covid emergency. Union survey on alternative work activities in pharmaceutical companies<\/strong><\/a><\/p>","protected":false},"excerpt":{"rendered":"<p>Le regioni che hanno deliberato sulla ripresa dell&#8217;attivit\u00e0 di informazione scientifica sono: Abruzzo ordinanza n.74: attivit\u00e0 ISF dal 15 giugno. Allegato pag. 283 Basilicata attivit\u00e0\u00a0ISF secondo linee guida\u00a0&#8211; Disposizioni operative Calabria ISF dal 15 giugno secondo linee guida &#8211; (All.: A) FIMP Cosenza dal 1 luglio Campania\u00a0da subito secondo linee guida Conferenza Regioni\u00a0&#8211; Ospedale del &hellip;<\/p>","protected":false},"author":4,"featured_media":49295,"comment_status":"closed","ping_status":"closed","sticky":false,"template":"","format":"standard","meta":{"footnotes":""},"categories":[16],"tags":[],"class_list":["post-49289","post","type-post","status-publish","format-standard","has-post-thumbnail","hentry","category-primo-piano"],"amp_enabled":true,"_links":{"self":[{"href":"https:\/\/www.fedaiisf.it\/en\/wp-json\/wp\/v2\/posts\/49289","targetHints":{"allow":["GET"]}}],"collection":[{"href":"https:\/\/www.fedaiisf.it\/en\/wp-json\/wp\/v2\/posts"}],"about":[{"href":"https:\/\/www.fedaiisf.it\/en\/wp-json\/wp\/v2\/types\/post"}],"author":[{"embeddable":true,"href":"https:\/\/www.fedaiisf.it\/en\/wp-json\/wp\/v2\/users\/4"}],"replies":[{"embeddable":true,"href":"https:\/\/www.fedaiisf.it\/en\/wp-json\/wp\/v2\/comments?post=49289"}],"version-history":[{"count":0,"href":"https:\/\/www.fedaiisf.it\/en\/wp-json\/wp\/v2\/posts\/49289\/revisions"}],"wp:featuredmedia":[{"embeddable":true,"href":"https:\/\/www.fedaiisf.it\/en\/wp-json\/wp\/v2\/media\/49295"}],"wp:attachment":[{"href":"https:\/\/www.fedaiisf.it\/en\/wp-json\/wp\/v2\/media?parent=49289"}],"wp:term":[{"taxonomy":"category","embeddable":true,"href":"https:\/\/www.fedaiisf.it\/en\/wp-json\/wp\/v2\/categories?post=49289"},{"taxonomy":"post_tag","embeddable":true,"href":"https:\/\/www.fedaiisf.it\/en\/wp-json\/wp\/v2\/tags?post=49289"}],"curies":[{"name":"wp","href":"https:\/\/api.w.org\/{rel}","templated":true}]}}