{"id":49375,"date":"2020-04-17T13:48:07","date_gmt":"2020-04-17T11:48:07","guid":{"rendered":"https:\/\/www.fedaiisf.it\/?p=49375"},"modified":"2020-05-16T10:48:39","modified_gmt":"2020-05-16T08:48:39","slug":"linformatore-scientifico-e-il-codice-ateco","status":"publish","type":"post","link":"https:\/\/www.fedaiisf.it\/en\/linformatore-scientifico-e-il-codice-ateco\/","title":{"rendered":"L&#8217;Informatore Scientifico e il Codice ATECO"},"content":{"rendered":"<p>Il codice Ateco \u00e8 una combinazione alfanumerica che identifica una <strong>AT<\/strong>tivit\u00e0 <strong>ECO<\/strong>nomica elaborato dall\u2019ISTAT. Le lettere individuano il macro-settore economico mentre i numeri (da due fino a sei cifre) rappresentano, con diversi gradi di dettaglio, le specifiche articolazioni e sottocategorie dei settori stessi. Dal 1\u00b0 gennaio 2008 \u00e8 in vigore la <a href=\"https:\/\/www.fedaiisf.it\/wp-content\/uploads\/2020\/04\/ISTAT-Esempio-classificazione-ISTAT.jpeg\"><img loading=\"lazy\" decoding=\"async\" class=\"wp-image-49377 alignright\" src=\"https:\/\/www.fedaiisf.it\/wp-content\/uploads\/2020\/04\/ISTAT-Esempio-classificazione-ISTAT.jpeg\" alt=\"\" width=\"469\" height=\"265\" srcset=\"https:\/\/www.fedaiisf.it\/wp-content\/uploads\/2020\/04\/ISTAT-Esempio-classificazione-ISTAT.jpeg 663w, https:\/\/www.fedaiisf.it\/wp-content\/uploads\/2020\/04\/ISTAT-Esempio-classificazione-ISTAT-300x170.jpeg 300w, https:\/\/www.fedaiisf.it\/wp-content\/uploads\/2020\/04\/ISTAT-Esempio-classificazione-ISTAT-390x220.jpeg 390w\" sizes=\"auto, (max-width: 469px) 100vw, 469px\" \/><\/a>nuova classificazione Ateco 2007, approvata dall\u2019ISTAT (Istituto Nazionale di Statistica) in stretta collaborazione con l&#8217;Agenzia delle Entrate, le Camere di Commercio ed altri Enti, Ministeri ed associazioni imprenditoriali interessate. Con i codici Ateco 2007, viene pertanto adottata la stessa classificazione delle attivit\u00e0 economiche per fini statistici, fiscali e contributivi, in un processo di semplificazione delle informazioni gestite dalle pubbliche amministrazioni ed istituzioni.<\/p>\n<p>Nelle linee guida redatte nel 2011, INAIL ha associato a ciascun codice Ateco una fascia di rischio specifica per ciascuna attivit\u00e0 economica. Una corretta individuazione del rischio aziendale attraverso il codice Ateco \u00e8 fondamentale poich\u00e9 da essa dipendono le misure di sicurezza dei locali e le misure di prevenzione e protezione dei lavoratori, nonch\u00e9 la loro specifica formazione in materia di salute e sicurezza sul lavoro.<\/p>\n<p>Secondo l\u2019ISTAT la classificazione ATECO rappresenta la classificazione delle attivit\u00e0 economiche sviluppata e utilizzata dall\u2019ISTAT esclusivamente per finalit\u00e0 statistiche. Rispetto ad essa l\u2019ISTAT fornisce chiarimenti interpretativi utili all\u2019individuazione del codice ATECO pi\u00f9 adeguato a rappresentare l\u2019attivit\u00e0 effettivamente svolta che, tuttavia, non costituiscono pareri vincolanti a fini legali, fiscali o amministrativi;<\/p>\n<p><strong><span style=\"color: #000000;\">Al fine di individuare le attivit\u00e0 economiche da sospendere, in applicazione delle misure indicate del DPCM (22\/03\/2020) occorre precisare che si deve far riferimento a quanto dichiarato dai soggetti interessati presso le Amministrazioni di riferimento ossia Registro delle Imprese delle Camere di Commercio e, per i soggetti non iscritti a tale registro, a quanto dichiarato sui modelli fiscali (Anagrafe Tributaria dell\u2019Agenzia delle Entrate)<\/span><\/strong>.<\/p>\n<p><a href=\"https:\/\/www.fedaiisf.it\/wp-content\/uploads\/2020\/04\/Classificazione-professioni.jpeg\"><img loading=\"lazy\" decoding=\"async\" class=\"wp-image-49378 alignleft\" src=\"https:\/\/www.fedaiisf.it\/wp-content\/uploads\/2020\/04\/Classificazione-professioni.jpeg\" alt=\"\" width=\"556\" height=\"210\" srcset=\"https:\/\/www.fedaiisf.it\/wp-content\/uploads\/2020\/04\/Classificazione-professioni.jpeg 992w, https:\/\/www.fedaiisf.it\/wp-content\/uploads\/2020\/04\/Classificazione-professioni-300x113.jpeg 300w, https:\/\/www.fedaiisf.it\/wp-content\/uploads\/2020\/04\/Classificazione-professioni-768x290.jpeg 768w\" sizes=\"auto, (max-width: 556px) 100vw, 556px\" \/><\/a>Inoltre secondo la <strong>nomenclatura delle attivit\u00e0 professionali ISTAT<\/strong>, L&#039;<strong>Informatore Scientifico del Farmaco \u00e8 inserito al punto<\/strong> 2 &#8211;<a href=\"http:\/\/professioni.istat.it\/sistemainformativoprofessioni\/cp2011\/index.php?codice_1=2\" target=\"_blank\" rel=\"noopener noreferrer\"> PROFESSIONI INTELLETUALI, SCIENTIFICHE E DI ELEVATA SPECIALIZZAZIONE<\/a>, in particolare al <a href=\"http:\/\/professioni.istat.it\/sistemainformativoprofessioni\/cp2011\/scheda.php?id=2.1.1.2.2\" target=\"_blank\" rel=\"noopener noreferrer\">point<strong> 2.1.1.2.2<\/strong><\/a><\/p>\n<p>The<b>\u00a0ISTAT Professional Code<\/b>\u00a0<b>2.1.1.2.2<\/b>\u00a0\u2013\u00a0informatore scientifico del farmaco &#8211; \u00a0\u00e8 da utilizzare per comunicare, diffondere e scambiare dati statistici e amministrativi sulle professioni, comparabili a livello internazionale; tale strumento non deve invece essere inteso come uno strumento di regolamentazione delle professioni<\/p>\n<p><strong>Nel 2007 sono stati riformati i codici ATECO (<a href=\"https:\/\/www.istat.it\/it\/files\/2011\/03\/metenorme09_40classificazione_attivita_economiche_2007.pdf?title=Classificazione+Ateco+2007+-+01%2Fott%2F2009+-+Ateco+2007+-+Volume+integrale.pdf\" target=\"_blank\" rel=\"noopener noreferrer\">ATECO classification 2007<\/a>):<\/strong><\/p>\n<p><strong>Oggi esistono 2 Codici ATECO<\/strong>\u00a0differenti da poter utilizzare per ogni<strong>\u00a0Informatore Scientifico:<\/strong><\/p>\n<ul>\n<li><a href=\"https:\/\/www.codiceateco.it\/categoria\/agenti-e-rappresentanti-di-prodotti-farmaceutici-prodotti-di-erboristeria-per-uso-medico\" target=\"_blank\" rel=\"noopener noreferrer\"><strong>Codice ATECO 46.18.31<\/strong><\/a>\u2013 Agenti e rappresentanti di prodotti farmaceutici, prodotti di erboristeria per uso medico<\/li>\n<\/ul>\n<p>Questo Codice ATECO fa parte delle Categorie Commercianti ed Artigiani ed obbligher\u00e0 ogni Informatore Scientifico all\u2019 iscrizione alla Camera di Commercio ed al pagamento dei Contributi Previdenziali INPS alla Gestione Commercianti ed Artigiani.<\/p>\n<p>Esiste poi un secondo Codice ATECO utilizzato molto dagli Informatori Scientifici:<\/p>\n<ul>\n<li><a href=\"https:\/\/www.codiceateco.it\/categoria\/altre-attivita-professionali-nca\" target=\"_blank\" rel=\"noopener noreferrer\"><strong>ATECO code 74.90.99<\/strong><\/a>\u2013 Other Professional Activities NCA<\/li>\n<\/ul>\n<p>Questo secondo Codice ATECO fa invece parte della Categoria dei professionisti. In questo caso non sar\u00e0 necessaria l\u2019iscrizione alla Camera di Commercio ed alla Gestione Commercianti ed Artigiani per il pagamento dei propri Contributi Previdenziali INPS, servir\u00e0 altres\u00ec l\u2019iscrizione alla Gestione Separata INPS che prevede il pagamento dei propri Contributi INPS in percentuale sul proprio reddito Lordo (percentuale del 25,72% dal 1 gennaio 2017).<\/p>\n<p>Procacciatore d\u2019affari di prodotti farmaceutici e di cosmetici:\u00a0<a href=\"https:\/\/www.codiceateco.it\/categoria?q=46.18.34\" target=\"_blank\" rel=\"noopener noreferrer\">ATECO code 46.18.34<\/a><\/p>\n<p>Related news: <a href=\"https:\/\/www.certifico.com\/component\/attachments\/download\/17440\" target=\"_blank\" rel=\"noopener noreferrer\"><span style=\"font-size: 18px;\"><strong>Tabella di riepilogo delle classi di rischio e aggregazione sociale<\/strong><\/span><\/a><\/p>\n<p>Nota: Per l&#8217;emergenza Covid l&#8217;attivit\u00e0 d&#8217;informazione scientifica \u00e8 regolamentata dalla regioni<\/p>\n<p>&nbsp;<\/p>\n<p><a href=\"https:\/\/www.fedaiisf.it\/wp-content\/uploads\/2020\/04\/ISTAT-Classificazione-ISF.jpeg\"><img loading=\"lazy\" decoding=\"async\" class=\"alignnone size-full wp-image-49379\" src=\"https:\/\/www.fedaiisf.it\/wp-content\/uploads\/2020\/04\/ISTAT-Classificazione-ISF.jpeg\" alt=\"\" width=\"1000\" height=\"499\" srcset=\"https:\/\/www.fedaiisf.it\/wp-content\/uploads\/2020\/04\/ISTAT-Classificazione-ISF.jpeg 1000w, https:\/\/www.fedaiisf.it\/wp-content\/uploads\/2020\/04\/ISTAT-Classificazione-ISF-300x150.jpeg 300w, https:\/\/www.fedaiisf.it\/wp-content\/uploads\/2020\/04\/ISTAT-Classificazione-ISF-768x383.jpeg 768w\" sizes=\"auto, (max-width: 1000px) 100vw, 1000px\" \/><\/a><\/p>","protected":false},"excerpt":{"rendered":"<p>Il codice Ateco \u00e8 una combinazione alfanumerica che identifica una ATtivit\u00e0 ECOnomica elaborato dall\u2019ISTAT. Le lettere individuano il macro-settore economico mentre i numeri (da due fino a sei cifre) rappresentano, con diversi gradi di dettaglio, le specifiche articolazioni e sottocategorie dei settori stessi. Dal 1\u00b0 gennaio 2008 \u00e8 in vigore la nuova classificazione Ateco 2007, &hellip;<\/p>","protected":false},"author":4,"featured_media":49382,"comment_status":"closed","ping_status":"closed","sticky":false,"template":"","format":"standard","meta":{"footnotes":""},"categories":[1],"tags":[],"class_list":["post-49375","post","type-post","status-publish","format-standard","has-post-thumbnail","hentry","category-notizie"],"amp_enabled":true,"_links":{"self":[{"href":"https:\/\/www.fedaiisf.it\/en\/wp-json\/wp\/v2\/posts\/49375","targetHints":{"allow":["GET"]}}],"collection":[{"href":"https:\/\/www.fedaiisf.it\/en\/wp-json\/wp\/v2\/posts"}],"about":[{"href":"https:\/\/www.fedaiisf.it\/en\/wp-json\/wp\/v2\/types\/post"}],"author":[{"embeddable":true,"href":"https:\/\/www.fedaiisf.it\/en\/wp-json\/wp\/v2\/users\/4"}],"replies":[{"embeddable":true,"href":"https:\/\/www.fedaiisf.it\/en\/wp-json\/wp\/v2\/comments?post=49375"}],"version-history":[{"count":0,"href":"https:\/\/www.fedaiisf.it\/en\/wp-json\/wp\/v2\/posts\/49375\/revisions"}],"wp:featuredmedia":[{"embeddable":true,"href":"https:\/\/www.fedaiisf.it\/en\/wp-json\/wp\/v2\/media\/49382"}],"wp:attachment":[{"href":"https:\/\/www.fedaiisf.it\/en\/wp-json\/wp\/v2\/media?parent=49375"}],"wp:term":[{"taxonomy":"category","embeddable":true,"href":"https:\/\/www.fedaiisf.it\/en\/wp-json\/wp\/v2\/categories?post=49375"},{"taxonomy":"post_tag","embeddable":true,"href":"https:\/\/www.fedaiisf.it\/en\/wp-json\/wp\/v2\/tags?post=49375"}],"curies":[{"name":"wp","href":"https:\/\/api.w.org\/{rel}","templated":true}]}}