{"id":49449,"date":"2020-04-21T12:43:30","date_gmt":"2020-04-21T10:43:30","guid":{"rendered":"https:\/\/www.fedaiisf.it\/?p=49449"},"modified":"2020-11-05T23:19:18","modified_gmt":"2020-11-05T22:19:18","slug":"isf-bergamo-lincertezza-della-ripartenza-ci-preoccupa-m-molto","status":"publish","type":"post","link":"https:\/\/www.fedaiisf.it\/en\/isf-bergamo-lincertezza-della-ripartenza-ci-preoccupa-m-molto\/","title":{"rendered":"AIISF Bergamo. The uncertainty of the restart worries us a lot"},"content":{"rendered":"<p>Riceviamo, ringraziamo per il contributo e pubblichiamo<\/p>\n<hr \/>\n<div class=\"gmail_default\"><em>Non sono un opinionista e manco penso di diventarlo. Vorrei solo dire la mia e quindi chiedo se possa essere pubblicata una lettera aperta alla redazione nella volont\u00e0 di condividerla\u00a0con voi. L&#8217;incertezza della ripartenza per come l&#8217;abbiamo vissuta a Bergamo ci preoccupa molto e non sappiamo se &#8220;la cura \u00e8 peggio della malattia&#8221; considerata la crisi economica futura nella nostra Nazione.<\/em><\/div>\n<div class=\"gmail_default\"><em>A warm greeting.<\/em><\/div>\n<div class=\"gmail_default\">\n<p><em>Andrew Arena<\/em><\/p>\n<h2><span style=\"color: #000000;\">FASE 2. Ci sono le condizioni nel mondo del lavoro per ripartire in sicurezza?<\/span><\/h2>\n<p><span style=\"color: #000000;\">Non sono un esperto, ma mi sono convinto che l&#8217;atteso film &#8220;la Fase 2&#8221; , in uscita speriamo a breve in tutte le nostre case, abbia un cast privilegiato di attori con il preciso dovere di collaborare e garantire informazioni chiare e utili ai cittadini.<\/span><\/p>\n<h3><span style=\"color: #000000;\">Primo attore: il politico<\/span><\/h3>\n<p><span style=\"color: #000000;\">I politici devono prendersi la responsabilit\u00e0 della ripartenza ma prima devono tutelare la salute della collettivit\u00e0 di tutto il Paese.<\/span><\/p>\n<p><span style=\"color: #000000;\">La fase 2 non pu\u00f2 iniziare senza un&#8217;azione esemplare su quei dirigenti che si sono dimostrati incapaci in questa emergenza, ne andrebbe della fiducia nel sistema dirigenziale.<\/span><\/p>\n<p><span style=\"color: #000000;\"><a href=\"https:\/\/www.fedaiisf.it\/wp-content\/uploads\/2020\/04\/Fase-2-i-punti.jpg\"><img loading=\"lazy\" decoding=\"async\" class=\"wp-image-49452 alignright\" src=\"https:\/\/www.fedaiisf.it\/wp-content\/uploads\/2020\/04\/Fase-2-i-punti.jpg\" alt=\"\" width=\"445\" height=\"329\" srcset=\"https:\/\/www.fedaiisf.it\/wp-content\/uploads\/2020\/04\/Fase-2-i-punti.jpg 979w, https:\/\/www.fedaiisf.it\/wp-content\/uploads\/2020\/04\/Fase-2-i-punti-300x222.jpg 300w, https:\/\/www.fedaiisf.it\/wp-content\/uploads\/2020\/04\/Fase-2-i-punti-768x568.jpg 768w\" sizes=\"auto, (max-width: 445px) 100vw, 445px\" \/><\/a>Uscite dalla Sanit\u00e0, e, per una volta, premiate la meritocrazia come se fossimo un Paese moderno, democratico e civilizzato.<\/span><\/p>\n<p><span style=\"color: #000000;\">Il supporto dei tecnici deve avere carattere nazionale e non deve essere subordinato e vincolato al politico che ne chiede consulenza o a chi \u00e8 disposto a pagare di pi\u00f9. Il parere del tecnico deve essere fruibile da tutti, con informazioni scientifiche e rapidi protocolli perch\u00e9 la diffusione epidemica \u00e8 materia di sicurezza nazionale (art. 120 della costituzione italiana).<\/span><\/p>\n<h3><span style=\"color: #000000;\">Secondo attore: medici<\/span><\/h3>\n<p><span style=\"color: #000000;\">La sanit\u00e0, cosi come l&#8217;istruzione, in questi ultimi vent&#8217;anni non \u00e8 mai stata considerata una risorsa per il nostro Paese ma solo una spesa, e questo oggi ci ha messo tutti in difficolt\u00e0. Le ATS sono state considerate da anni come controllori di spesa da tutti i medici del territorio a scapito della qualit\u00e0 del servizio.\u00a0<\/span><\/p>\n<p><span style=\"color: #000000;\">Comprendo gli amici medici che oggi si ritengono abbandonati sia per la mancanza di sicurezza personale che per l&#8217;assenza di precise direttive; molti di loro, infatti, hanno sperimentato soluzioni cliniche ed organizzative, a proprio rischio e pericolo, ma spinti dalla propria etica e dal senso del dovere.<\/span><\/p>\n<p><span style=\"color: #000000;\">Domani questi stessi medici che tutti hanno applaudito con cori, striscioni, pizze e fiori nel momento della paura e del bisogno,\u00a0 saranno quasi certamente denunciati da qualche assistito. Per questo \u00e8 essenziale che venga <a href=\"https:\/\/www.fedaiisf.it\/wp-content\/uploads\/2020\/04\/Nuova-nota.jpeg\"><img loading=\"lazy\" decoding=\"async\" class=\"wp-image-49455 alignleft\" src=\"https:\/\/www.fedaiisf.it\/wp-content\/uploads\/2020\/04\/Nuova-nota.jpeg\" alt=\"\" width=\"372\" height=\"279\" srcset=\"https:\/\/www.fedaiisf.it\/wp-content\/uploads\/2020\/04\/Nuova-nota.jpeg 480w, https:\/\/www.fedaiisf.it\/wp-content\/uploads\/2020\/04\/Nuova-nota-300x225.jpeg 300w\" sizes=\"auto, (max-width: 372px) 100vw, 372px\" \/><\/a>riconosciuta loro l&#8217;autonomia decisionale che i dirigenti hanno tolto, e che vengano riconosciuti come professionalit\u00e0 da includere nelle decisioni di salute pubblica.<\/span><\/p>\n<h3><span style=\"color: #000000;\">Terzo attore: le banche<\/span><\/h3>\n<p><span style=\"color: #000000;\">L&#8217;economia deve essere tutelata con una burocrazia snella e le banche devono aiutare.<\/span><\/p>\n<p><span style=\"color: #000000;\">La manovra economica che mi aspettavo dal nostro Governo, supportata dalle banche, era quella di dare liquidit\u00e0 a fondo perduto per dare speranza ai piccoli e medi imprenditori; aggiungere debito a chi ha delle difficolt\u00e0 vuol dire spostare la crisi finanziaria nel prossimo futuro.<\/span><\/p>\n<h3><span style=\"color: #000000;\">Concludendo cosa possono fare i nostri governanti sia regionali che nazionali?<\/span><\/h3>\n<p><span style=\"color: #000000;\">Smetterla di scaricare responsabilit\u00e0 su altri e rimboccarsi le maniche senza scuse e senza ma.<\/span><\/p>\n<p><span style=\"color: #000000;\">Snellire la burocrazia per favorire il rientro delle produzioni in Italia perch\u00e9 la burocrazia scoraggia le ripartenza a livello industriale. Negli anni trascorsi si \u00e8 delocalizzato molto della produzione nazionale in altri paesi del mondo solo per il contenimento dei costi. La valutazione di qualit\u00e0 \u00e8 passata in secondo piano rispetto ai costi. Un <a href=\"https:\/\/www.fedaiisf.it\/wp-content\/uploads\/2020\/04\/ISF_virus.jpg\"><img loading=\"lazy\" decoding=\"async\" class=\"wp-image-49440 alignright\" src=\"https:\/\/www.fedaiisf.it\/wp-content\/uploads\/2020\/04\/ISF_virus.jpg\" alt=\"\" width=\"293\" height=\"160\" srcset=\"https:\/\/www.fedaiisf.it\/wp-content\/uploads\/2020\/04\/ISF_virus.jpg 620w, https:\/\/www.fedaiisf.it\/wp-content\/uploads\/2020\/04\/ISF_virus-300x164.jpg 300w, https:\/\/www.fedaiisf.it\/wp-content\/uploads\/2020\/04\/ISF_virus-546x300.jpg 546w\" sizes=\"auto, (max-width: 293px) 100vw, 293px\" \/><\/a>esempio \u00e8 stato il promuovere i farmaci generici in tutta Europa senza controllare la qualit\u00e0, salvo poi scoprire successivamente che i principi attivi prodotti in Cina erano contaminati.<\/span><\/p>\n<p><span style=\"color: #000000;\">I medici e sanitari riscoprano quella alleanza solidale fra medico e paziente che \u00e8 alla base del rapporto di fiducia che \u00e8 venuto meno in questo periodo.<\/span><\/p>\n<p><span style=\"color: #000000;\">Gli industriali e i piccoli imprenditori suggeriscano quali sono i reali blocchi burocratici, con l&#8217;obiettivo di snellirli rapidamente per non perdere altro tempo e ridare speranza alle riaperture, al commercio, a tutti noi cittadini che abbiamo obbedito e ci siamo fermati nelle nostre case, ma che siamo terrorizzati dalla mancanza dei minimi livelli di sussistenza che un Paese moderno dovrebbe garantire.<\/span><\/p>\n<\/div>\n<p>&nbsp;<\/p>","protected":false},"excerpt":{"rendered":"<p>Riceviamo, ringraziamo per il contributo e pubblichiamo Non sono un opinionista e manco penso di diventarlo. Vorrei solo dire la mia e quindi chiedo se possa essere pubblicata una lettera aperta alla redazione nella volont\u00e0 di condividerla\u00a0con voi. L&#8217;incertezza della ripartenza per come l&#8217;abbiamo vissuta a Bergamo ci preoccupa molto e non sappiamo se &#8220;la &hellip;<\/p>","protected":false},"author":4,"featured_media":49451,"comment_status":"closed","ping_status":"closed","sticky":false,"template":"","format":"standard","meta":{"footnotes":""},"categories":[1,14],"tags":[151,133,160],"class_list":["post-49449","post","type-post","status-publish","format-standard","has-post-thumbnail","hentry","category-notizie","category-news-fedaiisf","tag-aiisfbergamo","tag-bergamo","tag-fase2"],"amp_enabled":true,"_links":{"self":[{"href":"https:\/\/www.fedaiisf.it\/en\/wp-json\/wp\/v2\/posts\/49449","targetHints":{"allow":["GET"]}}],"collection":[{"href":"https:\/\/www.fedaiisf.it\/en\/wp-json\/wp\/v2\/posts"}],"about":[{"href":"https:\/\/www.fedaiisf.it\/en\/wp-json\/wp\/v2\/types\/post"}],"author":[{"embeddable":true,"href":"https:\/\/www.fedaiisf.it\/en\/wp-json\/wp\/v2\/users\/4"}],"replies":[{"embeddable":true,"href":"https:\/\/www.fedaiisf.it\/en\/wp-json\/wp\/v2\/comments?post=49449"}],"version-history":[{"count":0,"href":"https:\/\/www.fedaiisf.it\/en\/wp-json\/wp\/v2\/posts\/49449\/revisions"}],"wp:featuredmedia":[{"embeddable":true,"href":"https:\/\/www.fedaiisf.it\/en\/wp-json\/wp\/v2\/media\/49451"}],"wp:attachment":[{"href":"https:\/\/www.fedaiisf.it\/en\/wp-json\/wp\/v2\/media?parent=49449"}],"wp:term":[{"taxonomy":"category","embeddable":true,"href":"https:\/\/www.fedaiisf.it\/en\/wp-json\/wp\/v2\/categories?post=49449"},{"taxonomy":"post_tag","embeddable":true,"href":"https:\/\/www.fedaiisf.it\/en\/wp-json\/wp\/v2\/tags?post=49449"}],"curies":[{"name":"wp","href":"https:\/\/api.w.org\/{rel}","templated":true}]}}