{"id":49504,"date":"2020-04-23T13:19:36","date_gmt":"2020-04-23T11:19:36","guid":{"rendered":"https:\/\/www.fedaiisf.it\/?p=49504"},"modified":"2020-06-09T17:56:40","modified_gmt":"2020-06-09T15:56:40","slug":"massimo-scaccabarozzi-e-la-sua-jc-band-a-sostegno-campagna-acquisti-dispositivi-di-protezione-per-medici","status":"publish","type":"post","link":"https:\/\/www.fedaiisf.it\/en\/massimo-scaccabarozzi-e-la-sua-jc-band-a-sostegno-campagna-acquisti-dispositivi-di-protezione-per-medici\/","title":{"rendered":"Massimo Scaccabarozzi and his JC Band in support of the campaign to purchase protective devices for doctors"},"content":{"rendered":"<p><span style=\"font-size: 18px; color: #000000;\">A sostegno della raccolta fondi di Cittadinanzattiva e FIMMG per l\u2019acquisto di dispositivi di protezione per i MMG<\/span><\/p>\n<p><a href=\"http:\/\/www.fimmg.org\/index.php?action=pages&amp;m=view&amp;p=43&amp;art=3963\" target=\"_blank\" rel=\"noopener noreferrer\">Fimmg &#8211; 21 aprile 2020<\/a><\/p>\n<p>Sar\u00e0 diffuso oggi sui canali social delle due associazioni il video realizzato dall\u2019AD di Janssen e Presidente di Farmindustria Massimo Scaccabarozzi e dalla sua Band, a sostegno della campagna di Cittadinanzattiva e FIMMG per l\u2019acquisto di dispositivi di protezione individuale destinati ai medici di famiglia.<\/p>\n<p><a href=\"https:\/\/www.fedaiisf.it\/wp-content\/uploads\/2020\/04\/Scaccabarozzi-raccolta-fondi.jpeg\"><img loading=\"lazy\" decoding=\"async\" class=\"wp-image-49508 alignright\" src=\"https:\/\/www.fedaiisf.it\/wp-content\/uploads\/2020\/04\/Scaccabarozzi-raccolta-fondi.jpeg\" alt=\"\" width=\"497\" height=\"349\" srcset=\"https:\/\/www.fedaiisf.it\/wp-content\/uploads\/2020\/04\/Scaccabarozzi-raccolta-fondi.jpeg 827w, https:\/\/www.fedaiisf.it\/wp-content\/uploads\/2020\/04\/Scaccabarozzi-raccolta-fondi-300x210.jpeg 300w, https:\/\/www.fedaiisf.it\/wp-content\/uploads\/2020\/04\/Scaccabarozzi-raccolta-fondi-768x539.jpeg 768w\" sizes=\"auto, (max-width: 497px) 100vw, 497px\" \/><\/a>\u00abOltre alla sua capacit\u00e0 di farci sognare, la musica \u00e8 da sempre uno dei mezzi pi\u00f9 potenti per unire le persone al di l\u00e0 delle loro diverse opinioni. L&#8217;iniziativa della JC Band* sar\u00e0, ne siamo convinti, di enorme aiuto alla nostra campagna a tutela della salute dei medici di medicina generale e dei cittadini italiani\u00bb &#8211; dichiara Silvestro Scotti, segretario generale Fimmg. \u00abVoglio ringraziare Massimo Scaccabarozzi, che ha scelto di tenderci una mano e aiutarci in questa raccolta fondi, con una modalit\u00e0 caratteristica delle sue &#8220;corde&#8221; vocali e di &#8220;rete&#8221; di solidariet\u00e0. Alle sue iniziative abbiamo sempre partecipato come sostenitori e, trovandoci oggi nel ruolo di sostenuti, non possiamo che apprezzarne ancor di pi\u00f9 la sensibilit\u00e0\u00bb.<\/p>\n<p>\u00abRingraziamo anche noi la JC Band e Massimo Scaccabarozzi perch\u00e9 \u00e8 un altro esempio di come, in una situazione di difficolt\u00e0, si possano attivare tutte le risorse a disposizione, sia come imprese che come singoli, puntando sui <a href=\"https:\/\/www.fedaiisf.it\/wp-content\/uploads\/2020\/04\/Scaccabarozzi-concerto-cover-band-vasco-679x400-1.jpg\"><img loading=\"lazy\" decoding=\"async\" class=\"wp-image-49509 alignleft\" src=\"https:\/\/www.fedaiisf.it\/wp-content\/uploads\/2020\/04\/Scaccabarozzi-concerto-cover-band-vasco-679x400-1.jpg\" alt=\"\" width=\"463\" height=\"273\" srcset=\"https:\/\/www.fedaiisf.it\/wp-content\/uploads\/2020\/04\/Scaccabarozzi-concerto-cover-band-vasco-679x400-1.jpg 679w, https:\/\/www.fedaiisf.it\/wp-content\/uploads\/2020\/04\/Scaccabarozzi-concerto-cover-band-vasco-679x400-1-300x177.jpg 300w\" sizes=\"auto, (max-width: 463px) 100vw, 463px\" \/><\/a>talenti e le competenze\u00bb &#8211; ha aggiunto Antonio Gaudioso, segretario generale di Cittadinanzattiva. \u00abTutti ci dobbiamo prendere cura delle esigenze della salute sul territorio, sia per affrontare l\u2019emergenza Covid nel suo complesso, che per dare assistenza adeguata ai pazienti pi\u00f9 fragili, come cronici e rari. Sostenere la medicina di famiglia \u00e8 la scelta giusta da fare\u00bb.<\/p>\n<p>\u00abSiamo felici di contribuire nel nostro piccolo alla raccolta fondi di Cittadinanzattiva e FIMMG perch\u00e9 crediamo che ora pi\u00f9 che mai la collaborazione tra cittadini e medici di famiglia sia essenziale per far fronte all\u2019emergenza\u00bb \u2013 spiega Massimo Scaccabarozzi, AD di Janssen e Presidente di Farmindustria. \u00abCome facciamo da pi\u00f9 di 10 anni, anche in quest\u2019emergenza siamo in prima linea per \u2018dar voce\u2019 a chi ha pi\u00f9 bisogno anche attraverso la musica, in grado di canalizzare energia positiva e trasmettere messaggi di forte solidariet\u00e0. Speriamo che la nostra iniziativa possa farci sentire ancora pi\u00f9 vicini\u00bb.<\/p>\n<p>&nbsp;<\/p>\n<p>*JC Band \u00e8 il gruppo rock composto interamente da dipendenti Janssen Italia, che ha all&#8217;attivo oltre 130 concerti benefici, a sostegno delle attivit\u00e0 delle organizzazioni non profit italiane.<\/p>\n<p>&nbsp;<\/p>\n<ul>\n<li><a href=\"https:\/\/youtu.be\/-fBHL2mhN10\" target=\"_blank\" rel=\"noopener noreferrer\"><strong>Guarda il Video:<\/strong><\/a><\/li>\n<\/ul>\n<hr \/>\n<p>\u201cRingraziamo anche noi la JC Band e Massimo Scaccabarozzi perch\u00e9 \u00e8 un altro esempio di come, in una situazione di difficolt\u00e0, si possano attivare tutte le risorse a disposizione, sia come imprese che come singoli, puntando sui talenti e le competenze\u201d &#8211;\u00a0ha dichiarato\u00a0<strong>Antonio Gaudioso, general secretary of Cittadinanzattiva.<\/strong>\u00a0\u201cTutti ci dobbiamo prendere cura delle esigenze della salute sul territorio, sia per affrontare l\u2019emergenza Covid nel suo complesso, che per dare assistenza adeguata ai pazienti pi\u00f9 fragili, come cronici e rari. Sostenere la medicina di famiglia \u00e8 la scelta giusta da fare\u201d.<\/p>\n<p>Cittadinanzattiva Leggi <a href=\"https:\/\/www.cittadinanzattiva.it\/comunicati\/salute\/13204-massimo-scaccabarozzi-e-la-sua-jc-band-lanciano-un-video-a-sostegno-della-nostra-raccolta-fondi-con-fimmg.html\" target=\"_blank\" rel=\"noopener noreferrer\">the press release<\/a><\/p>\n<p>Related news: <a href=\"https:\/\/www.youtube.com\/watch?v=IZnZrx7gNWY\" target=\"_blank\" rel=\"noopener noreferrer\">Vasco Rossi &#8211; Un mondo migliore<\/a><\/p>","protected":false},"excerpt":{"rendered":"<p>A sostegno della raccolta fondi di Cittadinanzattiva e FIMMG per l\u2019acquisto di dispositivi di protezione per i MMG Fimmg &#8211; 21 aprile 2020 Sar\u00e0 diffuso oggi sui canali social delle due associazioni il video realizzato dall\u2019AD di Janssen e Presidente di Farmindustria Massimo Scaccabarozzi e dalla sua Band, a sostegno della campagna di Cittadinanzattiva e &hellip;<\/p>","protected":false},"author":4,"featured_media":49506,"comment_status":"closed","ping_status":"closed","sticky":false,"template":"","format":"standard","meta":{"footnotes":""},"categories":[1],"tags":[],"class_list":["post-49504","post","type-post","status-publish","format-standard","has-post-thumbnail","hentry","category-notizie"],"amp_enabled":true,"_links":{"self":[{"href":"https:\/\/www.fedaiisf.it\/en\/wp-json\/wp\/v2\/posts\/49504","targetHints":{"allow":["GET"]}}],"collection":[{"href":"https:\/\/www.fedaiisf.it\/en\/wp-json\/wp\/v2\/posts"}],"about":[{"href":"https:\/\/www.fedaiisf.it\/en\/wp-json\/wp\/v2\/types\/post"}],"author":[{"embeddable":true,"href":"https:\/\/www.fedaiisf.it\/en\/wp-json\/wp\/v2\/users\/4"}],"replies":[{"embeddable":true,"href":"https:\/\/www.fedaiisf.it\/en\/wp-json\/wp\/v2\/comments?post=49504"}],"version-history":[{"count":0,"href":"https:\/\/www.fedaiisf.it\/en\/wp-json\/wp\/v2\/posts\/49504\/revisions"}],"wp:featuredmedia":[{"embeddable":true,"href":"https:\/\/www.fedaiisf.it\/en\/wp-json\/wp\/v2\/media\/49506"}],"wp:attachment":[{"href":"https:\/\/www.fedaiisf.it\/en\/wp-json\/wp\/v2\/media?parent=49504"}],"wp:term":[{"taxonomy":"category","embeddable":true,"href":"https:\/\/www.fedaiisf.it\/en\/wp-json\/wp\/v2\/categories?post=49504"},{"taxonomy":"post_tag","embeddable":true,"href":"https:\/\/www.fedaiisf.it\/en\/wp-json\/wp\/v2\/tags?post=49504"}],"curies":[{"name":"wp","href":"https:\/\/api.w.org\/{rel}","templated":true}]}}