{"id":49645,"date":"2020-04-30T13:34:08","date_gmt":"2020-04-30T11:34:08","guid":{"rendered":"https:\/\/www.fedaiisf.it\/?p=49645"},"modified":"2020-04-30T13:35:59","modified_gmt":"2020-04-30T11:35:59","slug":"fase-2-ecco-come-andra-compilata-la-nuova-autocertificazione-il-modulo-puo-restare-lo-stesso","status":"publish","type":"post","link":"https:\/\/www.fedaiisf.it\/en\/fase-2-ecco-come-andra-compilata-la-nuova-autocertificazione-il-modulo-puo-restare-lo-stesso\/","title":{"rendered":"Phase 2, this is how the new self-certification will be completed. The form can remain the same"},"content":{"rendered":"<p>Il Viminale sembra orientato a confermare l\u2019attuale modulo: ci sar\u00e0 solo una novit\u00e0 riguardante la visita ai congiunti<\/p>\n<p><a href=\"https:\/\/www.fcinter1908.it\/primo-piano\/come-compilare-modulo\/\" target=\"_blank\" rel=\"noopener noreferrer\">Fcinter1908 &#8211; 30 aprile 2020<\/a><\/p>\n<div class=\"chapter clearfix\">\n<p class=\"chapter-paragraph\"><a href=\"https:\/\/www.fcinter1908.it\/copertina\/quarto-modulo-autocertificazione\/\" target=\"_blank\" rel=\"noopener noreferrer\"><strong>Dal 4 maggio 2020 non ci sar\u00e0 un nuovo modulo per<\/strong> l\u2019autocertificazione. (scaricalo qui)<\/a>. \u00c8 questo l\u2019orientamento del Viminale in vista dell\u2019entrata in vigore del nuovo Dpcm. Lo riferisce il Corriere della Sera.<\/p>\n<p><a href=\"https:\/\/www.fcinter1908.it\/primo-piano\/cosa-fare-fase-due\/\" target=\"_blank\" rel=\"noopener\">L\u2019idea \u00e8 quella di conservare l\u2019attuale modulo, indicando solo le generalit\u00e0 del congiunto a cui si andr\u00e0 a fare visita.<\/a><\/p>\n<\/div>\n<div class=\"chapter clearfix\">\n<p class=\"chapter-paragraph\">Ecco le regole per compilare la nuova autocertificazione:<\/p>\n<div id=\"google_ads_iframe_\/35821442\/corriere.it\/cronaca\/Bottom1_0__container__\">1. Riempire tutti gli spazi sull\u2019identit\u00e0 della persona che effettua lo spostamento.<\/div>\n<div>2. Compilare l\u2019indirizzo da cui \u00e8 cominciato lo spostamento e quello di destinazione<\/div>\n<div>3. riempire tutti gli spazi barrando la casella \u201csituazione di necessit\u00e0\u201d<\/div>\n<div>4. nello spazio \u201ca questo riguardo dichiara che\u2026\u201d specificare che si tratta di una visita a un \u201ccongiunto\u201d inserendo soltanto il grado di parentela ma non l\u2019identit\u00e0.<\/div>\n<\/div>\n<div class=\"chapter\">\n<p class=\"chapter-paragraph\"><strong><a href=\"https:\/\/www.fcinter1908.it\/ultimora\/conte-congiunti-significato\/\" target=\"_blank\" rel=\"noopener noreferrer\">Entro sabato sar\u00e0 la presidenza del Consiglio a dove specificare \u2013 probabilmente con una Faq (domande frequenti) sul sito del governo \u2013 quali parenti siano inseriti nella definizione di \u00abcongiunti\u00bb<\/a><\/strong><\/p>\n<\/div>\n<p><a href=\"\/\/\/Applications\/WhatsApp.app\/Contents\/Resources\/app.asar\/index.html#\" target=\"_blank\" rel=\"noopener noreferrer\">L&#8217;autocertificazione dal 4 maggio. Istruzioni d&#8217;uso<\/a><\/p>","protected":false},"excerpt":{"rendered":"<p>Il Viminale sembra orientato a confermare l\u2019attuale modulo: ci sar\u00e0 solo una novit\u00e0 riguardante la visita ai congiunti Fcinter1908 &#8211; 30 aprile 2020 Dal 4 maggio 2020 non ci sar\u00e0 un nuovo modulo per l\u2019autocertificazione. (scaricalo qui). \u00c8 questo l\u2019orientamento del Viminale in vista dell\u2019entrata in vigore del nuovo Dpcm. Lo riferisce il Corriere della &hellip;<\/p>","protected":false},"author":4,"featured_media":49647,"comment_status":"closed","ping_status":"closed","sticky":false,"template":"","format":"standard","meta":{"footnotes":""},"categories":[1],"tags":[],"class_list":["post-49645","post","type-post","status-publish","format-standard","has-post-thumbnail","hentry","category-notizie"],"amp_enabled":true,"_links":{"self":[{"href":"https:\/\/www.fedaiisf.it\/en\/wp-json\/wp\/v2\/posts\/49645","targetHints":{"allow":["GET"]}}],"collection":[{"href":"https:\/\/www.fedaiisf.it\/en\/wp-json\/wp\/v2\/posts"}],"about":[{"href":"https:\/\/www.fedaiisf.it\/en\/wp-json\/wp\/v2\/types\/post"}],"author":[{"embeddable":true,"href":"https:\/\/www.fedaiisf.it\/en\/wp-json\/wp\/v2\/users\/4"}],"replies":[{"embeddable":true,"href":"https:\/\/www.fedaiisf.it\/en\/wp-json\/wp\/v2\/comments?post=49645"}],"version-history":[{"count":0,"href":"https:\/\/www.fedaiisf.it\/en\/wp-json\/wp\/v2\/posts\/49645\/revisions"}],"wp:featuredmedia":[{"embeddable":true,"href":"https:\/\/www.fedaiisf.it\/en\/wp-json\/wp\/v2\/media\/49647"}],"wp:attachment":[{"href":"https:\/\/www.fedaiisf.it\/en\/wp-json\/wp\/v2\/media?parent=49645"}],"wp:term":[{"taxonomy":"category","embeddable":true,"href":"https:\/\/www.fedaiisf.it\/en\/wp-json\/wp\/v2\/categories?post=49645"},{"taxonomy":"post_tag","embeddable":true,"href":"https:\/\/www.fedaiisf.it\/en\/wp-json\/wp\/v2\/tags?post=49645"}],"curies":[{"name":"wp","href":"https:\/\/api.w.org\/{rel}","templated":true}]}}