{"id":49763,"date":"2020-05-05T11:28:19","date_gmt":"2020-05-05T09:28:19","guid":{"rendered":"https:\/\/www.fedaiisf.it\/?p=49763"},"modified":"2020-05-05T11:31:25","modified_gmt":"2020-05-05T09:31:25","slug":"fedaiisf-puglia","status":"publish","type":"post","link":"https:\/\/www.fedaiisf.it\/en\/fedaiisf-puglia\/","title":{"rendered":"Fedaisf Puglia. Request to the Region for a return to work of the ISF agreed with the Medical Unions"},"content":{"rendered":"<p><span style=\"color: #000000;\">FEDAIISF, l\u2019Associazione degli informatori del Farmaco e del parafarmaco della regione Puglia \u00e8 una associazione che riunisce professionisti, laureati in discipline scientifiche, che operano secondo il D.Lgs n.219 del 24\/04\/2006, svolgendo la loro attivit\u00e0 presso gli ambulatori dei Medici di Medicina Generale (MMG), dei Pediati di Libera Scelta (PLS) e all\u2019interno delle strutture ospedaliere del SSR e delle ASL.<\/span><\/p>\n<p><span style=\"color: #000000;\">Il D.Lgs 219\/2006 assegna a noi ISF il compito di divulgare, presso la classe medica e i farmacisti, tutte le informazioni inerenti il corretto impiego dei medicinali ad uso umano, illustrando effetti terapeutici ed effetti collaterali. Anche di nostra competenza, inoltre, \u00e8 l\u2019attivit\u00e0 di Farmacovigilanza. Ogni azienda che voglia commercializzare un proprio farmaco, deve dotarsi al suo interno di un Servizio Scientifico, da cui gli ISF dipendono, e di un responsabile della Farmacoviglianza.<\/span><\/p>\n<p><span style=\"color: #000000;\">In Italia gli ISF si distinguono, contrattualmente, in due categorie: ISF dipendenti, prevalentemente in aziende multinazionali, ed ISF autonomi a partita IVA.<\/span><\/p>\n<p><strong><span style=\"color: #000000;\">Pur essendo inquadrati diversamente, noi ISF sottostiamo allo stesso D.Lgs n. 219\/2006, abbiamo le stesse responsabilit\u00e0 e mansioni sopra descritte.<\/span><\/strong><\/p>\n<p><span style=\"color: #000000;\">A seguito del diffondersi dell\u2019epidemia da Covid-19, abbiamo prontamente interrotta la nostra attivit\u00e0 prima nelle zone del nord (gi\u00e0 da met\u00e0 febbraio) e poi via via fino alle regioni del sud, ben prima del DPCM del 9 marzo.<\/span><\/p>\n<p><span style=\"color: #000000;\">Ad oggi, le aziende multinazionali e gli ISF hanno adottato un atteggiamento prudenziale riguardo il ritorno all\u2019attivit\u00e0 lavorativa, stabilendo di continuare a lavorare in smart working, e di rimandare l\u2019attivit\u00e0 sul territorio dopo un attento monitoraggio dell\u2019evoluzione sanitaria.Questo lavoro, frutto di rapporti consolidati nel tempo e basati sulla fiducia e sulla professionalit\u00e0, richiede un contatto diretto che nessuno strumento digitale pu\u00f2 sostituire nel lungo periodo.<\/span><\/p>\n<p><strong><span style=\"color: #000000;\">A questo punto desideriamo attirare la Sua attenzione su questa situazione controversa che da un lato prevede la possibilit\u00e0 di una ripresa lavorativa, in base al DPCM del 26\/04\/2020 (Codici ATECO 46, 66 e 74), il cui svolgimento per\u00f2, necessita dell\u2019accesso alle strutture sanitarie, pubbliche e private, che al momento ci viene negato in base alla disposizione della Regione Puglia prot. AOO005_319 del 10\/04\/2020.<\/span><\/strong><\/p>\n<p><span style=\"color: #000000;\">Chiediamo, alla luce dell\u2019attivazione della fase 2, che venga presa in considerazione la nostra richiesta <strong>per una ripresa lavorativa, autorizzata tramite disposizione regionale, che annulli in tutto la precedente nota sopracitata (prot. AOO005_319 del 10\/04\/2020) e naturalmente regolamentata secondo criteri che verranno accordati con le OO SS di categoria (FIMMG, SMI, SNAMI ecc.)<\/strong>. Riteniamo che una ripresa concordata con le associazioni di categoria, porti\u00a0ad una attivit\u00e0 che garantisca il lavoro di tutti, rispettando altres\u00ec tutte le norme di sicurezza (utilizzo di DPI, mascherine, guanti e quant\u2019altro regolamenta l\u2019accesso negli ambulatori medici) come la nostra professione sanitaria ci porta a rispettare da sempre.<\/span><\/p>\n<p><span style=\"color: #000000;\">Sicuri di ottenere la Sua attenzione ed in attesa di riscontro, porgiamo distinti saluti.<\/span><\/p>\n<p><strong><span style=\"color: #000000;\">Coordinamento FEDAIISF Puglia (sezioni di FG -BAT\/BA &#8211; BR &#8211; LE- TA)<\/span><\/strong><\/p>\n<p><span style=\"color: #000000;\">Dott. Gerardo Maiella presidente sez. Foggia tel.3285827039 gmaiella@hotmail.com <\/span><\/p>\n<p><span style=\"color: #000000;\">Dott.ssa Liliana Fumarola presidente sez. BAT\/BA tel. 3351618394 lilianafumarola0@gmail.com <\/span><\/p>\n<p><span style=\"color: #000000;\">Dott. Angelo Bufalo presidente sez. Brindisi tel.3357770469 angelo.bufalo@mylan.com <\/span><\/p>\n<p><span style=\"color: #000000;\">Dott. Pasquale Malinconico presidente sez. Lecce tel.3384157224 drpasmali@libero.it<\/span><\/p>\n<p><span style=\"color: #000000;\">Dott. Piero Matino presidente sez. Taranto tel. 3497240299 pmatino@inwind<\/span><\/p>\n<p><span style=\"color: #000000;\">Massimiliano Impagnatiello Segretario Provinciale Foggia tel 3406151969<\/span><\/p>","protected":false},"excerpt":{"rendered":"<p>FEDAIISF, l\u2019Associazione degli informatori del Farmaco e del parafarmaco della regione Puglia \u00e8 una associazione che riunisce professionisti, laureati in discipline scientifiche, che operano secondo il D.Lgs n.219 del 24\/04\/2006, svolgendo la loro attivit\u00e0 presso gli ambulatori dei Medici di Medicina Generale (MMG), dei Pediati di Libera Scelta (PLS) e all\u2019interno delle strutture ospedaliere del &hellip;<\/p>","protected":false},"author":4,"featured_media":49765,"comment_status":"closed","ping_status":"closed","sticky":false,"template":"","format":"standard","meta":{"footnotes":""},"categories":[1],"tags":[],"class_list":["post-49763","post","type-post","status-publish","format-standard","has-post-thumbnail","hentry","category-notizie"],"amp_enabled":true,"_links":{"self":[{"href":"https:\/\/www.fedaiisf.it\/en\/wp-json\/wp\/v2\/posts\/49763","targetHints":{"allow":["GET"]}}],"collection":[{"href":"https:\/\/www.fedaiisf.it\/en\/wp-json\/wp\/v2\/posts"}],"about":[{"href":"https:\/\/www.fedaiisf.it\/en\/wp-json\/wp\/v2\/types\/post"}],"author":[{"embeddable":true,"href":"https:\/\/www.fedaiisf.it\/en\/wp-json\/wp\/v2\/users\/4"}],"replies":[{"embeddable":true,"href":"https:\/\/www.fedaiisf.it\/en\/wp-json\/wp\/v2\/comments?post=49763"}],"version-history":[{"count":0,"href":"https:\/\/www.fedaiisf.it\/en\/wp-json\/wp\/v2\/posts\/49763\/revisions"}],"wp:featuredmedia":[{"embeddable":true,"href":"https:\/\/www.fedaiisf.it\/en\/wp-json\/wp\/v2\/media\/49765"}],"wp:attachment":[{"href":"https:\/\/www.fedaiisf.it\/en\/wp-json\/wp\/v2\/media?parent=49763"}],"wp:term":[{"taxonomy":"category","embeddable":true,"href":"https:\/\/www.fedaiisf.it\/en\/wp-json\/wp\/v2\/categories?post=49763"},{"taxonomy":"post_tag","embeddable":true,"href":"https:\/\/www.fedaiisf.it\/en\/wp-json\/wp\/v2\/tags?post=49763"}],"curies":[{"name":"wp","href":"https:\/\/api.w.org\/{rel}","templated":true}]}}