{"id":49924,"date":"2020-05-09T13:59:06","date_gmt":"2020-05-09T11:59:06","guid":{"rendered":"https:\/\/www.fedaiisf.it\/?p=49924"},"modified":"2020-05-10T12:30:24","modified_gmt":"2020-05-10T10:30:24","slug":"costituita-la-sezione-aiisf-siena-grosseto-federata-fedaiisf","status":"publish","type":"post","link":"https:\/\/www.fedaiisf.it\/en\/costituita-la-sezione-aiisf-siena-grosseto-federata-fedaiisf\/","title":{"rendered":"Established the AIISF Siena Grosseto Section, federated with Fedaiisf"},"content":{"rendered":"<p><span style=\"color: #000000;\">In this difficult moment for everyone, also due to the criticality of the resumption of work, the ISF colleagues of Siena and Grosseto have decided to join forces to tackle the problems of the category in a unitary way.<\/span><\/p>\n<p><span style=\"color: #000000;\">It is an imperative necessity to be present and representative on the territory and to propose oneself with a single voice towards public institutions and medical associations, i.e. to become the point of reference for all the health, political and trade union authorities who intend to deal with the relationship with the scientific drug information.<\/span><\/p>\n<p><span style=\"color: #000000;\">Furthermore, being part of Fedaiisf gives further strength to the representation of the ISF at the national level. Alone we can only suffer the decisions of others without even discussing. Unity is strength!<\/span><\/p>\n<p><span style=\"color: #000000;\">The new board is made up as follows:<\/span><\/p>\n<p><span style=\"color: #000000;\">President Valter Aiello<\/span><\/p>\n<p><span style=\"color: #000000;\">Vice President Carlo Tattarini<\/span><\/p>\n<p><span style=\"color: #000000;\">Secretary Paolo Grasso<\/span><\/p>\n<p><span style=\"color: #000000;\">Treasurer Fabrizio Ippoliti<\/span><\/p>\n<p><span style=\"color: #000000;\">Counselors<\/span><br \/>\n<span style=\"color: #000000;\">Luca Laonigro<\/span><br \/>\n<span style=\"color: #000000;\">Richard Turi<\/span><br \/>\n<span style=\"color: #000000;\">Alexander Ferrara<\/span><\/p>\n<p><span style=\"color: #000000;\">Relations delegates with the Siena area<\/span><\/p>\n<p><span style=\"color: #000000;\">Vincent Sammartano<\/span><br \/>\n<span style=\"color: #000000;\">Elena Mastropietro<\/span><\/p>\n<p><span style=\"color: #000000;\">Delegates relationship with the Grosseto area<\/span><\/p>\n<p><span style=\"color: #000000;\">Andrew Camarri<\/span><br \/>\n<span style=\"color: #000000;\">Frances Benedetti<\/span><\/p>\n<p><em>Our most sincere wishes for a good job to our colleagues<\/em><\/p>","protected":false},"excerpt":{"rendered":"<p>In questo momento cos\u00ec difficile per tutti, anche per le criticit\u00e0 della ripresa dell&#8217;attivit\u00e0 lavorativa, i colleghi ISF di Siena e Grosseto hanno deciso di unire le loro forze per affrontare in modo unitario le problematiche della categoria. E&#8217; una necessit\u00e0 inderogabile essere presenti e rappresentativi sul territorio e proporsi con una sola voce verso &hellip;<\/p>","protected":false},"author":4,"featured_media":49932,"comment_status":"closed","ping_status":"closed","sticky":false,"template":"","format":"standard","meta":{"footnotes":""},"categories":[14],"tags":[],"class_list":["post-49924","post","type-post","status-publish","format-standard","has-post-thumbnail","hentry","category-news-fedaiisf"],"amp_enabled":true,"_links":{"self":[{"href":"https:\/\/www.fedaiisf.it\/en\/wp-json\/wp\/v2\/posts\/49924","targetHints":{"allow":["GET"]}}],"collection":[{"href":"https:\/\/www.fedaiisf.it\/en\/wp-json\/wp\/v2\/posts"}],"about":[{"href":"https:\/\/www.fedaiisf.it\/en\/wp-json\/wp\/v2\/types\/post"}],"author":[{"embeddable":true,"href":"https:\/\/www.fedaiisf.it\/en\/wp-json\/wp\/v2\/users\/4"}],"replies":[{"embeddable":true,"href":"https:\/\/www.fedaiisf.it\/en\/wp-json\/wp\/v2\/comments?post=49924"}],"version-history":[{"count":0,"href":"https:\/\/www.fedaiisf.it\/en\/wp-json\/wp\/v2\/posts\/49924\/revisions"}],"wp:featuredmedia":[{"embeddable":true,"href":"https:\/\/www.fedaiisf.it\/en\/wp-json\/wp\/v2\/media\/49932"}],"wp:attachment":[{"href":"https:\/\/www.fedaiisf.it\/en\/wp-json\/wp\/v2\/media?parent=49924"}],"wp:term":[{"taxonomy":"category","embeddable":true,"href":"https:\/\/www.fedaiisf.it\/en\/wp-json\/wp\/v2\/categories?post=49924"},{"taxonomy":"post_tag","embeddable":true,"href":"https:\/\/www.fedaiisf.it\/en\/wp-json\/wp\/v2\/tags?post=49924"}],"curies":[{"name":"wp","href":"https:\/\/api.w.org\/{rel}","templated":true}]}}