{"id":50034,"date":"2020-05-13T14:37:28","date_gmt":"2020-05-13T12:37:28","guid":{"rendered":"https:\/\/www.fedaiisf.it\/?p=50034"},"modified":"2020-06-25T21:02:18","modified_gmt":"2020-06-25T19:02:18","slug":"il-comunicato-unitario-delle-oo-ss-sullincontro-con-farmindustria","status":"publish","type":"post","link":"https:\/\/www.fedaiisf.it\/en\/il-comunicato-unitario-delle-oo-ss-sullincontro-con-farmindustria\/","title":{"rendered":"The unitary press release of the OO.SS. on the meeting with Farmindustria"},"content":{"rendered":"<div class=\"page\" title=\"Page 1\">\n<div class=\"layoutArea\">\n<div class=\"column\">\n<p><span style=\"color: #000000; font-family: arial, helvetica, sans-serif; font-size: 17px;\">As OO.SS. we denounced the great critical situation faced by Isf workers, pressed between the need to operate in the interests of companies and the diversified regulatory confusion throughout the national territory which makes even remote activity problematic.<\/span><\/p>\n<p><span style=\"color: #000000; font-family: arial, helvetica, sans-serif; font-size: 17px;\">We reiterated the need as well as the very strong conviction of safeguarding face-to-face activity with healthcare professionals, considering the massive use of remote activity in recent days, a purely exceptional fact, a theme which is absolutely shared by the representatives of Farmindustria; the need to regulate the activity remotely also by virtue of its partial and accessory use in the future.<\/span><\/p>\n<p><span style=\"color: #000000; font-family: arial, helvetica, sans-serif; font-size: 17px;\">The discussion produced the attached joint document, which formalises a path of continuous discussion, aimed at tackling phase 2 with the necessary precautions necessary for a safe resumption of activity.<\/span><br \/>\n<span style=\"color: #000000; font-family: arial, helvetica, sans-serif; font-size: 17px;\">On the subject of remote information, as already mentioned, it has been recognized by all as useful for managing this transitory phase, but not replaceable for in-person contact, in the long term.<\/span><\/p>\n<p><span style=\"color: #000000; font-family: arial, helvetica, sans-serif; font-size: 17px;\">We believe it is important to have reaffirmed together with Farmindustria that also in the near future personal information is and will remain the prevalent and valuable method of this activity, which alone can fully express the professionalism of informants.<\/span><\/p>\n<p><span style=\"color: #000000; font-size: 17px;\"><span style=\"font-family: arial, helvetica, sans-serif;\">This issue also reiterates the importance of work as soon as i<\/span>started within the Pharmaceutical Observatory, from a more general point of view of all aspects of the activity of the Isf.<\/span><\/p>\n<\/div>\n<\/div>\n<\/div>\n<p><a href=\"https:\/\/www.fedaiisf.it\/wp-content\/uploads\/2020\/05\/Comunicato-unitario-OO.SS_.-ISF-2.jpeg\"><img loading=\"lazy\" decoding=\"async\" class=\"size-full wp-image-50035 aligncenter\" src=\"https:\/\/www.fedaiisf.it\/wp-content\/uploads\/2020\/05\/Comunicato-unitario-OO.SS_.-ISF-2.jpeg\" alt=\"\" width=\"991\" height=\"685\" srcset=\"https:\/\/www.fedaiisf.it\/wp-content\/uploads\/2020\/05\/Comunicato-unitario-OO.SS_.-ISF-2.jpeg 991w, https:\/\/www.fedaiisf.it\/wp-content\/uploads\/2020\/05\/Comunicato-unitario-OO.SS_.-ISF-2-300x207.jpeg 300w, https:\/\/www.fedaiisf.it\/wp-content\/uploads\/2020\/05\/Comunicato-unitario-OO.SS_.-ISF-2-768x531.jpeg 768w, https:\/\/www.fedaiisf.it\/wp-content\/uploads\/2020\/05\/Comunicato-unitario-OO.SS_.-ISF-2-80x54.jpeg 80w, https:\/\/www.fedaiisf.it\/wp-content\/uploads\/2020\/05\/Comunicato-unitario-OO.SS_.-ISF-2-81x55.jpeg 81w\" sizes=\"auto, (max-width: 991px) 100vw, 991px\" \/><\/a><\/p>\n<hr \/>\n<p>Related news: <a href=\"http:\/\/www.filctemcgil.it\/images\/stories\/flexicontent\/news\/artigianato\/200513-Fulc_228__comunicato_unitario__isf.pdf\" target=\"_blank\" rel=\"noopener noreferrer\">the Communiqu\u00e9<\/a><\/p>\n<p><a href=\"http:\/\/www.filctemcgil.it\/images\/stories\/flexicontent\/news\/artigianato\/200513-Fulc_228_All1_Comunicato_congiunto_nota_unitaria_Farmindustria_ATTIVITA_DI_INFORMAZIONE_MEDICO_SCIENTIFICA_PRIORITA_E_PROSPETTIVE_PER_LA_RIPRESA_DALLEMERGENZA_COVID_19.pdf\" target=\"_blank\" rel=\"noopener noreferrer\">Joint press release Farmindustria-Trade Unions. &quot;Medical scientific information activities: priorities and perspectives for the recovery from the Covid19 emergency&quot;<\/a><\/p>\n<p>&nbsp;<\/p>","protected":false},"excerpt":{"rendered":"<p>Come OO.SS. abbiamo denunciato la grande criticit\u00e0 in cui versano i lavoratori Isf, pressati tra la necessit\u00e0 di operare nell&#8217;interesse delle aziende e la confusione normativa diversificata su tutto il territorio nazionale che rende problematica anche l\u2019attivit\u00e0 da remoto. Abbiamo ribadito la necessit\u00e0 nonch\u00e8 la fortissima convinzione della salvaguardia dell&#8217;attivit\u00e0 face to face presso gli &hellip;<\/p>","protected":false},"author":4,"featured_media":50036,"comment_status":"closed","ping_status":"closed","sticky":false,"template":"","format":"standard","meta":{"footnotes":""},"categories":[1],"tags":[],"class_list":["post-50034","post","type-post","status-publish","format-standard","has-post-thumbnail","hentry","category-notizie"],"amp_enabled":true,"_links":{"self":[{"href":"https:\/\/www.fedaiisf.it\/en\/wp-json\/wp\/v2\/posts\/50034","targetHints":{"allow":["GET"]}}],"collection":[{"href":"https:\/\/www.fedaiisf.it\/en\/wp-json\/wp\/v2\/posts"}],"about":[{"href":"https:\/\/www.fedaiisf.it\/en\/wp-json\/wp\/v2\/types\/post"}],"author":[{"embeddable":true,"href":"https:\/\/www.fedaiisf.it\/en\/wp-json\/wp\/v2\/users\/4"}],"replies":[{"embeddable":true,"href":"https:\/\/www.fedaiisf.it\/en\/wp-json\/wp\/v2\/comments?post=50034"}],"version-history":[{"count":0,"href":"https:\/\/www.fedaiisf.it\/en\/wp-json\/wp\/v2\/posts\/50034\/revisions"}],"wp:featuredmedia":[{"embeddable":true,"href":"https:\/\/www.fedaiisf.it\/en\/wp-json\/wp\/v2\/media\/50036"}],"wp:attachment":[{"href":"https:\/\/www.fedaiisf.it\/en\/wp-json\/wp\/v2\/media?parent=50034"}],"wp:term":[{"taxonomy":"category","embeddable":true,"href":"https:\/\/www.fedaiisf.it\/en\/wp-json\/wp\/v2\/categories?post=50034"},{"taxonomy":"post_tag","embeddable":true,"href":"https:\/\/www.fedaiisf.it\/en\/wp-json\/wp\/v2\/tags?post=50034"}],"curies":[{"name":"wp","href":"https:\/\/api.w.org\/{rel}","templated":true}]}}