{"id":50124,"date":"2020-05-15T18:25:12","date_gmt":"2020-05-15T16:25:12","guid":{"rendered":"https:\/\/www.fedaiisf.it\/?p=50124"},"modified":"2020-05-15T18:25:12","modified_gmt":"2020-05-15T16:25:12","slug":"sardegna-mozione-in-consiglio-regionale-la-regione-predisponga-un-piano-per-la-ripresa-dellattivita-degli-isf","status":"publish","type":"post","link":"https:\/\/www.fedaiisf.it\/en\/sardegna-mozione-in-consiglio-regionale-la-regione-predisponga-un-piano-per-la-ripresa-dellattivita-degli-isf\/","title":{"rendered":"Sardegna. Mozione in Consiglio Regionale. La Regione predisponga un piano per la ripresa dell&#8217;attivit\u00e0 degli ISF"},"content":{"rendered":"<h3 style=\"text-align: center;\">IL CONSIGLIO REGIONALE<\/h3>\n<p data-wahfont=\"18\"><span style=\"color: #000000;\"><strong>PREMESSO<\/strong> che:<\/span><br \/>\n<span style=\"color: #000000;\">\u2013 a causa dell\u2019emergenza Covid-19 si \u00e8 provveduto a rimodulare e sospendere le attivit\u00e0 ambulatoriali non urgenti sia perch\u00e9 si sono impiegati gli operatori sanitari di medicina generale nell\u2019emergenza sia per evitare i rischi di contagio;<\/span><br \/>\n<span style=\"color: #000000;\">\u2013 si \u00e8 ritenuto di sospendere tutte le attivit\u00e0 lavorative degli informatori scientifici nelle strutture del Servizio sanitario regionale e negli ambulatori di medicina generale e dei pediatri di libera scelta per prevenire la diffusione del Covid-19;<\/span><br \/>\n<span style=\"color: #000000;\">\u2013 appare essenziale e necessaria la ripresa lavorativa dei suddetti informatori scientifici, quanto meno negli ambulatori di medicina di base e dei pediatri di libera scelta;<\/span><\/p>\n<p data-wahfont=\"18\"><span style=\"color: #000000;\"><strong>CONSIDERATO<\/strong> che:<\/span><br \/>\n<span style=\"color: #000000;\">\u2013 l\u2019attivit\u00e0 degli informatori scientifici del farmaco ha nell\u2019incontro diretto col medico il momento privilegiato per un reciproco riconoscimento professionale basato su competenza e fiducia;<\/span><br \/>\n<span style=\"color: #000000;\">\u2013 in massima parte il lavoro degli informatori scientifici del farmaco e dei dispositivi medici \u00e8 organizzato attraverso appuntamenti programmati e tale organizzazione, consolidata nel tempo, favorisce il rispetto responsabile delle misure di sicurezza anti Covid;<\/span><br \/>\n<span style=\"color: #000000;\">\u2013 alcune regioni d\u2019Italia hanno gi\u00e0 stabilito un protocollo per la ripresa delle attivit\u00e0 di informazione e promozione scientifiche di tali operatori;<\/span><br \/>\n<span style=\"color: #000000;\">\u2013 si potrebbe riprendere l\u2019attivit\u00e0 proponendo tutta una serie di regole volte a garantire la sicurezza dei medici e degli stessi informatori scientifici;<\/span><\/p>\n<p data-wahfont=\"18\"><span style=\"color: #000000;\"><strong>TENUTO CONTO<\/strong> che \u00e8 ben evidente la necessit\u00e0 di provvedere con una certa urgenza, attraverso provvedimenti che possano garantire l\u2019immediata ripresa di tali attivit\u00e0 di informazione,<\/span><\/p>\n<p data-wahfont=\"18\"><span style=\"color: #000000;\"><strong>impegna il Presidente della Regione e l\u2019Assessore regionale dell\u2019igiene e sanit\u00e0 e dell\u2019assistenza sociale<\/strong><\/span><\/p>\n<p data-wahfont=\"18\"><span style=\"color: #000000;\">affinch\u00e9 si attivino per la predisposizione di un programma per la ripresa delle attivit\u00e0 lavorative e di informazione scientifica di tali informatori sopra indicati.<\/span><\/p>\n<p data-wahfont=\"18\"><span style=\"color: #000000;\">Cagliari, 14 maggio 2020<\/span><\/p>\n<p><a href=\"https:\/\/www.consregsardegna.it\/xvilegislatura\/mozioni\/259\" target=\"_blank\" rel=\"noopener noreferrer\">Mozione 259<\/a><\/p>","protected":false},"excerpt":{"rendered":"<p>IL CONSIGLIO REGIONALE PREMESSO che: \u2013 a causa dell\u2019emergenza Covid-19 si \u00e8 provveduto a rimodulare e sospendere le attivit\u00e0 ambulatoriali non urgenti sia perch\u00e9 si sono impiegati gli operatori sanitari di medicina generale nell\u2019emergenza sia per evitare i rischi di contagio; \u2013 si \u00e8 ritenuto di sospendere tutte le attivit\u00e0 lavorative degli informatori scientifici nelle &hellip;<\/p>","protected":false},"author":4,"featured_media":50126,"comment_status":"closed","ping_status":"closed","sticky":false,"template":"","format":"standard","meta":{"footnotes":""},"categories":[1],"tags":[],"class_list":["post-50124","post","type-post","status-publish","format-standard","has-post-thumbnail","hentry","category-notizie"],"amp_enabled":true,"_links":{"self":[{"href":"https:\/\/www.fedaiisf.it\/en\/wp-json\/wp\/v2\/posts\/50124","targetHints":{"allow":["GET"]}}],"collection":[{"href":"https:\/\/www.fedaiisf.it\/en\/wp-json\/wp\/v2\/posts"}],"about":[{"href":"https:\/\/www.fedaiisf.it\/en\/wp-json\/wp\/v2\/types\/post"}],"author":[{"embeddable":true,"href":"https:\/\/www.fedaiisf.it\/en\/wp-json\/wp\/v2\/users\/4"}],"replies":[{"embeddable":true,"href":"https:\/\/www.fedaiisf.it\/en\/wp-json\/wp\/v2\/comments?post=50124"}],"version-history":[{"count":0,"href":"https:\/\/www.fedaiisf.it\/en\/wp-json\/wp\/v2\/posts\/50124\/revisions"}],"wp:featuredmedia":[{"embeddable":true,"href":"https:\/\/www.fedaiisf.it\/en\/wp-json\/wp\/v2\/media\/50126"}],"wp:attachment":[{"href":"https:\/\/www.fedaiisf.it\/en\/wp-json\/wp\/v2\/media?parent=50124"}],"wp:term":[{"taxonomy":"category","embeddable":true,"href":"https:\/\/www.fedaiisf.it\/en\/wp-json\/wp\/v2\/categories?post=50124"},{"taxonomy":"post_tag","embeddable":true,"href":"https:\/\/www.fedaiisf.it\/en\/wp-json\/wp\/v2\/tags?post=50124"}],"curies":[{"name":"wp","href":"https:\/\/api.w.org\/{rel}","templated":true}]}}