{"id":50167,"date":"2020-05-16T18:33:55","date_gmt":"2020-05-16T16:33:55","guid":{"rendered":"https:\/\/www.fedaiisf.it\/?p=50167"},"modified":"2020-05-16T18:35:08","modified_gmt":"2020-05-16T16:35:08","slug":"aiisf-bergamo-il-commosso-ricordo-a-gaudenzio-bertoni","status":"publish","type":"post","link":"https:\/\/www.fedaiisf.it\/en\/aiisf-bergamo-il-commosso-ricordo-a-gaudenzio-bertoni\/","title":{"rendered":"AIISF Bergamo. Il commosso ricordo del collega Gaudenzio Bertoni"},"content":{"rendered":"<p><span style=\"color: #000000; font-size: 17px;\">Giorno 9 maggio a ricordo della Festa della Comunit\u00e0 Europea \u00e8 rinata la sezione AIISF di Bergamo. <\/span><br \/>\n<span style=\"color: #000000; font-size: 17px;\">Nasce da una guerra, quella che ci ha visto combattere contro un virus, un nemico silenzioso che entrava e toglieva salute, vite, speranze&#8230;<\/span><\/p>\n<p><span style=\"color: #000000; font-size: 17px;\">Virus che dolorosamente ci ha privato di un collega, un amico per alcuni di noi, GAUDENZIO BERTONI. <a href=\"https:\/\/www.fedaiisf.it\/wp-content\/uploads\/2020\/05\/Gaudenzio-Bertoni-ISF-Bergamo.jpeg\"><img loading=\"lazy\" decoding=\"async\" class=\"wp-image-50169 alignright\" src=\"https:\/\/www.fedaiisf.it\/wp-content\/uploads\/2020\/05\/Gaudenzio-Bertoni-ISF-Bergamo.jpeg\" alt=\"\" width=\"153\" height=\"195\" \/><\/a>Per chi non l\u2019avesse conosciuto, era il collega storico di esperienza trentennale, che faceva la zona di Treviglio e Romano di Lombardia, metodico, professionale, serio, solare, disponibile, colui che era sempre piacevole incontrare. <\/span><br \/>\n<span style=\"color: #000000; font-size: 17px;\">Il rock, il calcio, le notizie riportate dal \u201cECO\u201d, il lavoro e l\u2019amarcord, come si poteva non conversare con Gaudenzio. <\/span><\/p>\n<p><span style=\"color: #000000; font-size: 17px;\">La notizia della sua morte \u00e8 stato un terribile trauma, in un bollettino quotidiano che in quei giorni assurdi parlava di uomini sconfitti dal virus, apprendere della morte di un collega, di un amico, ti colpisce nel profondo dell\u2019animo. <\/span><\/p>\n<p><span style=\"color: #000000; font-size: 17px;\">Una morte in questo periodo ancora pi\u00f9 tragica, che nega anche il diritto al commiato, all\u2019ultimo saluto.<\/span><br \/>\n<span style=\"color: #000000; font-size: 17px;\">Una morte in solitudine, epilogo tragico di una malattia priva di qualsiasi conforto.<\/span><\/p>\n<p><span style=\"color: #000000; font-size: 17px;\">Nella fase di emergenza la scomparsa di Gaudenzio, \u00e8 stata una morte isolata, forse rimossa, ma noi colleghi e amici non accettiamo il lockdown dei sentimenti, perch\u00e9 Gaudenzio era uno di noi!!<\/span><\/p>\n<p><span style=\"color: #000000; font-size: 17px;\"><a href=\"https:\/\/www.fedaiisf.it\/wp-content\/uploads\/2020\/05\/Bergamo-bare-vescovo.jpg\"><img loading=\"lazy\" decoding=\"async\" class=\"wp-image-50172 alignleft\" src=\"https:\/\/www.fedaiisf.it\/wp-content\/uploads\/2020\/05\/Bergamo-bare-vescovo.jpg\" alt=\"\" width=\"297\" height=\"167\" srcset=\"https:\/\/www.fedaiisf.it\/wp-content\/uploads\/2020\/05\/Bergamo-bare-vescovo.jpg 560w, https:\/\/www.fedaiisf.it\/wp-content\/uploads\/2020\/05\/Bergamo-bare-vescovo-300x169.jpg 300w, https:\/\/www.fedaiisf.it\/wp-content\/uploads\/2020\/05\/Bergamo-bare-vescovo-390x220.jpg 390w\" sizes=\"auto, (max-width: 297px) 100vw, 297px\" \/><\/a>Cos\u00ec abbiamo pensato di unire colleghi e amici, insieme, uniti in un lutto collettivo, perch\u00e9 tutto questo rimanga nella memoria ed il suo ricordo sopravviva.<\/span><\/p>\n<p><span style=\"color: #000000; font-size: 17px;\">CHI RESTA \u00c8 PI\u00d9 SOLO, \u00c8 IMPOVERITO DEL TUO MONDO, PARTE DEL NOSTRO MONDO.<\/span><br \/>\n<span style=\"color: #000000; font-size: 17px;\">Ed \u00e8 questo il mondo che noi vorremmo testimoniare dedicando il nome dell\u2019associazione appena rinata a Te:<\/span><br \/>\n<span style=\"color: #000000; font-size: 17px;\">GAUDENZIO BERTONI.<\/span><\/p>\n<p><span style=\"color: #000000; font-size: 17px;\">Ci tenevamo a condividere con vuoi tutti questa dedica proprio oggi, nel giorno del suo sessantaquattresimo compleanno.<\/span><\/p>\n<p><span style=\"color: #000000; font-size: 17px;\">A GAUDENZIO.<\/span><\/p>\n<p><span style=\"color: #000000; font-size: 17px;\">A nome di tutti i colleghi della rinata sezione AIISF di Bergamo \u201cGAUDENZIO BERTONI\u201d<\/span><\/p>\n<p><a href=\"https:\/\/www.fedaiisf.it\/wp-content\/uploads\/2020\/05\/AIISF-Bergamo-Gaudenzio-Bertoni.jpeg\"><img loading=\"lazy\" decoding=\"async\" class=\"size-full wp-image-50174 aligncenter\" src=\"https:\/\/www.fedaiisf.it\/wp-content\/uploads\/2020\/05\/AIISF-Bergamo-Gaudenzio-Bertoni.jpeg\" alt=\"\" width=\"752\" height=\"292\" srcset=\"https:\/\/www.fedaiisf.it\/wp-content\/uploads\/2020\/05\/AIISF-Bergamo-Gaudenzio-Bertoni.jpeg 752w, https:\/\/www.fedaiisf.it\/wp-content\/uploads\/2020\/05\/AIISF-Bergamo-Gaudenzio-Bertoni-300x116.jpeg 300w\" sizes=\"auto, (max-width: 752px) 100vw, 752px\" \/><\/a><\/p>\n<hr \/>\n<p>&nbsp;<\/p>\n<p><a href=\"https:\/\/www.fedaiisf.it\/wp-content\/uploads\/2020\/05\/Morte.jpeg\"><img loading=\"lazy\" decoding=\"async\" class=\"wp-image-50175 alignright\" src=\"https:\/\/www.fedaiisf.it\/wp-content\/uploads\/2020\/05\/Morte.jpeg\" alt=\"\" width=\"245\" height=\"155\" \/><\/a><\/p>","protected":false},"excerpt":{"rendered":"<p>Giorno 9 maggio a ricordo della Festa della Comunit\u00e0 Europea \u00e8 rinata la sezione AIISF di Bergamo. Nasce da una guerra, quella che ci ha visto combattere contro un virus, un nemico silenzioso che entrava e toglieva salute, vite, speranze&#8230; Virus che dolorosamente ci ha privato di un collega, un amico per alcuni di noi, &hellip;<\/p>","protected":false},"author":4,"featured_media":50171,"comment_status":"closed","ping_status":"closed","sticky":false,"template":"","format":"standard","meta":{"footnotes":""},"categories":[14],"tags":[],"class_list":["post-50167","post","type-post","status-publish","format-standard","has-post-thumbnail","hentry","category-news-fedaiisf"],"amp_enabled":true,"_links":{"self":[{"href":"https:\/\/www.fedaiisf.it\/en\/wp-json\/wp\/v2\/posts\/50167","targetHints":{"allow":["GET"]}}],"collection":[{"href":"https:\/\/www.fedaiisf.it\/en\/wp-json\/wp\/v2\/posts"}],"about":[{"href":"https:\/\/www.fedaiisf.it\/en\/wp-json\/wp\/v2\/types\/post"}],"author":[{"embeddable":true,"href":"https:\/\/www.fedaiisf.it\/en\/wp-json\/wp\/v2\/users\/4"}],"replies":[{"embeddable":true,"href":"https:\/\/www.fedaiisf.it\/en\/wp-json\/wp\/v2\/comments?post=50167"}],"version-history":[{"count":0,"href":"https:\/\/www.fedaiisf.it\/en\/wp-json\/wp\/v2\/posts\/50167\/revisions"}],"wp:featuredmedia":[{"embeddable":true,"href":"https:\/\/www.fedaiisf.it\/en\/wp-json\/wp\/v2\/media\/50171"}],"wp:attachment":[{"href":"https:\/\/www.fedaiisf.it\/en\/wp-json\/wp\/v2\/media?parent=50167"}],"wp:term":[{"taxonomy":"category","embeddable":true,"href":"https:\/\/www.fedaiisf.it\/en\/wp-json\/wp\/v2\/categories?post=50167"},{"taxonomy":"post_tag","embeddable":true,"href":"https:\/\/www.fedaiisf.it\/en\/wp-json\/wp\/v2\/tags?post=50167"}],"curies":[{"name":"wp","href":"https:\/\/api.w.org\/{rel}","templated":true}]}}