{"id":50214,"date":"2020-05-19T11:10:27","date_gmt":"2020-05-19T09:10:27","guid":{"rendered":"https:\/\/www.fedaiisf.it\/?p=50214"},"modified":"2020-05-19T11:10:27","modified_gmt":"2020-05-19T09:10:27","slug":"comunicato-isf-lusofarmaco-la-direzione-aziendale-non-proceda-con-decisioni-unilaterali-non-condivise-con-rsu","status":"publish","type":"post","link":"https:\/\/www.fedaiisf.it\/en\/comunicato-isf-lusofarmaco-la-direzione-aziendale-non-proceda-con-decisioni-unilaterali-non-condivise-con-rsu\/","title":{"rendered":"ISF press release Lusofarmaco. The Company Management does not proceed with unilateral decisions, not shared with the RSU"},"content":{"rendered":"<div class=\"page\" title=\"Page 1\">\n<div class=\"layoutArea\">\n<div class=\"column\">\n<p><span style=\"color: #000000; font-size: 17px;\">L\u2019Assemblea della Rete Esterna LUSOFARMACO, riunitasi in via telematica in data 15\/05\/2020, ha visto la partecipazione di oltre 100 colleghi (numero ridotto a causa dei limiti numerici imposti dalla versione della piattaforma) che hanno condiviso la relazione introduttiva presentata dalla R.S.U. e dalle OO.SS.<\/span><\/p>\n<p><span style=\"color: #000000; font-size: 17px;\">In particolare \u00e8 stata sostenuta la necessit\u00e0 di avviare un approfondito confronto con la Direzione Aziendale, sulle modalit\u00e0 per esercitare l\u2019informazione scientifica da remoto, affinch\u00e9 la stessa Direzione Aziendale non proceda con decisioni unilaterali, non condivise con la R.S.U.<\/span><\/p>\n<p><span style=\"color: #000000; font-size: 17px;\"><a href=\"https:\/\/www.fedaiisf.it\/wp-content\/uploads\/2020\/04\/ISF_virus.jpg\"><img loading=\"lazy\" decoding=\"async\" class=\"wp-image-49440 alignright\" src=\"https:\/\/www.fedaiisf.it\/wp-content\/uploads\/2020\/04\/ISF_virus.jpg\" alt=\"\" width=\"351\" height=\"192\" srcset=\"https:\/\/www.fedaiisf.it\/wp-content\/uploads\/2020\/04\/ISF_virus.jpg 620w, https:\/\/www.fedaiisf.it\/wp-content\/uploads\/2020\/04\/ISF_virus-300x164.jpg 300w, https:\/\/www.fedaiisf.it\/wp-content\/uploads\/2020\/04\/ISF_virus-546x300.jpg 546w\" sizes=\"auto, (max-width: 351px) 100vw, 351px\" \/><\/a>In questa fase di grave emergenza, che auspichiamo si risolva nel pi\u00f9 breve tempo, \u00e8 necessario che su tutto il territorio nazionale le procedure operative siano il pi\u00f9 possibile omogenee, evitando il verificarsi di indebite pressioni sui colleghi.<\/span><\/p>\n<p><span style=\"color: #000000; font-size: 17px;\">\u00c8 stata ribadita l\u2019urgenza di coinvolgere tutta la Forza Esterna in corsi di formazione in grado di fornire strumenti adeguati, al fine di poter svolgere nel migliore dei modi l\u2019attivit\u00e0 di informazione scientifica. In questa fase inoltre, l\u2019utilizzo di sistemi nuovi e diversi necessitano integrazione di adeguato materiale scientifico, attualmente non disponibile.<\/span><\/p>\n<p><span style=\"color: #000000; font-size: 17px;\">E\u2019 anche emersa una forte preoccupazione perch\u00e9 i rapporti decennali costruiti grazie alla professionalit\u00e0 dei lavoratori con la classe medica, rischiano di essere messi a repentaglio da inutili forzature imposte dall\u2019azienda.<\/span><\/p>\n<p><span style=\"color: #000000; font-size: 17px;\">Qualora dovessero perdurare le continue difficolt\u00e0 nelle relazioni sindacali, che impediscono un confronto costruttivo a livello locale e non consentono di realizzare soluzioni condivise, l&#8217;Assemblea esorta le OO.SS. a coinvolgere e coordinare tutte le Societ\u00e0 del Gruppo per individuare linee guida e comportamenti aziendali rispettosi del CCNL, delle leggi vigenti e dell\u2019attivit\u00e0 professionale degli I.S.F.<\/span><\/p>\n<p><span style=\"color: #000000; font-size: 17px;\">L\u2019Assemblea chiede che sia fatta chiarezza sulle modalit\u00e0 di gestione della privacy di tutti gli attori coinvolti nell&#8217;attivit\u00e0 da remoto in ottemperanza al GDPR n. 2016\/679.<\/span><\/p>\n<p><span style=\"color: #000000; font-size: 17px;\">L\u2019Assemblea, nel manifestare grande soddisfazione per la massiccia partecipazione alla discussione, esprime tutto il proprio sostegno al lavoro svolto dalla R.S.U. e dal Sindacato, ai quali conferma apprezzamento e fiducia anche nelle prossime trattative che saranno portate avanti per rispondere alle esigenze emerse.<\/span><\/p>\n<\/div>\n<\/div>\n<div class=\"layoutArea\">\n<p><span style=\"color: #000000; font-size: 17px;\">RSU LUSOFARMACO:\u00a0Erika Basanisi, Agostino Di Giovanni, Fabio Sponcichetti, Walter Tramonte<\/span><\/p>\n<div class=\"column\">\n<p><span style=\"color: #000000; font-size: 17px;\">OO.SS.: Salvatore Di Rago FEMCA-CISL; Giancarlo Lombardo FILCTEM-CGIL.<\/span><\/p>\n<\/div>\n<\/div>\n<\/div>\n<hr \/>\n<p>&nbsp;<\/p>","protected":false},"excerpt":{"rendered":"<p>L\u2019Assemblea della Rete Esterna LUSOFARMACO, riunitasi in via telematica in data 15\/05\/2020, ha visto la partecipazione di oltre 100 colleghi (numero ridotto a causa dei limiti numerici imposti dalla versione della piattaforma) che hanno condiviso la relazione introduttiva presentata dalla R.S.U. e dalle OO.SS. In particolare \u00e8 stata sostenuta la necessit\u00e0 di avviare un approfondito &hellip;<\/p>","protected":false},"author":4,"featured_media":50218,"comment_status":"closed","ping_status":"closed","sticky":false,"template":"","format":"standard","meta":{"footnotes":""},"categories":[1],"tags":[],"class_list":["post-50214","post","type-post","status-publish","format-standard","has-post-thumbnail","hentry","category-notizie"],"amp_enabled":true,"_links":{"self":[{"href":"https:\/\/www.fedaiisf.it\/en\/wp-json\/wp\/v2\/posts\/50214","targetHints":{"allow":["GET"]}}],"collection":[{"href":"https:\/\/www.fedaiisf.it\/en\/wp-json\/wp\/v2\/posts"}],"about":[{"href":"https:\/\/www.fedaiisf.it\/en\/wp-json\/wp\/v2\/types\/post"}],"author":[{"embeddable":true,"href":"https:\/\/www.fedaiisf.it\/en\/wp-json\/wp\/v2\/users\/4"}],"replies":[{"embeddable":true,"href":"https:\/\/www.fedaiisf.it\/en\/wp-json\/wp\/v2\/comments?post=50214"}],"version-history":[{"count":0,"href":"https:\/\/www.fedaiisf.it\/en\/wp-json\/wp\/v2\/posts\/50214\/revisions"}],"wp:featuredmedia":[{"embeddable":true,"href":"https:\/\/www.fedaiisf.it\/en\/wp-json\/wp\/v2\/media\/50218"}],"wp:attachment":[{"href":"https:\/\/www.fedaiisf.it\/en\/wp-json\/wp\/v2\/media?parent=50214"}],"wp:term":[{"taxonomy":"category","embeddable":true,"href":"https:\/\/www.fedaiisf.it\/en\/wp-json\/wp\/v2\/categories?post=50214"},{"taxonomy":"post_tag","embeddable":true,"href":"https:\/\/www.fedaiisf.it\/en\/wp-json\/wp\/v2\/tags?post=50214"}],"curies":[{"name":"wp","href":"https:\/\/api.w.org\/{rel}","templated":true}]}}