{"id":50220,"date":"2020-05-19T18:57:54","date_gmt":"2020-05-19T16:57:54","guid":{"rendered":"https:\/\/www.fedaiisf.it\/?p=50220"},"modified":"2020-05-21T12:03:00","modified_gmt":"2020-05-21T10:03:00","slug":"fedaiisf-sardegna-comunicato-stampa-gli-isf-chiedono-la-ripresa-dellattivita-dinformazione-scientifica-ed-essere-considerati-con-pari-dignita-e-diritti-di-tutti-i-lavoratori","status":"publish","type":"post","link":"https:\/\/www.fedaiisf.it\/en\/fedaiisf-sardegna-comunicato-stampa-gli-isf-chiedono-la-ripresa-dellattivita-dinformazione-scientifica-ed-essere-considerati-con-pari-dignita-e-diritti-di-tutti-i-lavoratori\/","title":{"rendered":"Fedaisf Sardinia. Press release: the ISFs ask for the resumption of scientific information activities and to be considered with equal dignity and rights of all workers."},"content":{"rendered":"<p><span style=\"color: #000000; font-size: 17px;\">Cagliari, 19 maggio 2020 &#8211; Ambulatori blindati, 1000 Informatori Scientifici del Farmaco della Sardegna hanno chiesto al presidente della Regione Christian Solinas e all\u2019assessore Mario Nieddu di poter tornare a <a href=\"https:\/\/www.fedaiisf.it\/wp-content\/uploads\/2020\/05\/solinas_nieddu-sardegna.png\"><img loading=\"lazy\" decoding=\"async\" class=\"wp-image-50222 alignright\" src=\"https:\/\/www.fedaiisf.it\/wp-content\/uploads\/2020\/05\/solinas_nieddu-sardegna.png\" alt=\"\" width=\"377\" height=\"217\" srcset=\"https:\/\/www.fedaiisf.it\/wp-content\/uploads\/2020\/05\/solinas_nieddu-sardegna.png 632w, https:\/\/www.fedaiisf.it\/wp-content\/uploads\/2020\/05\/solinas_nieddu-sardegna-300x173.png 300w\" sizes=\"auto, (max-width: 377px) 100vw, 377px\" \/><\/a>incontrare di persona i medici di famiglia, riavviando l\u2019attivit\u00e0 di informazione scientifica sospesa a causa della pandemia da Covid-19. <\/span><\/p>\n<p><span style=\"color: #000000; font-size: 17px;\">L\u2019istanza inviata alla Regione a nome di tutta la categoria porta la firma di Arturo Uleri, coordinatore per la Sardegna della Federazione delle associazioni italiane degli Informatori Scientifici del Farmaco. I professionisti del settore chiedono di poter entrare a pieno titolo nella Fase 2 ed essere considerati con pari dignit\u00e0 e diritti di tutti i lavoratori. <\/span><\/p>\n<p><span style=\"color: #000000; font-size: 17px;\">Grazie alla loro preparazione \u2013 spiega Uleri -, sono in grado di superare le incertezze delle ordinanze che ancora una volta hanno inspiegabilmente prorogato la data di ripresa della propria attivit\u00e0 e ritengono che questa sia una decisione presa senza un\u2019adeguata spiegazione, quasi a voler considerare questo\u00a0 professionista un rischio aggiunto, in ambiente ambulatoriale, alla diffusione del virus. <\/span><\/p>\n<p><span style=\"color: #000000; font-size: 17px;\"><a href=\"https:\/\/www.fedaiisf.it\/wp-content\/uploads\/2017\/07\/ISF-agente-remoto.png\"><img loading=\"lazy\" decoding=\"async\" class=\"wp-image-40913 alignleft\" src=\"https:\/\/www.fedaiisf.it\/wp-content\/uploads\/2017\/07\/ISF-agente-remoto.png\" alt=\"\" width=\"161\" height=\"160\" srcset=\"https:\/\/www.fedaiisf.it\/wp-content\/uploads\/2017\/07\/ISF-agente-remoto.png 398w, https:\/\/www.fedaiisf.it\/wp-content\/uploads\/2017\/07\/ISF-agente-remoto-300x298.png 300w, https:\/\/www.fedaiisf.it\/wp-content\/uploads\/2017\/07\/ISF-agente-remoto-150x150.png 150w, https:\/\/www.fedaiisf.it\/wp-content\/uploads\/2017\/07\/ISF-agente-remoto-36x36.png 36w\" sizes=\"auto, (max-width: 161px) 100vw, 161px\" \/><\/a>In questa Fase2 verranno ravviate numerose altre attivit\u00e0, in merito alle quali, probabilmente il rischio di contagio e diffusione del virus, sar\u00e0 ulteriormente accentuato. L\u2019informazione da remoto non \u00e8 certo l\u2019essenza di questa professione che al contrario, si basa sul contatto diretto per uno scambio di informazioni istantaneo con tutto il personale sanitario interessato. <\/span><\/p>\n<p><span style=\"color: #000000; font-size: 17px;\">L\u2019Informatore Scientifico del farmaco \u2013 tiene a precisare Uleri &#8211; deve essere considerato un consulente del medico, come lo \u00e8 di fatto e in base a quanto sancito dal D.lgs 219\/06. Gli informatori scientifici chiedono di poter accedere presso gli studi della medicina di famiglia e i pediatri di libera scelta, attraverso appuntamenti programmati, seguendo i rigidi protocolli contro il Covid-19 e nel rispetto della delibera numero 51\/21 del 18\/12\/2019. <\/span><\/p>\n<p><span style=\"color: #000000; font-size: 17px;\">\u201cChiediamo al presidente Solinas \u2013 conclude il coordinatore regionale della Federazione &#8211; solo di poter riprendere l\u2019attivit\u00e0 di informazione scientifica del farmaco, cos\u00ec come gi\u00e0 autorizzata in tante altre regioni d\u2019Italia, per scongiurare gravi ripercussioni di carattere occupazionale e per assicurare continuit\u00e0 nella informazione farmaceutica ai medici di base e ai pediatri\u201d.<\/span><\/p>\n<p>Comunicato Stampa Fedaiisf Sardegna<\/p>\n<p>Related news: <a href=\"https:\/\/www.buongiornoalghero.it\/contenuto\/0\/11\/164598\/gli-informatori-scientifici-chiedono-alla-regione-di-riprendere-il-lavoro\" target=\"_blank\" rel=\"noopener noreferrer\">Buongiorno Alghero.\u00a0<span id=\"cntBody_lblTitolo\">GLI INFORMATORI SCIENTIFICI CHIEDONO ALLA REGIONE DI RIPRENDERE IL LAVORO<\/span><\/a><\/p>","protected":false},"excerpt":{"rendered":"<p>Cagliari, 19 maggio 2020 &#8211; Ambulatori blindati, 1000 Informatori Scientifici del Farmaco della Sardegna hanno chiesto al presidente della Regione Christian Solinas e all\u2019assessore Mario Nieddu di poter tornare a incontrare di persona i medici di famiglia, riavviando l\u2019attivit\u00e0 di informazione scientifica sospesa a causa della pandemia da Covid-19. L\u2019istanza inviata alla Regione a nome &hellip;<\/p>","protected":false},"author":4,"featured_media":50224,"comment_status":"closed","ping_status":"closed","sticky":false,"template":"","format":"standard","meta":{"footnotes":""},"categories":[14],"tags":[],"class_list":["post-50220","post","type-post","status-publish","format-standard","has-post-thumbnail","hentry","category-news-fedaiisf"],"amp_enabled":true,"_links":{"self":[{"href":"https:\/\/www.fedaiisf.it\/en\/wp-json\/wp\/v2\/posts\/50220","targetHints":{"allow":["GET"]}}],"collection":[{"href":"https:\/\/www.fedaiisf.it\/en\/wp-json\/wp\/v2\/posts"}],"about":[{"href":"https:\/\/www.fedaiisf.it\/en\/wp-json\/wp\/v2\/types\/post"}],"author":[{"embeddable":true,"href":"https:\/\/www.fedaiisf.it\/en\/wp-json\/wp\/v2\/users\/4"}],"replies":[{"embeddable":true,"href":"https:\/\/www.fedaiisf.it\/en\/wp-json\/wp\/v2\/comments?post=50220"}],"version-history":[{"count":0,"href":"https:\/\/www.fedaiisf.it\/en\/wp-json\/wp\/v2\/posts\/50220\/revisions"}],"wp:featuredmedia":[{"embeddable":true,"href":"https:\/\/www.fedaiisf.it\/en\/wp-json\/wp\/v2\/media\/50224"}],"wp:attachment":[{"href":"https:\/\/www.fedaiisf.it\/en\/wp-json\/wp\/v2\/media?parent=50220"}],"wp:term":[{"taxonomy":"category","embeddable":true,"href":"https:\/\/www.fedaiisf.it\/en\/wp-json\/wp\/v2\/categories?post=50220"},{"taxonomy":"post_tag","embeddable":true,"href":"https:\/\/www.fedaiisf.it\/en\/wp-json\/wp\/v2\/tags?post=50220"}],"curies":[{"name":"wp","href":"https:\/\/api.w.org\/{rel}","templated":true}]}}