{"id":50283,"date":"2020-05-21T13:35:16","date_gmt":"2020-05-21T11:35:16","guid":{"rendered":"https:\/\/www.fedaiisf.it\/?p=50283"},"modified":"2020-05-21T13:35:16","modified_gmt":"2020-05-21T11:35:16","slug":"avellino-proposta-di-un-consigliere-comunale-farmacia-sociale-con-i-campioni-distribuiti-dagli-isf","status":"publish","type":"post","link":"https:\/\/www.fedaiisf.it\/en\/avellino-proposta-di-un-consigliere-comunale-farmacia-sociale-con-i-campioni-distribuiti-dagli-isf\/","title":{"rendered":"Avellino. Proposta di un consigliere comunale. Farmacia sociale con i campioni distribuiti dagli ISF"},"content":{"rendered":"<p>Il Consigliere Comunale del gruppo \u201cLaboratorio Avellino\u201d, Carmine Montanile, rivolge a<strong>ll\u2019Amministrazione comunale l\u2019invito accorato di liberare quelle risorse economiche necessarie a sostenere le persone non solo in questo momento di disagio ma anche nella fase post emergenza<\/strong>.<\/p>\n<p><a href=\"https:\/\/www.fedaiisf.it\/wp-content\/uploads\/2020\/05\/montanile-avellino-696x449-1.jpg\"><img loading=\"lazy\" decoding=\"async\" class=\"wp-image-50287 alignright\" src=\"https:\/\/www.fedaiisf.it\/wp-content\/uploads\/2020\/05\/montanile-avellino-696x449-1.jpg\" alt=\"\" width=\"331\" height=\"214\" srcset=\"https:\/\/www.fedaiisf.it\/wp-content\/uploads\/2020\/05\/montanile-avellino-696x449-1.jpg 696w, https:\/\/www.fedaiisf.it\/wp-content\/uploads\/2020\/05\/montanile-avellino-696x449-1-300x194.jpg 300w, https:\/\/www.fedaiisf.it\/wp-content\/uploads\/2020\/05\/montanile-avellino-696x449-1-179x116.jpg 179w, https:\/\/www.fedaiisf.it\/wp-content\/uploads\/2020\/05\/montanile-avellino-696x449-1-367x237.jpg 367w\" sizes=\"auto, (max-width: 331px) 100vw, 331px\" \/><\/a>Fra le ipotesi formulate c&#8217;\u00e8 anche quella di istituire una farmacia sociale.\u00a0Non si tratta di una Farmacia in senso stretto ma di una struttura erogatrice di prestazioni che supera i tre modelli tipici di una farmacia e cio\u00e8 quello tradizionale, il commerciale e quello dei servizi. Si tratta di un nuovo progetto organizzativo che in un certo senso oltrepassa quelli classici, sintetizzandoli e non prevaricandoli. La farmacia sociale ha in definitiva come unico obiettivo la comprensione e la soddisfazione della complessit\u00e0 dei bisogni dei cittadini, amplificati dall\u2019emergenza epidemiologica<\/p>\n<p><span style=\"color: #000000;\"><strong>RACCOLTA E DISTRIBUZIONE DEI FARMACI<\/strong><\/span><\/p>\n<p><span style=\"color: #000000;\">Consiste semplicemente di un servizio di raccolta e distribuzione gratuita dei farmaci e\/o dei <strong>cosiddetti campioni dei farmaci. Cio\u00e8 di quelle formulazioni di medicinali che vengono gratuitamente lasciati ai medici dagli Informatori Scientifici del Farmaco.<\/strong>\u00a0\u00a0 <\/span><\/p>\n<p><span style=\"color: #000000;\"><strong>Si pu\u00f2 pensare di organizzare un sistema di raccolta periodica presso gli Ambulatori dei Medici, con tempi e modi concordati, con il coinvolgimento dell\u2019Ordine professionale.<\/strong> Con decreto del Ministero della Salute del 13 febbraio 2018, pubblicato sulla Gazzetta Ufficiale della Repubblica Italiana, serie generale n. 80 del 6\/4\/2018, sono state individuate le modalit\u00e0 che rendono possibile la donazione di medicinali per uso umano non utilizzati a Enti del Terso Settore. <\/span><\/p>\n<p><span style=\"color: #000000;\">Chi pu\u00f2 effettuare le donazioni? Farmacie, parafarmacie, grossisti e le imprese titolari di A.I.C., i loro <a href=\"https:\/\/www.fedaiisf.it\/wp-content\/uploads\/2016\/06\/isf.38064796_ml.jpg\"><img loading=\"lazy\" decoding=\"async\" class=\"wp-image-26472 alignleft\" src=\"https:\/\/www.fedaiisf.it\/wp-content\/uploads\/2016\/06\/isf.38064796_ml-1024x533.jpg\" alt=\"\" width=\"386\" height=\"201\" srcset=\"https:\/\/www.fedaiisf.it\/wp-content\/uploads\/2016\/06\/isf.38064796_ml-1024x533.jpg 1024w, https:\/\/www.fedaiisf.it\/wp-content\/uploads\/2016\/06\/isf.38064796_ml-300x156.jpg 300w, https:\/\/www.fedaiisf.it\/wp-content\/uploads\/2016\/06\/isf.38064796_ml-768x400.jpg 768w, https:\/\/www.fedaiisf.it\/wp-content\/uploads\/2016\/06\/isf.38064796_ml-1536x800.jpg 1536w, https:\/\/www.fedaiisf.it\/wp-content\/uploads\/2016\/06\/isf.38064796_ml.jpg 1678w\" sizes=\"auto, (max-width: 386px) 100vw, 386px\" \/><\/a>rappresentanti locali, i loro concessionari per la vendita e i loro distributori. Quanto ai destinatari, devono presentare alcuni requisiti: disponibilit\u00e0 di un magazzino atto a conservare adeguatamente i medicinali, presenza di un responsabile medico che proceda a individuare i medicinali che possono essere accettati e di un farmacista, iscritto all\u2019Ordine, cui spetta la presa in carico, verifica, custodia e distribuzione dei medicinali donati. <\/span><\/p>\n<p><span style=\"color: #000000;\">Sempre al farmacista spetta verificare l\u2019integrit\u00e0 del confezionamento, lo stato di conservazione e la validit\u00e0, oltrech\u00e9 la rispondenza alle disposizioni del decreto stesso, e la registrazione dei medicinali presi in carico in un\u2019apposita banca dati. <\/span><\/p>\n<p><span style=\"color: #000000;\">Infine, possono essere donati i farmaci per uso umano dotati di AIC, (etici, SOP e OTC), <strong><u>compresi i campioni gratuiti<\/u><\/strong> e quelli di importazione parallela. Ovviamente i farmaci devono essere legalmente detenuti dal donatore, non scaduti, correttamente conservati e con confezionamento primario e secondario integri. <\/span><\/p>\n<p><span style=\"color: #000000;\">E\u2019 possibile un\u2019eccezione per i farmaci non commercializzati \u00abper imperfezioni del confezionamento secondario che non ne modifichino l\u2019idoneit\u00e0 all\u2019uso\u00bb. Ma \u00e8 utile ricordare che, ai sensi della legge vigente, \u00abnon possono essere oggetto di donazione i medicinali da conservare in frigorifero a temperature controllate, i medicinali contenenti sostanze stupefacenti o psicotrope e quelli dispensabili solo in strutture ospedaliere o in strutture a esse assimilabili\u00bb, nonch\u00e9 quelli \u00aboggetto di provvedimenti restrittivi emanati dall\u2019Agenzia italiana del farmaco\u00bb.<\/span><\/p>\n<p><a href=\"https:\/\/www.ilciriaco.it\/21\/05\/2020\/farmacia-sociale-accoglienza-ai-senza-tetto-e-lotta-alla-violenza-di-genere-un-impegno-per-la-ripartenza\/\" target=\"_blank\" rel=\"noopener noreferrer\">Estratto dal Ciriaco &#8211; 21 maggio 2020<\/a><\/p>\n<p>Related news:<a href=\"https:\/\/www.fedaiisf.it\/en\/campioni-gratuiti-di-medicinali\/\" target=\"_blank\" rel=\"noopener noreferrer\">\u00a0<strong>Free samples of medicines<\/strong><\/a><\/p>\n<p><a href=\"http:\/\/www.massimofranzin.it\/pdf\/respgiuridicasomm.pdf\" target=\"_blank\" rel=\"noopener noreferrer\">La responsabilit\u00e0 giuridica dei professionisti della salute nella prescrizione e nella somministrazione dei farmaci<\/a><\/p>","protected":false},"excerpt":{"rendered":"<p>Il Consigliere Comunale del gruppo \u201cLaboratorio Avellino\u201d, Carmine Montanile, rivolge all\u2019Amministrazione comunale l\u2019invito accorato di liberare quelle risorse economiche necessarie a sostenere le persone non solo in questo momento di disagio ma anche nella fase post emergenza. Fra le ipotesi formulate c&#8217;\u00e8 anche quella di istituire una farmacia sociale.\u00a0Non si tratta di una Farmacia in &hellip;<\/p>","protected":false},"author":4,"featured_media":50291,"comment_status":"closed","ping_status":"closed","sticky":false,"template":"","format":"standard","meta":{"footnotes":""},"categories":[1],"tags":[],"class_list":["post-50283","post","type-post","status-publish","format-standard","has-post-thumbnail","hentry","category-notizie"],"amp_enabled":true,"_links":{"self":[{"href":"https:\/\/www.fedaiisf.it\/en\/wp-json\/wp\/v2\/posts\/50283","targetHints":{"allow":["GET"]}}],"collection":[{"href":"https:\/\/www.fedaiisf.it\/en\/wp-json\/wp\/v2\/posts"}],"about":[{"href":"https:\/\/www.fedaiisf.it\/en\/wp-json\/wp\/v2\/types\/post"}],"author":[{"embeddable":true,"href":"https:\/\/www.fedaiisf.it\/en\/wp-json\/wp\/v2\/users\/4"}],"replies":[{"embeddable":true,"href":"https:\/\/www.fedaiisf.it\/en\/wp-json\/wp\/v2\/comments?post=50283"}],"version-history":[{"count":0,"href":"https:\/\/www.fedaiisf.it\/en\/wp-json\/wp\/v2\/posts\/50283\/revisions"}],"wp:featuredmedia":[{"embeddable":true,"href":"https:\/\/www.fedaiisf.it\/en\/wp-json\/wp\/v2\/media\/50291"}],"wp:attachment":[{"href":"https:\/\/www.fedaiisf.it\/en\/wp-json\/wp\/v2\/media?parent=50283"}],"wp:term":[{"taxonomy":"category","embeddable":true,"href":"https:\/\/www.fedaiisf.it\/en\/wp-json\/wp\/v2\/categories?post=50283"},{"taxonomy":"post_tag","embeddable":true,"href":"https:\/\/www.fedaiisf.it\/en\/wp-json\/wp\/v2\/tags?post=50283"}],"curies":[{"name":"wp","href":"https:\/\/api.w.org\/{rel}","templated":true}]}}