{"id":50309,"date":"2020-05-22T12:00:48","date_gmt":"2020-05-22T10:00:48","guid":{"rendered":"https:\/\/www.fedaiisf.it\/?p=50309"},"modified":"2020-05-28T18:29:35","modified_gmt":"2020-05-28T16:29:35","slug":"lombardia-attivita-isf-da-remoto-in-via-eccezionale-anche-in-presenza","status":"publish","type":"post","link":"https:\/\/www.fedaiisf.it\/en\/lombardia-attivita-isf-da-remoto-in-via-eccezionale-anche-in-presenza\/","title":{"rendered":"Lombardy. Remote ISF activities, exceptionally also in presence"},"content":{"rendered":"<p><strong><span style=\"font-family: arial, helvetica, sans-serif; font-size: 17px; color: #000000;\">Oggetto: COVID 19 Fase 2 &#8211; Indicazioni in merito all\u2019attivit\u00e0 di informazione e promozione scientifica nelle strutture del SSR e negli ambulatori dei MMG e PLS.<\/span><\/strong><\/p>\n<p><span style=\"font-family: arial, helvetica, sans-serif; font-size: 18px; color: #000000;\">Le seguenti indicazioni sono temporanee, in quanto connesse all&#8217;emergenza epidemiologica da COVID-19, e hanno la finalit\u00e0 di facilitare le attivit\u00e0 di Informazione medico-scientifica affinch\u00e9 venga garantita l\u2019uniformit\u00e0 sul territorio regionale.<\/span><\/p>\n<p><span style=\"font-family: arial, helvetica, sans-serif; font-size: 18px; color: #000000;\">Al fine di garantire la sicurezza di tutti gli operatoti coinvolti, in merito alle forme di confronto diretto di informatori\/promotori coi professionisti e rappresentanti istituzionali del SSR per la presentazione di informazioni sui prodotti (farmaci, dispositivi medici, integratori, ecc) si precisa che:<\/span><\/p>\n<ul>\n<li><span style=\"font-size: 18px;\"><span style=\"font-family: arial, helvetica, sans-serif; color: #000000;\">possono essere organizzati incontri da remoto, cio\u00e8 con sistemi alternativi al confronto front-end\u00a0<\/span><span style=\"color: #000000; font-family: arial, helvetica, sans-serif;\">(telefonicamente, in videoconferenza, ecc), anche come collegamenti collegiali (con pi\u00f9 medici\u00a0<\/span><span style=\"color: #000000; font-family: arial, helvetica, sans-serif;\">contemporaneamente collegati);<\/span><\/span><\/li>\n<\/ul>\n<ul>\n<li><span style=\"font-size: 18px;\"><span style=\"font-family: arial, helvetica, sans-serif; color: #000000;\">\u00e8 confermata la massima libert\u00e0 delle parti sulla organizzazione di questi incontri in merito alla\u00a0<\/span><span style=\"color: #000000; font-family: arial, helvetica, sans-serif;\">modalit\u00e0 con cui fissare gli appuntamenti e agli strumenti tecnologici da utilizzare;<\/span><\/span><\/li>\n<\/ul>\n<ul>\n<li><span style=\"font-size: 18px;\"><span style=\"font-family: arial, helvetica, sans-serif; color: #000000;\">sono possibili, in via eccezionale e sulla base di esigenze motivate e concordate, incontri in\u00a0<\/span><span style=\"color: #000000; font-family: arial, helvetica, sans-serif;\">presenza tra le parti applicando le dovute misure di prevenzione della trasmissione del contagio da covid-19.<\/span><\/span><\/li>\n<\/ul>\n<p><span style=\"font-family: arial, helvetica, sans-serif; font-size: 18px; color: #000000;\">Tutto ci\u00f2 si applica contestualmente alla data di protocollo della presente nota , salvo nuove indicazioni che dovessero rendersi necessarie relative all\u2019emergenza da Covid-19 o al superamento della stessa.<\/span><\/p>\n<p><span style=\"font-family: arial, helvetica, sans-serif; font-size: 18px; color: #000000;\">Si precisa che tale indicazioni sono \u201c<strong>dispositive<\/strong>\u201c per le strutture SSR e per le ATS, e devono attenersi a quanto sopra indicato, al fine di non creare sul territorio direttive diverse e confuse che non coincidono con quelle regionali.<\/span><\/p>\n<p><a href=\"https:\/\/www.fedaiisf.it\/wp-content\/uploads\/2020\/05\/Lombardia-ISF-22-maggio-firma.jpeg\"><img loading=\"lazy\" decoding=\"async\" class=\"alignnone size-full wp-image-50310\" src=\"https:\/\/www.fedaiisf.it\/wp-content\/uploads\/2020\/05\/Lombardia-ISF-22-maggio-firma.jpeg\" alt=\"\" width=\"898\" height=\"279\" srcset=\"https:\/\/www.fedaiisf.it\/wp-content\/uploads\/2020\/05\/Lombardia-ISF-22-maggio-firma.jpeg 898w, https:\/\/www.fedaiisf.it\/wp-content\/uploads\/2020\/05\/Lombardia-ISF-22-maggio-firma-300x93.jpeg 300w, https:\/\/www.fedaiisf.it\/wp-content\/uploads\/2020\/05\/Lombardia-ISF-22-maggio-firma-768x239.jpeg 768w\" sizes=\"auto, (max-width: 898px) 100vw, 898px\" \/><\/a><\/p>","protected":false},"excerpt":{"rendered":"<p>Oggetto: COVID 19 Fase 2 &#8211; Indicazioni in merito all\u2019attivit\u00e0 di informazione e promozione scientifica nelle strutture del SSR e negli ambulatori dei MMG e PLS. Le seguenti indicazioni sono temporanee, in quanto connesse all&#8217;emergenza epidemiologica da COVID-19, e hanno la finalit\u00e0 di facilitare le attivit\u00e0 di Informazione medico-scientifica affinch\u00e9 venga garantita l\u2019uniformit\u00e0 sul territorio &hellip;<\/p>","protected":false},"author":4,"featured_media":50311,"comment_status":"closed","ping_status":"closed","sticky":false,"template":"","format":"standard","meta":{"footnotes":""},"categories":[16],"tags":[],"class_list":["post-50309","post","type-post","status-publish","format-standard","has-post-thumbnail","hentry","category-primo-piano"],"amp_enabled":true,"_links":{"self":[{"href":"https:\/\/www.fedaiisf.it\/en\/wp-json\/wp\/v2\/posts\/50309","targetHints":{"allow":["GET"]}}],"collection":[{"href":"https:\/\/www.fedaiisf.it\/en\/wp-json\/wp\/v2\/posts"}],"about":[{"href":"https:\/\/www.fedaiisf.it\/en\/wp-json\/wp\/v2\/types\/post"}],"author":[{"embeddable":true,"href":"https:\/\/www.fedaiisf.it\/en\/wp-json\/wp\/v2\/users\/4"}],"replies":[{"embeddable":true,"href":"https:\/\/www.fedaiisf.it\/en\/wp-json\/wp\/v2\/comments?post=50309"}],"version-history":[{"count":0,"href":"https:\/\/www.fedaiisf.it\/en\/wp-json\/wp\/v2\/posts\/50309\/revisions"}],"wp:featuredmedia":[{"embeddable":true,"href":"https:\/\/www.fedaiisf.it\/en\/wp-json\/wp\/v2\/media\/50311"}],"wp:attachment":[{"href":"https:\/\/www.fedaiisf.it\/en\/wp-json\/wp\/v2\/media?parent=50309"}],"wp:term":[{"taxonomy":"category","embeddable":true,"href":"https:\/\/www.fedaiisf.it\/en\/wp-json\/wp\/v2\/categories?post=50309"},{"taxonomy":"post_tag","embeddable":true,"href":"https:\/\/www.fedaiisf.it\/en\/wp-json\/wp\/v2\/tags?post=50309"}],"curies":[{"name":"wp","href":"https:\/\/api.w.org\/{rel}","templated":true}]}}