{"id":50362,"date":"2020-05-23T21:47:30","date_gmt":"2020-05-23T19:47:30","guid":{"rendered":"https:\/\/www.fedaiisf.it\/?p=50362"},"modified":"2020-05-28T18:27:46","modified_gmt":"2020-05-28T16:27:46","slug":"veneto-dal-25-maggio-ripresa-attivita-isf-secondo-linee-guida-conferenza-stato-regioni","status":"publish","type":"post","link":"https:\/\/www.fedaiisf.it\/en\/veneto-dal-25-maggio-ripresa-attivita-isf-secondo-linee-guida-conferenza-stato-regioni\/","title":{"rendered":"Veneto. From 25 May ISF activities resumed according to the guidelines of the State-Regions Conference"},"content":{"rendered":"<p style=\"text-align: center;\"><span style=\"color: #000000;\">President<\/span><\/p>\n<p>(\u2026 omitted\u2026)<\/p>\n<p style=\"text-align: center;\"><span style=\"color: #000000;\">ORDER<\/span><\/p>\n<p><span style=\"color: #000000;\"><strong>TO)\u00a0\u00a0\u00a0<u> ECONOMIC AND SOCIAL ACTIVITIES <\/u><\/strong><\/span><\/p>\n<p><span style=\"color: #000000;\">to) <strong>From 25 May 2020 the following activities are permitted<\/strong> in compliance with the corresponding forms in Annex 1:<\/span><\/p>\n<p><span style=\"color: #000000;\"><a href=\"https:\/\/www.fedaiisf.it\/wp-content\/uploads\/2020\/05\/Conferenza-stato-Regioni-Linee-guida-ISF.jpeg\"><img loading=\"lazy\" decoding=\"async\" class=\"wp-image-50352 alignright\" src=\"https:\/\/www.fedaiisf.it\/wp-content\/uploads\/2020\/05\/Conferenza-stato-Regioni-Linee-guida-ISF.jpeg\" alt=\"\" width=\"558\" height=\"316\" srcset=\"https:\/\/www.fedaiisf.it\/wp-content\/uploads\/2020\/05\/Conferenza-stato-Regioni-Linee-guida-ISF.jpeg 998w, https:\/\/www.fedaiisf.it\/wp-content\/uploads\/2020\/05\/Conferenza-stato-Regioni-Linee-guida-ISF-300x170.jpeg 300w, https:\/\/www.fedaiisf.it\/wp-content\/uploads\/2020\/05\/Conferenza-stato-Regioni-Linee-guida-ISF-768x434.jpeg 768w, https:\/\/www.fedaiisf.it\/wp-content\/uploads\/2020\/05\/Conferenza-stato-Regioni-Linee-guida-ISF-390x220.jpeg 390w\" sizes=\"auto, (max-width: 558px) 100vw, 558px\" \/><\/a>1. public and private rental of cars and other transport equipment (bicycles, motorbikes, scooters, electric or not);<\/span><\/p>\n<p><span style=\"color: #000000;\">2.\u00a0<strong> drug sales representatives<\/strong>;<\/span><\/p>\n<p><span style=\"color: #000000;\">3. children&#039;s play areas in public spaces and open to the public including shops and accommodation facilities; for publicly owned spaces, the municipal administrations can set start dates for use after 25 May 2020 in relation to the need to implement the guidelines;<\/span><\/p>\n<p><span style=\"color: #000000;\">4. cultural and recreational clubs (meeting places of cultural associations, social centres, recreational clubs, clubs, social gathering centres, leisure and third age universities \u2013 for food and drink administration activities, motor activities and sports, training, conferences, debates and shows, please refer to the pertinent thematic files and the relative discipline);<\/span><\/p>\n<p><span style=\"color: #000000;\">5. professional training (training activities that cannot be carried out remotely such as laboratories, equipment, tools, final exams and verification activities, accompaniment, tutoring and orientation of the various professional paths);<\/span><\/p>\n<p><span style=\"color: #000000;\">6. theme and amusement parks (rides, traveling shows, aquatic, adventure, zoological and other entertainment contexts with the user&#039;s interactive role with equipment and spaces);<\/span><\/p>\n<p><span style=\"color: #000000;\">b) from 25 May 2020 the following activities may be carried out in compliance with Annex 2:<\/span><\/p>\n<p><span style=\"color: #000000;\">1. tour guides;<\/span><\/p>\n<p><span style=\"color: #000000;\">2. mountain professions;<\/span><\/p>\n<p><span style=\"color: #000000;\">c) from 25 May 2020, the activities already admitted on the basis of ordinance no. 48 of 17 May 2020 and governed by annex 1 of the aforementioned ordinance, are subject to the guidelines approved on 22 May 2020 by the Conference of Regions and Autonomous Provinces, referred to in annex 1 of this ordinance, which fully replaces the provisions of the &#039;order n. 48, except as provided in the following point;<\/span><\/p>\n<p><span style=\"color: #000000;\">d) from 1 June 2020 the resumption of the following activity is permitted in compliance with the corresponding schedules in Annex 1:<\/span><\/p>\n<p><span style=\"color: #000000;\">1. services for children and adolescents aged 0-17 (activities organized by public and private entities for daytime socializing and play for children and adolescents);<\/span><\/p>\n<p><span style=\"color: #000000;\">e) a subsequent ordinance will regulate the effective dates and the guidelines to be respected for the purpose of resuming cinema activities and shows with live audiences, activities of spas and wellness centres, discos, festivals and fairs;<\/span><\/p>\n<p><span style=\"color: #000000;\">f) the courses for the release of the master&#039;s degree comply with the provisions set out in the profile relating to professional training as per attachment 1.<\/span><\/p>\n<p><span style=\"color: #000000;\"><strong>B)\u00a0\u00a0\u00a0<u> TEMPORAL EFFECTIVENESS<\/u><\/strong><\/span><\/p>\n<p><span style=\"color: #000000;\">1. Without prejudice to the specific provisions referred to in letter A), this ordinance takes effect from 23 May 2020 until 14 June 2020;<\/span><\/p>\n<p><span style=\"color: #000000;\">2. Although not modified by this ordinance, the content of ordinance no. remains confirmed. 48 of 17 May 2020.<\/span><\/p>\n<p><span style=\"color: #000000;\"><strong>C)\u00a0\u00a0\u00a0 <u>FINAL PROVISIONS <\/u><\/strong><\/span><\/p>\n<p><span style=\"color: #000000;\">1. The violation of these provisions entails the application of the sanctions pursuant to art. 4 of the decree law of 25 March 2020, n. 19. The investigation is the responsibility of the police bodies referred to in art. 13 of the law n. 689\/81 and the pecuniary sanctions are intended for the account Iban IT 41 V 02008 02017 000100537110 causal: &quot;Violation of regional Covid 19 ordinances&quot;;<\/span><\/p>\n<p><span style=\"color: #000000;\">2. This ordinance is communicated to the Presidency of the Council of Ministers;<\/span><\/p>\n<p><span style=\"color: #000000;\">3. The Civil Protection Directorate is in charge of the execution of this measure;<\/span><\/p>\n<p><span style=\"color: #000000;\">4. This provision does not involve expenditure charged to the regional budget;<\/span><\/p>\n<p><span style=\"color: #000000;\">5. This deed is published in the Official Bulletin of the Region.<\/span><\/p>\n<p class=\"cust-dettaglio-sottoscrivente\"><span style=\"color: #000000;\">Luca Zaia<\/span><\/p>\n<p class=\"cust-dettaglio-prefisso-annessi\">(attachments to follow)<\/p>\n<p><a class=\"acrobatfile\" href=\"https:\/\/bur.regione.veneto.it\/BurvServices\/pubblica\/Download.aspx?name=Opgr_50_2020_allegato_1_421106.pdf&amp;type=20&amp;storico=False\" target=\"_blank\" rel=\"noopener noreferrer\" aria-describedby=\"ui-tooltip-19\">Opgr_50_2020_attachment_1_421106.pdf<\/a><br \/>\n<a class=\"acrobatfile\" href=\"https:\/\/bur.regione.veneto.it\/BurvServices\/pubblica\/Download.aspx?name=Opgr_50_2020_allegato_2_421106.pdf&amp;type=20&amp;storico=False\" target=\"_blank\" rel=\"noopener noreferrer\" aria-describedby=\"ui-tooltip-20\">Opgr_50_2020_attachment_2_421106.pdf<\/a><\/p>\n<p class=\"cust-dettaglio-tipo-atto\"><a href=\"https:\/\/bur.regione.veneto.it\/BurvServices\/pubblica\/html2pdf.aspx?id=421106&amp;tipoAtto=20&amp;storico=False\" target=\"_blank\" rel=\"noopener noreferrer\">ORDER OF THE PRESIDENT OF THE REGIONAL COUNCIL<\/a><span class=\"cust-dettaglio-tipo-atto-num-data\">\u00a0no. 50 of 23 May 2020.\u00a0<\/span>Urgent measures for the containment and management of the epidemiological emergency from the COVID-19 virus.<\/p>\n<p><a href=\"https:\/\/www.fedaiisf.it\/wp-content\/uploads\/2020\/05\/Linee-Guida-per-la-riapertura-delle-Attivit\u00e0-Economiche-e-Produttive.-2020-05-22-Emergenza-COVID-19-Fase-2.pdf\">Guidelines for the reopening of Economic and Productive Activities. 2020-05-22 -Emergency-COVID-19-Phase-2<\/a><\/p>","protected":false},"excerpt":{"rendered":"<p>Il Presidente (&#8230;omissis&#8230;) ORDINA A)\u00a0\u00a0\u00a0 ATTIVIT\u00c0 ECONOMICHE E SOCIALI a) Dal 25 maggio 2020 \u00e8 ammesso lo svolgimento delle seguenti attivit\u00e0 nel rispetto delle corrispondenti schede dell\u2019allegato 1: 1.\u00a0 noleggio pubblico e privato di auto e altre attrezzature di trasporto (biciclette, moto, monopattini, elettrici o meno); 2.\u00a0 informatori scientifici del farmaco; 3. \u00a0 aree giochi &hellip;<\/p>","protected":false},"author":4,"featured_media":50366,"comment_status":"closed","ping_status":"closed","sticky":false,"template":"","format":"standard","meta":{"footnotes":""},"categories":[16],"tags":[],"class_list":["post-50362","post","type-post","status-publish","format-standard","has-post-thumbnail","hentry","category-primo-piano"],"amp_enabled":true,"_links":{"self":[{"href":"https:\/\/www.fedaiisf.it\/en\/wp-json\/wp\/v2\/posts\/50362","targetHints":{"allow":["GET"]}}],"collection":[{"href":"https:\/\/www.fedaiisf.it\/en\/wp-json\/wp\/v2\/posts"}],"about":[{"href":"https:\/\/www.fedaiisf.it\/en\/wp-json\/wp\/v2\/types\/post"}],"author":[{"embeddable":true,"href":"https:\/\/www.fedaiisf.it\/en\/wp-json\/wp\/v2\/users\/4"}],"replies":[{"embeddable":true,"href":"https:\/\/www.fedaiisf.it\/en\/wp-json\/wp\/v2\/comments?post=50362"}],"version-history":[{"count":0,"href":"https:\/\/www.fedaiisf.it\/en\/wp-json\/wp\/v2\/posts\/50362\/revisions"}],"wp:featuredmedia":[{"embeddable":true,"href":"https:\/\/www.fedaiisf.it\/en\/wp-json\/wp\/v2\/media\/50366"}],"wp:attachment":[{"href":"https:\/\/www.fedaiisf.it\/en\/wp-json\/wp\/v2\/media?parent=50362"}],"wp:term":[{"taxonomy":"category","embeddable":true,"href":"https:\/\/www.fedaiisf.it\/en\/wp-json\/wp\/v2\/categories?post=50362"},{"taxonomy":"post_tag","embeddable":true,"href":"https:\/\/www.fedaiisf.it\/en\/wp-json\/wp\/v2\/tags?post=50362"}],"curies":[{"name":"wp","href":"https:\/\/api.w.org\/{rel}","templated":true}]}}