{"id":50372,"date":"2020-05-25T13:46:56","date_gmt":"2020-05-25T11:46:56","guid":{"rendered":"https:\/\/www.fedaiisf.it\/?p=50372"},"modified":"2020-05-26T10:04:34","modified_gmt":"2020-05-26T08:04:34","slug":"pisa-lutto-per-la-morte-di-silvano-gremigni-isf","status":"publish","type":"post","link":"https:\/\/www.fedaiisf.it\/en\/pisa-lutto-per-la-morte-di-silvano-gremigni-isf\/","title":{"rendered":"Pisa. Mourning for the death of Silvano Gremigni, ISF historian"},"content":{"rendered":"<h1 tabindex=\"100\">Lutto per la scomparsa di Silvano Gremigni<\/h1>\n<p><strong>E&#8217; stato noto informatore scientifico e poi promotore finanziario. Prima ancora fond\u00f2 l&#8217;ordine goliardico pisano nonch\u00e9 la scuderia &#8220;Kripton&#8221;<\/strong><\/p>\n<p><a href=\"https:\/\/www.quinewspisa.it\/pisa-lutto-scomparsa-silvano-gremigni.htm\" target=\"_blank\" rel=\"noopener noreferrer\">quinewspisa &#8211; 24 maggio 2020<\/a><\/p>\n<p>Cordoglio in citt\u00e0 per la morte, sopraggiunta oggi a seguito di una breve malattia, del <strong>dottor Silvano Gremigni<\/strong>, <a href=\"https:\/\/www.fedaiisf.it\/wp-content\/uploads\/2020\/05\/silvano-gremigni-pisa-isf-goliarda.jpg\"><img loading=\"lazy\" decoding=\"async\" class=\"wp-image-50374 alignright\" src=\"https:\/\/www.fedaiisf.it\/wp-content\/uploads\/2020\/05\/silvano-gremigni-pisa-isf-goliarda.jpg\" alt=\"\" width=\"296\" height=\"197\" srcset=\"https:\/\/www.fedaiisf.it\/wp-content\/uploads\/2020\/05\/silvano-gremigni-pisa-isf-goliarda.jpg 474w, https:\/\/www.fedaiisf.it\/wp-content\/uploads\/2020\/05\/silvano-gremigni-pisa-isf-goliarda-300x199.jpg 300w, https:\/\/www.fedaiisf.it\/wp-content\/uploads\/2020\/05\/silvano-gremigni-pisa-isf-goliarda-274x183.jpg 274w, https:\/\/www.fedaiisf.it\/wp-content\/uploads\/2020\/05\/silvano-gremigni-pisa-isf-goliarda-80x54.jpg 80w, https:\/\/www.fedaiisf.it\/wp-content\/uploads\/2020\/05\/silvano-gremigni-pisa-isf-goliarda-130x87.jpg 130w, https:\/\/www.fedaiisf.it\/wp-content\/uploads\/2020\/05\/silvano-gremigni-pisa-isf-goliarda-359x240.jpg 359w, https:\/\/www.fedaiisf.it\/wp-content\/uploads\/2020\/05\/silvano-gremigni-pisa-isf-goliarda-85x57.jpg 85w, https:\/\/www.fedaiisf.it\/wp-content\/uploads\/2020\/05\/silvano-gremigni-pisa-isf-goliarda-546x365.jpg 546w, https:\/\/www.fedaiisf.it\/wp-content\/uploads\/2020\/05\/silvano-gremigni-pisa-isf-goliarda-165x109.jpg 165w, https:\/\/www.fedaiisf.it\/wp-content\/uploads\/2020\/05\/silvano-gremigni-pisa-isf-goliarda-112x75.jpg 112w, https:\/\/www.fedaiisf.it\/wp-content\/uploads\/2020\/05\/silvano-gremigni-pisa-isf-goliarda-179x120.jpg 179w, https:\/\/www.fedaiisf.it\/wp-content\/uploads\/2020\/05\/silvano-gremigni-pisa-isf-goliarda-170x113.jpg 170w, https:\/\/www.fedaiisf.it\/wp-content\/uploads\/2020\/05\/silvano-gremigni-pisa-isf-goliarda-81x55.jpg 81w, https:\/\/www.fedaiisf.it\/wp-content\/uploads\/2020\/05\/silvano-gremigni-pisa-isf-goliarda-765x510.jpg 765w\" sizes=\"auto, (max-width: 296px) 100vw, 296px\" \/><\/a>che aveva 78 anni. Originario di <strong>Roccastrada<\/strong>, giunse a <strong>Pisa <\/strong>per studiare all&#8217;Universit\u00e0 e qui contribu\u00ec a fondare alla fine degli anni Sessanta i primi ordini goliardici cittadini, compreso quello che esiste ancora oggi, il <strong>Savot<\/strong>.<\/p>\n<p>Laureatosi in <strong>economy<\/strong>, fu poi noto e stimato collaboratore dell&#8217;<strong>Gentile Institute <\/strong>(oggi Abiogen) e successivamente dirigente di<strong> Programma Italia<\/strong> (oggi Banca Mediolanum), coltivando al contempo numerose passioni fra le quali l&#8217;<strong>ippica<\/strong>, portata avanti con i cavalli della storica <strong>scuderia &#8220;Kripton&#8221;<\/strong> da lui fondata oltre cinquant&#8217;anni fa.<\/p>\n<p>Silvano Gremigni era inoltre attivo in numerose associazioni cittadine: fra le tante l&#8217;<strong>Alap<\/strong> (Associazione Laureati <a href=\"https:\/\/www.fedaiisf.it\/wp-content\/uploads\/2020\/05\/goliardia-a-pisa.jpeg\"><img loading=\"lazy\" decoding=\"async\" class=\"wp-image-50375 alignleft\" src=\"https:\/\/www.fedaiisf.it\/wp-content\/uploads\/2020\/05\/goliardia-a-pisa.jpeg\" alt=\"\" width=\"246\" height=\"326\" srcset=\"https:\/\/www.fedaiisf.it\/wp-content\/uploads\/2020\/05\/goliardia-a-pisa.jpeg 362w, https:\/\/www.fedaiisf.it\/wp-content\/uploads\/2020\/05\/goliardia-a-pisa-227x300.jpeg 227w\" sizes=\"auto, (max-width: 246px) 100vw, 246px\" \/><\/a>Ateneo Pisano), il<strong> Gruppo micologico pisano<\/strong> e soprattutto l&#8217;<strong>Accademia del Peperoncino<\/strong>, per la quale era presidente della delegazione pisana intitolata all&#8217;amico Massimo Biagi.<\/p>\n<p>Silvano lascia la moglie <strong>Claudia<\/strong> <strong>Francini<\/strong>, insegnante in pensione, i figli <strong>Marco <\/strong>And <strong>Lorenzo<\/strong>, medico veterinario il primo e avvocato il secondo, e cinque nipoti. A tutti loro giungano le condoglianze anche di <em>QUInews Pisa<\/em>.<\/p>\n<p>La salma sar\u00e0 esposta dalle 16,30 di domani, luned\u00ec 25 maggio, nelle cappelle del commiato della Pubblica Assistenza di via Bargagna. Il funerale avr\u00e0 luogo il giorno seguente nella chiesa di San Paolo a Ripa d&#8217;Arno, in forma ristretta a causa delle attuali prescrizioni sanitarie.<\/p>\n<h2 class=\"title style-scope ytd-video-primary-info-renderer\" style=\"text-align: center;\"><a href=\"https:\/\/www.youtube.com\/watch?v=iHNvEvJ9WxQ\" target=\"_blank\" rel=\"noopener noreferrer\">Gaudeamus Igitur &#8211; Inno Universitario Internazionale<\/a><\/h2>\n<p><a href=\"https:\/\/www.fedaiisf.it\/wp-content\/uploads\/2020\/05\/gaudeamus.jpg\"><img loading=\"lazy\" decoding=\"async\" class=\"size-full wp-image-50378 aligncenter\" src=\"https:\/\/www.fedaiisf.it\/wp-content\/uploads\/2020\/05\/gaudeamus.jpg\" alt=\"\" width=\"264\" height=\"191\" \/><\/a><\/p>","protected":false},"excerpt":{"rendered":"<p>Lutto per la scomparsa di Silvano Gremigni E&#8217; stato noto informatore scientifico e poi promotore finanziario. Prima ancora fond\u00f2 l&#8217;ordine goliardico pisano nonch\u00e9 la scuderia &#8220;Kripton&#8221; quinewspisa &#8211; 24 maggio 2020 Cordoglio in citt\u00e0 per la morte, sopraggiunta oggi a seguito di una breve malattia, del dottor Silvano Gremigni, che aveva 78 anni. Originario di &hellip;<\/p>","protected":false},"author":4,"featured_media":50377,"comment_status":"closed","ping_status":"closed","sticky":false,"template":"","format":"standard","meta":{"footnotes":""},"categories":[14],"tags":[],"class_list":["post-50372","post","type-post","status-publish","format-standard","has-post-thumbnail","hentry","category-news-fedaiisf"],"amp_enabled":true,"_links":{"self":[{"href":"https:\/\/www.fedaiisf.it\/en\/wp-json\/wp\/v2\/posts\/50372","targetHints":{"allow":["GET"]}}],"collection":[{"href":"https:\/\/www.fedaiisf.it\/en\/wp-json\/wp\/v2\/posts"}],"about":[{"href":"https:\/\/www.fedaiisf.it\/en\/wp-json\/wp\/v2\/types\/post"}],"author":[{"embeddable":true,"href":"https:\/\/www.fedaiisf.it\/en\/wp-json\/wp\/v2\/users\/4"}],"replies":[{"embeddable":true,"href":"https:\/\/www.fedaiisf.it\/en\/wp-json\/wp\/v2\/comments?post=50372"}],"version-history":[{"count":0,"href":"https:\/\/www.fedaiisf.it\/en\/wp-json\/wp\/v2\/posts\/50372\/revisions"}],"wp:featuredmedia":[{"embeddable":true,"href":"https:\/\/www.fedaiisf.it\/en\/wp-json\/wp\/v2\/media\/50377"}],"wp:attachment":[{"href":"https:\/\/www.fedaiisf.it\/en\/wp-json\/wp\/v2\/media?parent=50372"}],"wp:term":[{"taxonomy":"category","embeddable":true,"href":"https:\/\/www.fedaiisf.it\/en\/wp-json\/wp\/v2\/categories?post=50372"},{"taxonomy":"post_tag","embeddable":true,"href":"https:\/\/www.fedaiisf.it\/en\/wp-json\/wp\/v2\/tags?post=50372"}],"curies":[{"name":"wp","href":"https:\/\/api.w.org\/{rel}","templated":true}]}}