{"id":50561,"date":"2020-05-29T07:39:30","date_gmt":"2020-05-29T05:39:30","guid":{"rendered":"https:\/\/www.fedaiisf.it\/?p=50561"},"modified":"2020-06-08T18:03:27","modified_gmt":"2020-06-08T16:03:27","slug":"lazio-attivita-isf-secondo-linee-guida-conferenza-delle-regioni","status":"publish","type":"post","link":"https:\/\/www.fedaiisf.it\/en\/lazio-attivita-isf-secondo-linee-guida-conferenza-delle-regioni\/","title":{"rendered":"Lazio. ISF activities according to the guidelines of the Conference of the Regions"},"content":{"rendered":"<h2 style=\"text-align: center;\">ORDER<\/h2>\n<p><span style=\"color: #000000; font-size: 17px;\">pursuant to art. 32, paragraph 3, of the law of 23 December 1978, n. 833 on hygiene and public health,<\/span><\/p>\n<ol>\n<li><span style=\"color: #000000; font-size: 17px;\">a decorrere dal 29 maggio 2020 sono consentite le ulteriori seguenti attivit\u00e0 economiche, commerciali e artigianali:<\/span><\/li>\n<\/ol>\n<p><span style=\"color: #000000; font-size: 17px;\">&#8211; stabilimenti termali e centri per il benessere fisico.<\/span><\/p>\n<ol start=\"2\">\n<li><span style=\"color: #000000; font-size: 17px;\">Ferme restando le attivit\u00e0 previste dal cerimoniale di Stato in occasione della Festa della Repubblica, sono consentite, per quella data, ulteriori iniziative di celebrazione che devono attenersi all\u2019accessibilit\u00e0 massima ed alle modalit\u00e0 organizzative di cui all\u2019art. 1, comma 1, lett. m), del decreto del Presidente del Consiglio dei ministri del 17 maggio 2020 nonch\u00e9 a tutte le disposizioni generali per il contenimento del contagio;<\/span><\/li>\n<li><span style=\"color: #000000; font-size: 17px;\">A decorrere dal 3 giugno 2020 sono inoltre consentiti:<\/span><\/li>\n<li><span style=\"color: #000000; font-size: 17px;\">fermo restando la sospensione delle attivit\u00e0 delle Istituzioni di alta formazione artistica musicale e coreutica stabilito dal decreto del Presidente del Consiglio dei ministri del 17 maggio 2020 \u00e8 consentita l\u2019attivit\u00e0 corsistica individuale e collettiva (a titolo esemplificativo e non esaustivo: scuole di musica, di danza, di pittura, di fotografia, di teatro, di lingue straniere ecc.).<\/span><\/li>\n<li><span style=\"color: #000000; font-size: 17px;\">l\u2019attivit\u00e0 di formazione professionale, per la parte pratica e di stage\/tirocinio;<\/span><\/li>\n<li><span style=\"color: #000000; font-size: 17px;\">l\u2019attivit\u00e0 dei centri ricreativi e culturali.<\/span><\/li>\n<li><span style=\"color: #000000; font-size: 17px;\">A decorrere dal 15 giugno 2020 sono inoltre consentite le attivit\u00e0 dei centri estivi per minori e dei centri anziani.<\/span><\/li>\n<li><span style=\"color: #000000; font-size: 17px;\">\u00c8 inoltre consentito, per le attivit\u00e0 ancora sospese, l\u2019accesso alle strutture e agli spazi aziendali esclusivamente al personale impegnato in attivit\u00e0 di allestimento, manutenzione, ristrutturazione, montaggio, pulizia e sanificazione, nonch\u00e9 a operatori economici ai quali sono commissionate tali attivit\u00e0 finalizzate alla predisposizione delle misure di prevenzione e contenimento del contagio propedeutiche a successive disposizioni di apertura.<\/span><\/li>\n<li><span style=\"color: #000000; font-size: 17px;\">Per la migliore gestione sanitaria del patrimonio zootecnico, per la selezione biologica, per la tutela delle produzioni zoo-agro-forestali \u00e8 consentita la caccia di selezione alla specie cinghiale (Sus scrofa) per prevenire e contenere i danni alle colture agricole anche prorogando i Piani di abbattimento gi\u00e0 approvati per la stagione 2019\/2020, nei limiti del numero di capi previsti nei Piani stessi e sino ad approvazione dei nuovi Piani per la stagione 2020\/2021;<\/span><\/li>\n<li><span style=\"color: #000000; font-size: 17px;\">Le attivit\u00e0 di cui \u00e8 consentita la riapertura adottano tutte le generali misure di sicurezza relative, a titolo esemplificativo e non esaustivo, all\u2019igiene personale e degli ambienti e del distanziamento fisico, nonch\u00e9 <strong>quelle specificamente definite per ciascuna tipologia nelle Linee guida<\/strong> per la riapertura allegate alla presente ordinanza. Le attivit\u00e0 per le quali non sono definite specifiche disposizioni ricorrono ai principi generali di igiene e contenimento del contagio contenute:<\/span><\/li>\n<li><span style=\"color: #000000; font-size: 17px;\">nel &#8220;Protocollo condiviso di regolamentazione delle misure per il contrasto e il contenimento della diffusione del virus COVID-19 negli ambienti di lavoro&#8221; sottoscritto il 14 marzo 2020 fra il Governo e le parti sociali, successivamente integrati in data 24 aprile 2020.<\/span><\/li>\n<li><span style=\"color: #000000; font-size: 17px;\">nelle linee guida nazionali in materia di sanificazione.<\/span><\/li>\n<\/ol>\n<p><span style=\"color: #000000; font-size: 17px;\">This ordinance is published in the Official Bulletin of the Lazio Region and on the institutional website of the regional administration. The publication has the value of individual notification, for all legal purposes.<\/span><\/p>\n<p><span style=\"color: #000000; font-size: 17px;\">The effectiveness of this ordinance starts from the date of publication.<\/span><\/p>\n<p><span style=\"color: #000000; font-size: 17px;\">This ordinance, for compliance with the law, is transmitted to the President of the Council of Ministers, the Minister of Health, the Minister for Economic Development and the Prefects with a request for transmission to the Mayors of the Municipalities of Lazio.<\/span><\/p>\n<p><a href=\"https:\/\/www.fedaiisf.it\/wp-content\/uploads\/2020\/05\/Lazio-ordinanza-firma.jpeg\"><img loading=\"lazy\" decoding=\"async\" class=\"size-full wp-image-50562 aligncenter\" src=\"https:\/\/www.fedaiisf.it\/wp-content\/uploads\/2020\/05\/Lazio-ordinanza-firma.jpeg\" alt=\"\" width=\"994\" height=\"261\" srcset=\"https:\/\/www.fedaiisf.it\/wp-content\/uploads\/2020\/05\/Lazio-ordinanza-firma.jpeg 994w, https:\/\/www.fedaiisf.it\/wp-content\/uploads\/2020\/05\/Lazio-ordinanza-firma-300x79.jpeg 300w, https:\/\/www.fedaiisf.it\/wp-content\/uploads\/2020\/05\/Lazio-ordinanza-firma-768x202.jpeg 768w\" sizes=\"auto, (max-width: 994px) 100vw, 994px\" \/><\/a><\/p>\n<p><span style=\"color: #000000;\">DATASHEET<\/span><\/p>\n<p>Si riportano nelle sezioni successive le schede tematiche relative ai principali settori di attivit\u00e0.<\/p>\n<ul>\n<li>RISTORAZIONE<\/li>\n<li>ATTIVIT\u00c0 TURISTICHE (STABILIMENTI BALNEARI E SPIAGGE)<\/li>\n<li>STRUTTURE RICETTIVE E LOCAZIONI BREVI<\/li>\n<li>SERVIZI ALLA PERSONA (saloni di barbieri e parrucchieri, centri estetici, istituti di<\/li>\n<li>bellezza, servizi di manicure e pedicure, attivit\u00e0 di tatuaggio e piercing)<\/li>\n<li>COMMERCIO AL DETTAGLIO<\/li>\n<li>COMMERCIO AL DETTAGLIO SU AREE PUBBLICHE (mercati, fiere e mercatini<\/li>\n<li>degli hobbisti)<\/li>\n<li>ESERCIZI COMMERCIALI DI ABBIGLIAMENTO E CALZATURE<\/li>\n<li>CENTRI COMMERCIALI<\/li>\n<li>UFFICI APERTI AL PUBBLICO<\/li>\n<li>PISCINE<\/li>\n<li>PALESTRE<\/li>\n<li>MANUTENZIONE DEL VERDE<\/li>\n<li>MUSEI, ARCHIVI E BIBLIOTECHE<\/li>\n<li>STRUTTURE TURISTICO-RICETTIVE ALL\u2019ARIA APERTA<\/li>\n<li>RIFUGI DI MONTAGNA<\/li>\n<li>ATTIVIT\u00c0 FISICA ALL\u2019APERTO<\/li>\n<li>NOLEGGIO VEICOLI E ALTRE ATTREZZATURE<\/li>\n<li><span style=\"color: #000000;\"><strong><u>SCIENTIFIC REPRESENTATIVES OF THE DRUG<\/u><\/strong><\/span><\/li>\n<li>AREE GIOCHI PER BAMBINI<\/li>\n<li>SERVIZI PER L\u2019INFANZIA E L\u2019ADOLESCENZA (scheda in corso di predisposizione<\/li>\n<li>nelle more della data di decorrenza consentita delle attivit\u00e0)<\/li>\n<li>CIRCOLI CULTURALI E RICREATIVI<\/li>\n<li>FORMAZIONE PROFESSIONALE<\/li>\n<li>PARCHI TEMATICI E DI DIVERTIMENTO<\/li>\n<li>STRUTTURE TERMALI E CENTRI BENESSERE<\/li>\n<li>PROFESSIONI DELLA MONTAGNA (guide alpine e maestri di sci) e GUIDE TURI-<\/li>\n<li>STICHE<\/li>\n<\/ul>\n<p>28\/05\/2020 &#8211; BOLLETTINO UFFICIALE DELLA REGIONE LAZIO &#8211; N. 68<\/p>\n<p><a href=\"https:\/\/www.fedaiisf.it\/wp-content\/uploads\/2020\/05\/Conferenza-stato-Regioni-Linee-guida-ISF.jpeg\"><img loading=\"lazy\" decoding=\"async\" class=\"size-full wp-image-50352 aligncenter\" src=\"https:\/\/www.fedaiisf.it\/wp-content\/uploads\/2020\/05\/Conferenza-stato-Regioni-Linee-guida-ISF.jpeg\" alt=\"\" width=\"998\" height=\"564\" srcset=\"https:\/\/www.fedaiisf.it\/wp-content\/uploads\/2020\/05\/Conferenza-stato-Regioni-Linee-guida-ISF.jpeg 998w, https:\/\/www.fedaiisf.it\/wp-content\/uploads\/2020\/05\/Conferenza-stato-Regioni-Linee-guida-ISF-300x170.jpeg 300w, https:\/\/www.fedaiisf.it\/wp-content\/uploads\/2020\/05\/Conferenza-stato-Regioni-Linee-guida-ISF-768x434.jpeg 768w, https:\/\/www.fedaiisf.it\/wp-content\/uploads\/2020\/05\/Conferenza-stato-Regioni-Linee-guida-ISF-390x220.jpeg 390w\" sizes=\"auto, (max-width: 998px) 100vw, 998px\" \/><\/a><\/p>\n<p>&nbsp;<\/p>\n<ul>\n<li><a href=\"http:\/\/www.regione.lazio.it\/rl\/coronavirus\/wp-content\/uploads\/sites\/72\/Ordinanza-Z00043-27-05-2020.pdf\" target=\"_blank\" rel=\"noopener noreferrer\">Ordinanza del Presidente n. Z00043 del 27\/05\/2020 \u2013 Ulteriori misure per la prevenzione e gestione dell\u2019emergenza epidemiologica da COVID-19<\/a><\/li>\n<\/ul>\n<p>&nbsp;<\/p>","protected":false},"excerpt":{"rendered":"<p>ORDINA ai sensi dell\u2019art. 32, comma 3, della legge 23 dicembre 1978, n. 833 in materia di igiene e sanit\u00e0 pubblica, a decorrere dal 29 maggio 2020 sono consentite le ulteriori seguenti attivit\u00e0 economiche, commerciali e artigianali: &#8211; stabilimenti termali e centri per il benessere fisico. Ferme restando le attivit\u00e0 previste dal cerimoniale di Stato &hellip;<\/p>","protected":false},"author":4,"featured_media":50567,"comment_status":"closed","ping_status":"closed","sticky":false,"template":"","format":"standard","meta":{"footnotes":""},"categories":[14],"tags":[],"class_list":["post-50561","post","type-post","status-publish","format-standard","has-post-thumbnail","hentry","category-news-fedaiisf"],"amp_enabled":true,"_links":{"self":[{"href":"https:\/\/www.fedaiisf.it\/en\/wp-json\/wp\/v2\/posts\/50561","targetHints":{"allow":["GET"]}}],"collection":[{"href":"https:\/\/www.fedaiisf.it\/en\/wp-json\/wp\/v2\/posts"}],"about":[{"href":"https:\/\/www.fedaiisf.it\/en\/wp-json\/wp\/v2\/types\/post"}],"author":[{"embeddable":true,"href":"https:\/\/www.fedaiisf.it\/en\/wp-json\/wp\/v2\/users\/4"}],"replies":[{"embeddable":true,"href":"https:\/\/www.fedaiisf.it\/en\/wp-json\/wp\/v2\/comments?post=50561"}],"version-history":[{"count":0,"href":"https:\/\/www.fedaiisf.it\/en\/wp-json\/wp\/v2\/posts\/50561\/revisions"}],"wp:featuredmedia":[{"embeddable":true,"href":"https:\/\/www.fedaiisf.it\/en\/wp-json\/wp\/v2\/media\/50567"}],"wp:attachment":[{"href":"https:\/\/www.fedaiisf.it\/en\/wp-json\/wp\/v2\/media?parent=50561"}],"wp:term":[{"taxonomy":"category","embeddable":true,"href":"https:\/\/www.fedaiisf.it\/en\/wp-json\/wp\/v2\/categories?post=50561"},{"taxonomy":"post_tag","embeddable":true,"href":"https:\/\/www.fedaiisf.it\/en\/wp-json\/wp\/v2\/tags?post=50561"}],"curies":[{"name":"wp","href":"https:\/\/api.w.org\/{rel}","templated":true}]}}