{"id":50623,"date":"2020-05-30T06:12:41","date_gmt":"2020-05-30T04:12:41","guid":{"rendered":"https:\/\/www.fedaiisf.it\/?p=50623"},"modified":"2020-06-04T13:10:57","modified_gmt":"2020-06-04T11:10:57","slug":"regione-lombardia-attivita-isf-si-applicano-le-disposizioni-delle-strutture-ove-si-recano-con-modalita-secondo-linee-guida","status":"publish","type":"post","link":"https:\/\/www.fedaiisf.it\/en\/regione-lombardia-attivita-isf-si-applicano-le-disposizioni-delle-strutture-ove-si-recano-con-modalita-secondo-linee-guida\/","title":{"rendered":"Lombardy region. ISF activities: the provisions of the structures where they go are applied, in accordance with the guidelines"},"content":{"rendered":"<p><a href=\"https:\/\/www.regione.lombardia.it\/wps\/wcm\/connect\/dada06ee-c3a3-4400-86d6-a18077f268fa\/Ordinanza+555.pdf?MOD=AJPERES&amp;CACHEID=ROOTWORKSPACE-dada06ee-c3a3-4400-86d6-a18077f268fa-n9y04y5\" target=\"_blank\" rel=\"noopener noreferrer\">Ordinanza n. 555 del 29\/05\/2020<\/a><\/p>\n<p style=\"text-align: center;\"><span style=\"color: #000000; font-family: arial, helvetica, sans-serif;\">Lombardy region<\/span><\/p>\n<h2 style=\"text-align: center;\"><span style=\"color: #000000; font-family: arial, helvetica, sans-serif;\">ORDER<\/span><\/h2>\n<p><span style=\"color: #000000; font-family: arial, helvetica, sans-serif;\">Art. 1 (Misure urgenti di contenimento del contagio in Regione Lombardia)<\/span><\/p>\n<p><span style=\"color: #000000; font-family: arial, helvetica, sans-serif;\">Allo scopo di contrastare e contenere il diffondersi del virus COVID- 19 nella Regione Lombardia, si applicano le seguenti misure specifiche:<\/span><\/p>\n<p><span style=\"color: #000000; font-family: arial, helvetica, sans-serif;\">1.1 Obbligo di utilizzo della mascherina o di altre protezioni<\/span><\/p>\n<ol>\n<li><span style=\"color: #000000; font-family: arial, helvetica, sans-serif;\">Ogniqualvolta ci si rechi fuori dall\u2019abitazione, vanno adottate tutte le misure precauzionali consentite e adeguate a proteggere s\u00e9 stessi e gli altri dal contagio, utilizzando la mascherina o, in subordine, qualunque altro indumento a copertura di naso e bocca, contestualmente ad una puntuale disinfezione delle mani. In ogni attivit\u00e0 sociale esterna deve comunque essere mantenuta la distanza di sicurezza interpersonale di almeno un metro.<\/span><\/li>\n<li><span style=\"color: #000000; font-family: arial, helvetica, sans-serif;\">Non sono soggetti all\u2019obbligo i bambini al di sotto dei sei anni, nonch\u00e9 i soggetti con forme di disabilit\u00e0 non compatibili con l\u2019uso continuativo della mascherina e i loro accompagnatori.<\/span><\/li>\n<li><span style=\"color: #000000; font-family: arial, helvetica, sans-serif;\">Per coloro che svolgono intensa attivit\u00e0 motoria o intensa attivit\u00e0 sportiva non \u00e8 obbligatorio l\u2019uso di mascherina o di altra protezione individuale durante la predetta attivit\u00e0 fisica, salvo l\u2019obbligo di utilizzo alla fine dell\u2019attivit\u00e0 stessa ed il mantenimento del distanziamento sociale.<\/span><\/li>\n<\/ol>\n<p><span style=\"color: #000000; font-family: arial, helvetica, sans-serif;\">1.2 Attivit\u00e0 economiche commerciali, artigianali e di servizi<\/span><\/p>\n<p><span style=\"color: #000000; font-family: arial, helvetica, sans-serif;\">Le seguenti attivit\u00e0 sono svolte nel rispetto delle misure contenute nelle corrispondenti schede dell\u2019allegato 1<\/span><\/p>\n<p><span style=\"color: #000000; font-family: arial, helvetica, sans-serif;\">NUOVO CORONAVIRUS SARS-COV-2 &#8211; LINEE GUIDA PER LA RIAPERTURA DELLE ATTIVIT\u00c0 ECONOMICHE E PRODUTTIVE<\/span><\/p>\n<p><span style=\"color: #000000; font-family: arial, helvetica, sans-serif;\">SCOPO E PRINCIPI GENERALI<\/span><\/p>\n<p><span style=\"color: #000000; font-family: arial, helvetica, sans-serif;\">Le presenti schede tecniche contengono indirizzi operativi specifici validi per i singoli settori di attivit\u00e0, finalizzati a fornire uno strumento sintetico e immediato di applicazione delle misure di prevenzione e contenimento di carattere generale, per sostenere un modello di ripresa delle attivit\u00e0 economiche e produttive compatibile con la tutela della salute di utenti e lavoratori.<\/span><\/p>\n<p><span style=\"color: #000000; font-family: arial, helvetica, sans-serif;\">In particolare, in ogni scheda sono integrate le diverse misure di prevenzione e contenimento riconosciute a livello scientifico per contrastare la diffusione del contagio, tra le quali: norme comportamentali, distanziamento sociale e contact tracing.<\/span><\/p>\n<p><span style=\"color: #000000; font-family: arial, helvetica, sans-serif;\">Le indicazioni in esse contenute si pongono inoltre in continuit\u00e0 con le indicazioni di livello nazionale, in particolare con il protocollo condiviso tra le parti sociali approvato dal decreto del Presidente del Consiglio dei ministri del 26 aprile 2020, nonch\u00e9 con i criteri guida generali di cui ai documenti tecnici prodotti da INAIL e Istituto Superiore di Sanit\u00e0 con il principale obiettivo di ridurre il rischio di contagio per i singoli e per la collettivit\u00e0 in tutti i settori produttivi ed economici.<\/span><\/p>\n<p><span style=\"color: #000000; font-family: arial, helvetica, sans-serif;\">In tale contesto, il sistema aziendale della prevenzione consolidatosi nel tempo secondo l\u2019architettura prevista dal decreto legislativo 9 aprile 2008, n. 81 costituisce la cornice naturale per supportare la gestione integrata del rischio connesso all\u2019attuale pandemia. In ogni caso, solo la partecipazione consapevole e attiva di ogni singolo utente e lavoratore, con pieno senso di responsabilit\u00e0, potr\u00e0 risultare determinante, non solo per lo specifico contesto aziendale, ma anche per la collettivit\u00e0.<\/span><\/p>\n<p><span style=\"color: #000000; font-family: arial, helvetica, sans-serif;\">Infine, \u00e8 opportuno che le indicazioni operative di cui al presente documento, eventualmente integrate con soluzioni di efficacia superiore, siano adattate ad ogni singola organizzazione, individuando le misure pi\u00f9 efficaci in relazione ad ogni singolo contesto locale e le procedure\/istruzioni operative per mettere in atto dette misure. Tali procedure\/istruzioni operative possono coincidere con procedure\/istruzioni operative gi\u00e0 adottate, purch\u00e9 opportunamente integrate, cos\u00ec come possono costituire un addendum connesso al contesto emergenziale del documento di valutazione dei rischi redatto ai sensi del decreto legislativo 9 aprile 2008, n. 81.<\/span><\/p>\n<p><span style=\"color: #000000; font-family: arial, helvetica, sans-serif;\">Resta inteso che in base all\u2019evoluzione dello scenario epidemiologico le misure indicate potranno essere rimodulate, anche in senso pi\u00f9 restrittivo.<\/span><\/p>\n<p><span style=\"color: #000000; font-family: arial, helvetica, sans-serif;\">Le schede attualmente pubblicate saranno eventualmente integrate con le schede relative a ulteriori settori di attivit\u00e0.<\/span><\/p>\n<p><span style=\"color: #000000; font-family: arial, helvetica, sans-serif;\">DATASHEET<\/span><\/p>\n<p><span style=\"font-size: 19px;\"><strong><span style=\"color: #000000; font-family: arial, helvetica, sans-serif;\">INFORMATORI SCIENTIFICI DEL FARMACO E VENDITA PORTA A PORTA<\/span><\/strong><\/span><\/p>\n<ul>\n<li><span style=\"color: #000000; font-family: arial, helvetica, sans-serif; font-size: 18px;\">For all informants, the provisions\/protocols of the structure\/company where they go for their activity apply.<\/span><\/li>\n<li><span style=\"color: #000000; font-family: arial, helvetica, sans-serif; font-size: 18px;\">Il professionista informatore dovr\u00e0 sempre provvedere ad adeguata igiene delle mani e all\u2019utilizzo della mascherina a protezione delle vie aeree e di guanti monouso.<\/span><\/li>\n<li><span style=\"color: #000000; font-family: arial, helvetica, sans-serif; font-size: 18px;\">Promote the exchange of air in the internal environments at the end of the meeting.<\/span><\/li>\n<li><span style=\"color: #000000; font-family: arial, helvetica, sans-serif; font-size: 18px;\">Remote activities and remote contacts must be privileged.<\/span><\/li>\n<li><span style=\"color: #000000; font-family: arial, helvetica, sans-serif; font-size: 18px;\">L\u2019eventuale attivit\u00e0 di persona dovr\u00e0 avvenire sempre previo appuntamento concordato, individuando specifici orari per evitare, dove possibile, intersezioni con altri utenti o pazienti anche negli spazi d\u2019attesa.<\/span><\/li>\n<li><span style=\"color: #000000; font-family: arial, helvetica, sans-serif; font-size: 18px;\">Dovr\u00e0 sempre essere rispettata la distanza interpersonale tra informatore e operatore sanitario.<\/span><\/li>\n<li><span style=\"color: #000000; font-family: arial, helvetica, sans-serif; font-size: 18px;\">Evitare l\u2019utilizzo promiscuo di oggetti nell\u2019attivit\u00e0 informativa. Prima di utilizzarli presso il domicilio del cliente provvedere ad una accurata pulizia degli strumenti di lavoro (campionari, dimostrativi, depliants, tablet ecc.) utilizzando igienizzanti specifici<\/span><\/li>\n<\/ul>\n<p><span style=\"color: #000000; font-family: arial, helvetica, sans-serif;\">Le presenti misure si applicano, per quanto compatibili, anche alle vendite porta a porta.<\/span><\/p>\n<p><span style=\"color: #000000; font-family: arial, helvetica, sans-serif;\">Art. 2 (Disposizioni finali)<\/span><\/p>\n<ol>\n<li><strong><span style=\"color: #000000; font-family: arial, helvetica, sans-serif;\">Le disposizioni della presente ordinanza producono i loro effetti dalla data del 1 giugno 2020 e sono efficaci fino al 14 giugno 2020 ad eccezione di:<\/span><\/strong><\/li>\n<\/ol>\n<ul>\n<li><span style=\"color: #000000; font-family: arial, helvetica, sans-serif;\">servizi per l\u2019infanzia e l\u2019adolescenza consentiti a decorrere dal 15 giugno 2020<\/span><\/li>\n<li><span style=\"color: #000000; font-family: arial, helvetica, sans-serif;\">attivit\u00e0 di spettacolo consentite dal 15 giugno 2020, fatta salva la possibilit\u00e0 di svolgere, nel rispetto di quanto previsto dall\u2019apposita scheda in allegato 1, le prove e le produzioni in assenza di pubblico dal 1\u00b0 giugno 2020.<\/span><\/li>\n<\/ul>\n<ol start=\"2\">\n<li><span style=\"color: #000000; font-family: arial, helvetica, sans-serif;\">Resta salvo, per gli aspetti non diversamente disciplinati dalla presente ordinanza, quanto previsto dalle misure adottate con il decreto del Presidente del Consiglio dei Ministri del 17 maggio 2020, anche in riferimento ai protocolli ed alle linee guida da esso allegati o citati.<\/span><\/li>\n<li><span style=\"color: #000000; font-family: arial, helvetica, sans-serif;\">Sono fatti salvi gli effetti prodotti e gli atti adottati sulla base delle ordinanze del Presidente della Regione previgenti e contenenti misure urgenti di contenimento del contagio in Regione Lombardia.<\/span><\/li>\n<li><span style=\"color: #000000; font-family: arial, helvetica, sans-serif;\">Il mancato rispetto delle misure di cui alla presente ordinanza \u00e8 sanzionato, secondo quanto previsto dall\u2019art. 2 del decreto-legge n. 33\/2020.<\/span><\/li>\n<li><span style=\"color: #000000; font-family: arial, helvetica, sans-serif;\">La presente ordinanza \u00e8 trasmessa al Presidente del Consiglio dei Ministri, al Ministro per gli affari regionali ed al Ministro della salute ed \u00e8 pubblicata sul Bollettino Ufficiale della Regione Lombardia (BURL) e nel portale internet della Regione Lombardia, pagine dedicate all\u2019emergenza sanitaria Corona Virus \u2013 COVID 19.<\/span><\/li>\n<\/ol>\n<p><span style=\"color: #000000; font-family: arial, helvetica, sans-serif;\">IL PRESIDENTE ATTILIO FONTANA<\/span><\/p>\n<p style=\"text-align: right;\"><span style=\"color: #000000; font-family: arial, helvetica, sans-serif; font-size: 14px;\">Atto firmato digitalmente ai sensi delle vigenti disposizioni di legge<\/span><\/p>\n<p>&nbsp;<\/p>\n<p style=\"text-align: left;\"><a href=\"https:\/\/www.regione.lombardia.it\/wps\/wcm\/connect\/dada06ee-c3a3-4400-86d6-a18077f268fa\/Ordinanza+555.pdf?MOD=AJPERES&amp;CACHEID=ROOTWORKSPACE-dada06ee-c3a3-4400-86d6-a18077f268fa-n9y04y5\" target=\"_blank\" rel=\"noopener noreferrer\">Ordinanza 555 del 29\/05\/2020<\/a><\/p>\n<p><a href=\"https:\/\/www.regione.lombardia.it\/wps\/wcm\/connect\/ef96a568-2b08-4fe6-a623-a81e4c8db5d3\/ALLEGATO+1.pdf?MOD=AJPERES&amp;CACHEID=ROOTWORKSPACE-ef96a568-2b08-4fe6-a623-a81e4c8db5d3-n9xV1jP\" target=\"_blank\" rel=\"noopener noreferrer\">Attachment 1<\/a><\/p>\n<p>&nbsp;<\/p>","protected":false},"excerpt":{"rendered":"<p>Ordinanza n. 555 del 29\/05\/2020 Regione Lombardia ORDINA Art. 1 (Misure urgenti di contenimento del contagio in Regione Lombardia) Allo scopo di contrastare e contenere il diffondersi del virus COVID- 19 nella Regione Lombardia, si applicano le seguenti misure specifiche: 1.1 Obbligo di utilizzo della mascherina o di altre protezioni Ogniqualvolta ci si rechi fuori &hellip;<\/p>","protected":false},"author":4,"featured_media":50624,"comment_status":"closed","ping_status":"closed","sticky":false,"template":"","format":"standard","meta":{"footnotes":""},"categories":[16],"tags":[],"class_list":["post-50623","post","type-post","status-publish","format-standard","has-post-thumbnail","hentry","category-primo-piano"],"amp_enabled":true,"_links":{"self":[{"href":"https:\/\/www.fedaiisf.it\/en\/wp-json\/wp\/v2\/posts\/50623","targetHints":{"allow":["GET"]}}],"collection":[{"href":"https:\/\/www.fedaiisf.it\/en\/wp-json\/wp\/v2\/posts"}],"about":[{"href":"https:\/\/www.fedaiisf.it\/en\/wp-json\/wp\/v2\/types\/post"}],"author":[{"embeddable":true,"href":"https:\/\/www.fedaiisf.it\/en\/wp-json\/wp\/v2\/users\/4"}],"replies":[{"embeddable":true,"href":"https:\/\/www.fedaiisf.it\/en\/wp-json\/wp\/v2\/comments?post=50623"}],"version-history":[{"count":0,"href":"https:\/\/www.fedaiisf.it\/en\/wp-json\/wp\/v2\/posts\/50623\/revisions"}],"wp:featuredmedia":[{"embeddable":true,"href":"https:\/\/www.fedaiisf.it\/en\/wp-json\/wp\/v2\/media\/50624"}],"wp:attachment":[{"href":"https:\/\/www.fedaiisf.it\/en\/wp-json\/wp\/v2\/media?parent=50623"}],"wp:term":[{"taxonomy":"category","embeddable":true,"href":"https:\/\/www.fedaiisf.it\/en\/wp-json\/wp\/v2\/categories?post=50623"},{"taxonomy":"post_tag","embeddable":true,"href":"https:\/\/www.fedaiisf.it\/en\/wp-json\/wp\/v2\/tags?post=50623"}],"curies":[{"name":"wp","href":"https:\/\/api.w.org\/{rel}","templated":true}]}}