{"id":50733,"date":"2020-06-04T13:24:42","date_gmt":"2020-06-04T11:24:42","guid":{"rendered":"https:\/\/www.fedaiisf.it\/?p=50733"},"modified":"2020-06-06T10:17:47","modified_gmt":"2020-06-06T08:17:47","slug":"sardegna-ripresa-attivita-secondo-linee-guida","status":"publish","type":"post","link":"https:\/\/www.fedaiisf.it\/en\/sardegna-ripresa-attivita-secondo-linee-guida\/","title":{"rendered":"Sardinia. Resumption of activity according to guidelines"},"content":{"rendered":"<h2 style=\"text-align: center;\"><span style=\"font-family: arial, helvetica, sans-serif; color: #000000;\">ORDINA<\/span><\/h2>\n<p><span style=\"font-family: arial, helvetica, sans-serif; color: #000000; font-size: 17px;\">Art. 7<\/span><\/p>\n<p><span style=\"font-family: arial, helvetica, sans-serif; color: #000000; font-size: 17px;\">Nell\u2019ambito del territorio regionale, sulla base della pubblicazione da parte del Ministero della Salute degli indicatori previsti dal D.M.S. in data 30 aprile 2020, che certificano la compatibilit\u00e0 dello svolgimento delle attivit\u00e0 meglio descritte a seguire con l\u2019andamento della situazione epidemiologica nel territorio regionale ai sensi dell\u2019art. 1, primo comma, lett. dd), ee) e gg) del DPCM 17 maggio 2020, fermo restando il divieto di assembramento e il rispetto del distanziamento personale, in conformit\u00e0 alle linee guida per la riapertura delle attivit\u00e0 economiche e produttive approvate dalla Conferenza delle Regioni e delle Province Autonome in data 16 maggio 2020, cos\u00ec come aggiornate ed integrate in data 22 maggio 2020 ed allegate alla presente ordinanza sotto la lettera \u201cB\u201d per farne parte integrante e sostanziale, a decorrere dal 3 giugno 2020 sono consentite le seguenti attivit\u00e0:<\/span><\/p>\n<p><span style=\"font-family: arial, helvetica, sans-serif; color: #000000; font-size: 17px;\">a) commercio al dettaglio in sede fissa, commercio su aree pubbliche (mercati, posteggi fuori mercato e chioschi) agenzie di servizi (a titolo di esempio, agenzie di viaggio e agenzie immobiliari);<\/span><\/p>\n<p><span style=\"font-family: arial, helvetica, sans-serif; color: #000000; font-size: 17px;\">b) servizi di somministrazione di alimenti e bevande ed attivit\u00e0, anche artigianali o in circoli privati, che prevedono l\u2019asporto e il consumo sul posto (a titolo esemplificativo bar, pub, ristoranti, gelaterie, pasticcerie); attivit\u00e0 turistiche relative alla balneazione;<\/span><\/p>\n<p><span style=\"font-family: arial, helvetica, sans-serif; color: #000000; font-size: 17px;\">d) strutture ricettive alberghiere, strutture ricettive all\u2019aria aperta (campeggi),\u00a0<\/span><span style=\"color: #000000; font-family: arial, helvetica, sans-serif; font-size: 17px;\">alloggi in agriturismo;<\/span><\/p>\n<p><span style=\"font-family: arial, helvetica, sans-serif; color: #000000; font-size: 17px;\">e) commercio al dettaglio;<\/span><\/p>\n<p><span style=\"font-family: arial, helvetica, sans-serif; color: #000000; font-size: 17px;\">f) commercio al dettaglio su aree pubbliche (mercati, fiere e mercatini degli\u00a0<\/span><span style=\"color: #000000; font-family: arial, helvetica, sans-serif; font-size: 17px;\">hobbisti);<\/span><\/p>\n<p><span style=\"font-family: arial, helvetica, sans-serif; color: #000000; font-size: 17px;\">g) uffici aperti al pubblico, pubblici e privati, studi professionali e servizi\u00a0<\/span><span style=\"color: #000000; font-family: arial, helvetica, sans-serif; font-size: 17px;\">amministrativi;<\/span><\/p>\n<p><span style=\"font-family: arial, helvetica, sans-serif; color: #000000; font-size: 17px;\">h) manutenzione del verde;<\/span><\/p>\n<p><span style=\"font-family: arial, helvetica, sans-serif; color: #000000; font-size: 17px;\">i) attivit\u00e0 di apertura al pubblico dei musei e degli altri istituti e luoghi della cultura\u00a0<\/span><span style=\"color: #000000; font-family: arial, helvetica, sans-serif; font-size: 17px;\">di cui all\u2019articolo 101 del codice dei beni culturali e del paesaggio nel rispetto\u00a0<\/span><span style=\"color: #000000; font-family: arial, helvetica, sans-serif; font-size: 17px;\">dei principi contenuti nelle linee guida nazionali;<\/span><\/p>\n<p><span style=\"font-family: arial, helvetica, sans-serif; color: #000000; font-size: 17px;\">j) tirocini extracurriculari a mercato, laddove il soggetto promotore, quello\u00a0<\/span><span style=\"color: #000000; font-family: arial, helvetica, sans-serif; font-size: 17px;\">ospitante e il tirocinante concordino sul riavvio del tirocinio, ferma restando la possibilit\u00e0 di avviare o proseguire il percorso formativo con modalit\u00e0 a distanza; il tirocinio in presenza deve essere svolto, in ogni caso, nel rispetto delle indicazioni tecniche e operative definite nelle linee guida nazionali o nei protocolli regionali previsti per il settore;<\/span><\/p>\n<p><span style=\"font-family: arial, helvetica, sans-serif; color: #000000; font-size: 17px;\">k) tirocini formativi relativi alle professioni sanitarie o di interesse sanitario, effettuati per il raggiungimento di qualifiche professionali, anche regolamentate da specifici accordi tra Stato e Regioni;<\/span><\/p>\n<p><span style=\"font-family: arial, helvetica, sans-serif; color: #000000; font-size: 17px;\">l) noleggio veicoli ed altre attrezzature;<\/span><\/p>\n<p><span style=\"font-family: arial, helvetica, sans-serif; color: #000000; font-size: 17px;\">m) <strong><span style=\"font-size: 18px;\"><u>informatori scientifici del farmaco<\/u><\/span>;<\/strong><\/span><\/p>\n<p><span style=\"font-family: arial, helvetica, sans-serif; color: #000000; font-size: 17px;\">n) aree giochi per bambini;<\/span><\/p>\n<p><span style=\"font-family: arial, helvetica, sans-serif; color: #000000; font-size: 17px;\">o) formazione professionale;<\/span><\/p>\n<p><span style=\"font-family: arial, helvetica, sans-serif; color: #000000; font-size: 17px;\">p) enti lirico-sinfonici per attivit\u00e0 relative a prove e registrazioni in assenza di pubblico, previa adozione di specifici protocolli di prevenzione validati dalle competenti strutture sanitarie della Regione.<\/span><\/p>\n<p><span style=\"font-family: arial, helvetica, sans-serif; color: #000000; font-size: 17px;\">Avverso la presente ordinanza \u00e8 ammesso ricorso giurisdizionale innanzi al Tribunale Amministrativo Regionale nel termine di sessanta giorni dalla comunicazione, ovvero ricorso straordinario al Capo dello Stato entro il termine di giorni centoventi.<\/span><\/p>\n<p><span style=\"font-family: arial, helvetica, sans-serif; color: #000000; font-size: 17px;\">Christian Solinas<\/span><\/p>\n<p><a href=\"https:\/\/www.regione.sardegna.it\/documenti\/1_422_20200603153420.pdf\" target=\"_blank\" rel=\"noopener noreferrer\">Ordinanza &#8211; Versione integrale<\/a><\/p>\n<ul class=\"list-unstyled\">\n<li>\n<div class=\"ext-center\"><a href=\"https:\/\/www.regione.sardegna.it\/documenti\/1_231_20200603163716.pdf\" target=\"_blank\" rel=\"blank noopener noreferrer\"><b>Allegato A [file.pdf]<\/b><\/a><\/div>\n<\/li>\n<li>\n<div class=\"ext-center\"><a href=\"https:\/\/www.regione.sardegna.it\/documenti\/1_422_20200603153522.pdf\" target=\"_blank\" rel=\"blank noopener noreferrer\"><b>Allegato B [file.pdf]<\/b><\/a><\/div>\n<\/li>\n<\/ul>\n<hr \/>\n<p>&nbsp;<\/p>\n<p>&nbsp;<\/p>\n<p><a href=\"https:\/\/www.fedaiisf.it\/wp-content\/uploads\/2020\/06\/Sardegna-lettera-ripresa-attivit\u00e0-ISF.jpeg\"><img loading=\"lazy\" decoding=\"async\" class=\" wp-image-50814 aligncenter\" src=\"https:\/\/www.fedaiisf.it\/wp-content\/uploads\/2020\/06\/Sardegna-lettera-ripresa-attivit\u00e0-ISF.jpeg\" alt=\"\" width=\"766\" height=\"1007\" srcset=\"https:\/\/www.fedaiisf.it\/wp-content\/uploads\/2020\/06\/Sardegna-lettera-ripresa-attivit\u00e0-ISF.jpeg 748w, https:\/\/www.fedaiisf.it\/wp-content\/uploads\/2020\/06\/Sardegna-lettera-ripresa-attivit\u00e0-ISF-228x300.jpeg 228w\" sizes=\"auto, (max-width: 766px) 100vw, 766px\" \/><\/a><\/p>\n<p style=\"text-align: justify;\"><span style=\"font-family: arial, helvetica, sans-serif; font-size: 17px; color: #000000;\">Per opportuna conoscenza e per gli adempimenti di competenza si trasmette la Deliberazione della Giunta Regionale n. 27\/28 del 28 maggio 2020 relativa alle modalit\u00e0 di svolgimento dell\u2019attivit\u00e0 di informazione scientifica dei farmaci e dei dispositivi medici presso gli studi professionali\/ambulatori medici e presso le strutture ospedaliere.<\/span><\/p>\n<div class=\"page\" title=\"Page 2\">\n<div class=\"layoutArea\">\n<div class=\"column\">\n<p style=\"text-align: justify;\"><span style=\"font-family: arial, helvetica, sans-serif; font-size: 17px; color: #000000;\">Si invitano le SS.LL. in indirizzo ad informare in maniera capillare tutti gli operatori interessati. Distinti saluti<\/span><\/p>\n<p style=\"text-align: center;\"><span style=\"font-family: arial, helvetica, sans-serif; font-size: 17px; color: #000000;\">IL DIRETTORE DEL SERVIZIO<\/span><\/p>\n<p style=\"text-align: center;\"><span style=\"font-family: arial, helvetica, sans-serif; font-size: 17px; color: #000000;\">Donatella Garau<\/span><\/p>\n<p style=\"text-align: center;\"><span style=\"font-family: arial, helvetica, sans-serif; font-size: 17px; color: #000000;\">(documento firmato digitalmente)<\/span><\/p>\n<\/div>\n<\/div>\n<\/div>\n<p>&nbsp;<\/p>\n","protected":false},"excerpt":{"rendered":"<p>ORDINA Art. 7 Nell\u2019ambito del territorio regionale, sulla base della pubblicazione da parte del Ministero della Salute degli indicatori previsti dal D.M.S. in data 30 aprile 2020, che certificano la compatibilit\u00e0 dello svolgimento delle attivit\u00e0 meglio descritte a seguire con l\u2019andamento della situazione epidemiologica nel territorio regionale ai sensi dell\u2019art. 1, primo comma, lett. dd), &hellip;<\/p>","protected":false},"author":4,"featured_media":50734,"comment_status":"closed","ping_status":"closed","sticky":false,"template":"","format":"standard","meta":{"footnotes":""},"categories":[16],"tags":[],"class_list":["post-50733","post","type-post","status-publish","format-standard","has-post-thumbnail","hentry","category-primo-piano"],"amp_enabled":true,"_links":{"self":[{"href":"https:\/\/www.fedaiisf.it\/en\/wp-json\/wp\/v2\/posts\/50733","targetHints":{"allow":["GET"]}}],"collection":[{"href":"https:\/\/www.fedaiisf.it\/en\/wp-json\/wp\/v2\/posts"}],"about":[{"href":"https:\/\/www.fedaiisf.it\/en\/wp-json\/wp\/v2\/types\/post"}],"author":[{"embeddable":true,"href":"https:\/\/www.fedaiisf.it\/en\/wp-json\/wp\/v2\/users\/4"}],"replies":[{"embeddable":true,"href":"https:\/\/www.fedaiisf.it\/en\/wp-json\/wp\/v2\/comments?post=50733"}],"version-history":[{"count":0,"href":"https:\/\/www.fedaiisf.it\/en\/wp-json\/wp\/v2\/posts\/50733\/revisions"}],"wp:featuredmedia":[{"embeddable":true,"href":"https:\/\/www.fedaiisf.it\/en\/wp-json\/wp\/v2\/media\/50734"}],"wp:attachment":[{"href":"https:\/\/www.fedaiisf.it\/en\/wp-json\/wp\/v2\/media?parent=50733"}],"wp:term":[{"taxonomy":"category","embeddable":true,"href":"https:\/\/www.fedaiisf.it\/en\/wp-json\/wp\/v2\/categories?post=50733"},{"taxonomy":"post_tag","embeddable":true,"href":"https:\/\/www.fedaiisf.it\/en\/wp-json\/wp\/v2\/tags?post=50733"}],"curies":[{"name":"wp","href":"https:\/\/api.w.org\/{rel}","templated":true}]}}