{"id":50797,"date":"2020-06-08T10:05:18","date_gmt":"2020-06-08T08:05:18","guid":{"rendered":"https:\/\/www.fedaiisf.it\/?p=50797"},"modified":"2020-09-02T10:41:03","modified_gmt":"2020-09-02T08:41:03","slug":"emilia-romagna-attivita-isf-dal-9-giugno-in-presenza-secondo-linee-guida-se-le-condizioni-lo-consentono","status":"publish","type":"post","link":"https:\/\/www.fedaiisf.it\/en\/emilia-romagna-attivita-isf-dal-9-giugno-in-presenza-secondo-linee-guida-se-le-condizioni-lo-consentono\/","title":{"rendered":"Emilia Romagna. Attivit\u00e0 ISF dal 9 giugno in presenza secondo linee guida se le condizioni lo consentono"},"content":{"rendered":"<hr \/>\n<p><em>Le autorit\u00e0 regionali dell\u2019Emilia Romagna hanno emanato un nuovo protocollo che dispone le modalit\u00e0 di svolgimento dell\u2019attivit\u00e0 di informazione scientifica a partire dal 9 giugno 2020.<\/em><\/p>\n<p><em>Il protocollo \u00e8 stato condiviso con il \u201cGruppo di lavoro sull\u2019informazione scientifica nell\u2019ambito del SSR\u201d a seguito dell\u2019incontro avvenuto in videoconferenza il 28 maggio 2020.<\/em><\/p>\n<p><em>Un sentito ringraziamento va a tutto il &#8220;Gruppo di Lavoro sull&#8217;Informazione Scientifica&#8221; ed in particolare alla Dr.ssa Petropulacos e alla Dr.ssa Solfrini che hanno reso possibile la costituzione del Gruppo stesso e il raggiungimento di risultati condivisi.<\/em><\/p>\n<hr \/>\n<p><a href=\"https:\/\/www.fedaiisf.it\/wp-content\/uploads\/2020\/06\/Emilia-Romagna-presentazione-protocollo-ISF.jpg\"><img loading=\"lazy\" decoding=\"async\" class=\"alignnone size-large wp-image-50828\" src=\"https:\/\/www.fedaiisf.it\/wp-content\/uploads\/2020\/06\/Emilia-Romagna-presentazione-protocollo-ISF-1024x635.jpg\" alt=\"\" width=\"1000\" height=\"620\" srcset=\"https:\/\/www.fedaiisf.it\/wp-content\/uploads\/2020\/06\/Emilia-Romagna-presentazione-protocollo-ISF-1024x635.jpg 1024w, https:\/\/www.fedaiisf.it\/wp-content\/uploads\/2020\/06\/Emilia-Romagna-presentazione-protocollo-ISF-300x186.jpg 300w, https:\/\/www.fedaiisf.it\/wp-content\/uploads\/2020\/06\/Emilia-Romagna-presentazione-protocollo-ISF-768x476.jpg 768w, https:\/\/www.fedaiisf.it\/wp-content\/uploads\/2020\/06\/Emilia-Romagna-presentazione-protocollo-ISF.jpg 1029w\" sizes=\"auto, (max-width: 1000px) 100vw, 1000px\" \/><\/a><\/p>\n<p style=\"text-align: justify;\"><span style=\"font-family: arial, helvetica, sans-serif; color: #000000; font-size: 17px;\">OGGETTO:\u00a0\u00a0\u00a0\u00a0\u00a0\u00a0 protocollo per la regolamentazione dell\u2019attivit\u00e0 di informazione scientifica nelle strutture del SSR e negli ambulatori dei MMG e PLS.<\/span><\/p>\n<p style=\"text-align: justify;\"><span style=\"font-family: arial, helvetica, sans-serif; color: #000000; font-size: 17px;\">Si fa seguito, con la presente, alle prime indicazioni date con nota PG\/2020\/338687 del 06\/05\/2020 con cui era stata disposta la ripresa delle attivit\u00e0 di informazione scientifica dei farmaci e dei dispositivi medici dopo una fase di sospensione imposta dall\u2019emergenza Coronavirus (COVID-19). Le modalit\u00e0 erano descritte in un Protocollo per la ripresa dell\u2019attivit\u00e0 di informazione scientifica che forniva indicazioni stringenti per il periodo dal 04 maggio al 08 giugno 2020.<\/span><\/p>\n<p style=\"text-align: justify;\"><span style=\"font-family: arial, helvetica, sans-serif; color: #000000; font-size: 17px;\">E\u2019 ora possibile aggiornare le suddette indicazioni con un nuovo Protocollo che dispone le modalit\u00e0 di svolgimento dell\u2019attivit\u00e0 di informazione scientifica a partire dal 9 giugno 2020.<\/span><\/p>\n<p style=\"text-align: justify;\"><span style=\"font-family: arial, helvetica, sans-serif; color: #000000; font-size: 17px;\">Il protocollo \u00e8 stato condiviso con il \u201cGruppo di lavoro sull\u2019informazione scientifica nell\u2019ambito del SSR\u201d a seguito dell\u2019incontro avvenuto in videoconferenza il 28 maggio 2020.<\/span><\/p>\n<p style=\"text-align: justify;\"><span style=\"font-family: arial, helvetica, sans-serif; color: #000000; font-size: 17px;\">The Directorates are invited to disseminate this note to all health professionals including GPs, PLS, specialist doctors affiliated with both the SSR structures and the accredited private sector.<\/span><\/p>\n<p style=\"text-align: justify;\"><span style=\"font-family: arial, helvetica, sans-serif; color: #000000; font-size: 17px;\">Si invitano i componenti non di parte pubblica del \u201cGruppo di lavoro sull\u2019informazione scientifica nell\u2019ambito del SSR\u201d a diffondere la presente nota all\u2019associazione da ciascuno rappresentata.<\/span><\/p>\n<p style=\"text-align: justify;\"><span style=\"font-family: arial, helvetica, sans-serif; color: #000000; font-size: 17px;\">Best regards<\/span><\/p>\n<p style=\"text-align: justify;\"><span style=\"font-family: arial, helvetica, sans-serif; color: #000000; font-size: 17px;\">\u00a0\u00a0\u00a0\u00a0\u00a0\u00a0\u00a0\u00a0\u00a0\u00a0\u00a0\u00a0\u00a0\u00a0\u00a0\u00a0\u00a0\u00a0\u00a0\u00a0\u00a0\u00a0\u00a0\u00a0\u00a0\u00a0\u00a0\u00a0\u00a0\u00a0\u00a0\u00a0\u00a0\u00a0\u00a0\u00a0\u00a0\u00a0\u00a0\u00a0\u00a0\u00a0\u00a0\u00a0 \u00a0\u00a0\u00a0\u00a0\u00a0\u00a0\u00a0\u00a0\u00a0\u00a0\u00a0\u00a0\u00a0\u00a0\u00a0\u00a0\u00a0\u00a0\u00a0\u00a0\u00a0\u00a0\u00a0\u00a0\u00a0\u00a0\u00a0\u00a0\u00a0\u00a0\u00a0\u00a0\u00a0 Kyriakoula Petropulacos<\/span><\/p>\n<p style=\"text-align: justify;\"><span style=\"font-family: arial, helvetica, sans-serif; color: #000000; font-size: 17px;\">\u00a0\u00a0\u00a0\u00a0\u00a0\u00a0\u00a0\u00a0\u00a0\u00a0\u00a0\u00a0\u00a0\u00a0\u00a0\u00a0\u00a0\u00a0\u00a0\u00a0\u00a0\u00a0\u00a0\u00a0\u00a0\u00a0\u00a0\u00a0\u00a0\u00a0\u00a0\u00a0\u00a0\u00a0\u00a0\u00a0\u00a0\u00a0\u00a0\u00a0\u00a0\u00a0\u00a0\u00a0\u00a0\u00a0\u00a0\u00a0\u00a0\u00a0\u00a0\u00a0\u00a0\u00a0\u00a0\u00a0\u00a0\u00a0\u00a0\u00a0\u00a0\u00a0\u00a0\u00a0\u00a0\u00a0\u00a0\u00a0\u00a0\u00a0\u00a0\u00a0\u00a0\u00a0\u00a0\u00a0\u00a0\u00a0\u00a0\u00a0\u00a0\u00a0\u00a0 (F.to digitalmente)<\/span><\/p>\n<p style=\"text-align: justify;\"><span style=\"font-family: arial, helvetica, sans-serif; color: #000000; font-size: 17px;\">\u00a0\u00a0\u00a0\u00a0\u00a0\u00a0\u00a0\u00a0\u00a0\u00a0\u00a0\u00a0\u00a0\u00a0\u00a0\u00a0\u00a0\u00a0\u00a0\u00a0\u00a0\u00a0\u00a0\u00a0\u00a0\u00a0\u00a0\u00a0\u00a0\u00a0\u00a0\u00a0\u00a0\u00a0\u00a0\u00a0\u00a0\u00a0\u00a0\u00a0\u00a0\u00a0\u00a0\u00a0\u00a0\u00a0\u00a0\u00a0\u00a0\u00a0\u00a0\u00a0\u00a0\u00a0\u00a0\u00a0\u00a0\u00a0\u00a0\u00a0\u00a0\u00a0\u00a0\u00a0\u00a0\u00a0\u00a0\u00a0\u00a0\u00a0\u00a0 \u00a0\u00a0\u00a0<\/span><\/p>\n<p style=\"text-align: justify;\"><span style=\"font-family: arial, helvetica, sans-serif; color: #000000; font-size: 17px;\">Attached:<\/span><\/p>\n<p style=\"text-align: justify;\"><span style=\"font-family: arial, helvetica, sans-serif; color: #000000; font-size: 17px;\">protocollo sull\u2019attivit\u00e0 di informazione e promozione di informazione nelle strutture del SSR e negli ambulatori dei MMG e PLS<\/span><\/p>\n<hr \/>\n<p>&nbsp;<\/p>\n<p style=\"text-align: justify;\"><span style=\"color: #000000; font-family: arial, helvetica, sans-serif; font-size: 18px;\"><strong><a href=\"https:\/\/www.fedaiisf.it\/wp-content\/uploads\/2020\/06\/Emilia-Romagna-attivit\u00e0-ISF-dal-9-giugno.jpeg\"><img loading=\"lazy\" decoding=\"async\" class=\"size-full wp-image-50798 aligncenter\" src=\"https:\/\/www.fedaiisf.it\/wp-content\/uploads\/2020\/06\/Emilia-Romagna-attivit\u00e0-ISF-dal-9-giugno.jpeg\" alt=\"\" width=\"1024\" height=\"110\" srcset=\"https:\/\/www.fedaiisf.it\/wp-content\/uploads\/2020\/06\/Emilia-Romagna-attivit\u00e0-ISF-dal-9-giugno.jpeg 1024w, https:\/\/www.fedaiisf.it\/wp-content\/uploads\/2020\/06\/Emilia-Romagna-attivit\u00e0-ISF-dal-9-giugno-300x32.jpeg 300w, https:\/\/www.fedaiisf.it\/wp-content\/uploads\/2020\/06\/Emilia-Romagna-attivit\u00e0-ISF-dal-9-giugno-768x83.jpeg 768w\" sizes=\"auto, (max-width: 1024px) 100vw, 1024px\" \/><\/a><\/strong><\/span><\/p>\n<p style=\"text-align: justify;\"><span style=\"color: #000000; font-family: arial, helvetica, sans-serif; font-size: 18px;\"><strong>dal 09 GIUGNO 2020<\/strong><\/span><\/p>\n<p style=\"text-align: justify;\"><span style=\"color: #000000; font-family: arial, helvetica, sans-serif; font-size: 18px;\">Alla luce dell\u2019esperienza maturata nel periodo dal 4 maggio 2020 all\u20198 giugno 2020 di ripresa dell\u2019attivit\u00e0 di informazione scientifica in Regione Emilia-Romagna, si condividono le seguenti ulteriori indicazioni relative a tutte le forme di confronto diretto di informatori\/promotori coi professionisti e rappresentanti istituzionali del SSR per la presentazione di informazioni sui prodotti (farmaci, dispositivi medici, integratori):<\/span><\/p>\n<ul style=\"text-align: justify;\">\n<li><span style=\"color: #000000; font-family: arial, helvetica, sans-serif; font-size: 18px;\">E\u2019 possibile l\u2019organizzazione di incontri in presenza se, a giudizio dei professionisti o rappresentanti istituzionali del SSR, le condizioni ambientali lo consentono. Come ricordato anche dalle \u201cLinee guida per la riapertura delle attivit\u00e0 economiche e produttive\u201d emanate dalla Conferenza delle Regioni e delle province autonome in data 25 maggio 2020, l\u2019attivit\u00e0 di informazione scientifica \u00e8 subordinata al rispetto delle disposizioni e dei protocolli delle Strutture\/Aziende presso cui si recano gli ISF. In questo periodo \u00e8 ancora presente un forte contingentamento degli accessi presso ospedali, poliambulatori e case della salute per la necessit\u00e0 garantire il corretto distanziamento. Qualora fosse possibile organizzare in sicurezza incontri in presenza, si ricorda l\u2019obbligo di provvedere sempre ad una adeguata igiene delle mani e all\u2019utilizzo corretto della mascherina, nonch\u00e9 al rispetto della distanza interpersonale. A tal proposito le \u201cLinee guida per la riapertura delle attivit\u00e0 economiche e produttive\u201d della Conferenza delle Regioni e delle province autonome sono disponibili al link: <span style=\"color: #0000ff;\"><a style=\"color: #0000ff;\" href=\"http:\/\/www.regioni.it\/home\/emergenza-coronavirus-linee-guida-2589\/\" target=\"_blank\" rel=\"noopener noreferrer\">http:\/\/www.regioni.it\/home\/emergenza-coronavirus-linee-guida-2589\/<\/a><\/span><\/span><\/li>\n<li><span style=\"color: #000000; font-family: arial, helvetica, sans-serif; font-size: 18px;\">Nelle strutture dove non \u00e8 possibile l\u2019informazione scientifica in presenza, \u00e8 comunque consentita l\u2019attivit\u00e0 svolta telefonicamente o in videoconferenza, sia con collegamenti 1 a 1 sia con collegamenti collegiali (con pi\u00f9 medici contemporaneamente collegati); per gli incontri in Videoconferenza \u00e8 raccomandato l\u2019utilizzo di piattaforme open, di larga diffusione e di facile utilizzazione da concordare tra le parti al momento dell\u2019appuntamento; non pu\u00f2 essere in alcun modo chiesto ai professionisti di utilizzare piattaforme di comunicazione messe a disposizione dalla ditta di farmaci\/DM\/integratori che comportano necessit\u00e0 di scaricare programmi e\/o iscrizione. Gli appuntamenti possono essere definiti come in precedente periodo: l\u2019informatore invia alla posta elettronica istituzionale dei professionisti del SSR (generalmente disponibile sui siti aziendali) una proposta di incontro in videoconferenza con relative istruzioni di collegamento; il professionista pu\u00f2 accettare la proposta ma non \u00e8 obbligato a fornire risposta o a proporre modifiche.<\/span><\/li>\n<\/ul>\n<p style=\"text-align: justify;\"><span style=\"color: #000000; font-family: arial, helvetica, sans-serif; font-size: 18px;\">\u00a0\u00a0<\/span><\/p>\n<p style=\"text-align: justify;\"><span style=\"color: #000000; font-family: arial, helvetica, sans-serif; font-size: 18px;\"><strong>da agosto 2020 <\/strong><\/span><\/p>\n<p style=\"text-align: justify;\"><span style=\"color: #000000; font-family: arial, helvetica, sans-serif; font-size: 18px;\">in base alle condizioni epidemiologiche, si valuter\u00e0 se vi \u00e8 necessit\u00e0 di modificare le modalit\u00e0 di incontro, sempre adottando tutte le precauzioni necessarie a minimizzare le possibilit\u00e0 di contagio e garantire semplicit\u00e0 di gestione delle attivit\u00e0.<\/span><\/p>\n<hr \/>\n<p><strong>\u201cGruppo di lavoro sull\u2019informazione scientifica nell\u2019ambito del SSR\u201d<\/strong><\/p>\n<p>Presenti (collegati) all\u2019incontro del 28 maggio 2020<\/p>\n<p>per la Regione Emilia-Romagna: Marchi Andrea, Solfrini Valentina<\/p>\n<p>per l\u2019Area Vasta Nord: Alessandro Navazio<\/p>\n<p>per l\u2019Area Vasta Emilia Centro: Pirini Gianpiero<\/p>\n<p>per l\u2019AUSL della Romagna: Rossi Giulio, Silvani Maria Chiara<\/p>\n<p>per i MMG: Scali Mario<\/p>\n<p>per i PLS: Manzotti Romano<\/p>\n<p>per i medici specialisti ambulatoriali: Procopio Pietro<\/p>\n<p>per gli ISF: Gualandi Pietro CGIL, Francia Fabio CISL, Baldini Silvia UIL, Mazzarella Antonio e Camatti Massimo FEDAIISF<\/p>\n<p>per Farmidustria: Paoles Luca<\/p>\n<p>per Assogenerici: Tulimiero Romina<\/p>\n<p>per Confindustria DM: Guadagno Martina, Ressa Laura<\/p>\n<p>per l\u2019AUSL di Piacenza: Bisotti Flavio, Nardacchione Vincenzo, Radici Simonetta<\/p>\n<hr \/>\n<p><a href=\"https:\/\/salute.regione.emilia-romagna.it\/farmaci\/informazione-scientifica\/pg-2020-418213-protocollo-isf-dal-9-giugno.pdf\/@@download\/file\/PG%202020%20418213%20protocollo%20ISF%20dal%209%20giugno.pdf\" target=\"_blank\" rel=\"noopener noreferrer\"><img decoding=\"async\" class=\"attachmentLinkIcon\" src=\"https:\/\/salute.regione.emilia-romagna.it\/++plone++design.plone.theme\/icons\/pdf.svg\" \/>protocol (pdf, 142.09 KB)<\/a><br \/>\n\u2981 <a href=\"https:\/\/salute.regione.emilia-romagna.it\/farmaci\/informazione-scientifica\/pg-2020-418213-nota-trasmissione-nuovo-protocollo-isf.pdf\/@@download\/file\/PG%202020%20418213%20Nota%20Trasmissione%20nuovo%20protocollo%20ISF.pdf\" target=\"_blank\" rel=\"noopener noreferrer\"><img decoding=\"async\" class=\"attachmentLinkIcon\" src=\"https:\/\/salute.regione.emilia-romagna.it\/++plone++design.plone.theme\/icons\/pdf.svg\" \/>transmission note (pdf, 146.13 KB)<\/a> of the protocol<\/p>\n<p>&nbsp;<\/p>","protected":false},"excerpt":{"rendered":"<p>Le autorit\u00e0 regionali dell\u2019Emilia Romagna hanno emanato un nuovo protocollo che dispone le modalit\u00e0 di svolgimento dell\u2019attivit\u00e0 di informazione scientifica a partire dal 9 giugno 2020. Il protocollo \u00e8 stato condiviso con il \u201cGruppo di lavoro sull\u2019informazione scientifica nell\u2019ambito del SSR\u201d a seguito dell\u2019incontro avvenuto in videoconferenza il 28 maggio 2020. Un sentito ringraziamento va &hellip;<\/p>","protected":false},"author":4,"featured_media":50895,"comment_status":"closed","ping_status":"closed","sticky":false,"template":"","format":"standard","meta":{"footnotes":""},"categories":[16],"tags":[],"class_list":["post-50797","post","type-post","status-publish","format-standard","has-post-thumbnail","hentry","category-primo-piano"],"amp_enabled":true,"_links":{"self":[{"href":"https:\/\/www.fedaiisf.it\/en\/wp-json\/wp\/v2\/posts\/50797","targetHints":{"allow":["GET"]}}],"collection":[{"href":"https:\/\/www.fedaiisf.it\/en\/wp-json\/wp\/v2\/posts"}],"about":[{"href":"https:\/\/www.fedaiisf.it\/en\/wp-json\/wp\/v2\/types\/post"}],"author":[{"embeddable":true,"href":"https:\/\/www.fedaiisf.it\/en\/wp-json\/wp\/v2\/users\/4"}],"replies":[{"embeddable":true,"href":"https:\/\/www.fedaiisf.it\/en\/wp-json\/wp\/v2\/comments?post=50797"}],"version-history":[{"count":0,"href":"https:\/\/www.fedaiisf.it\/en\/wp-json\/wp\/v2\/posts\/50797\/revisions"}],"wp:featuredmedia":[{"embeddable":true,"href":"https:\/\/www.fedaiisf.it\/en\/wp-json\/wp\/v2\/media\/50895"}],"wp:attachment":[{"href":"https:\/\/www.fedaiisf.it\/en\/wp-json\/wp\/v2\/media?parent=50797"}],"wp:term":[{"taxonomy":"category","embeddable":true,"href":"https:\/\/www.fedaiisf.it\/en\/wp-json\/wp\/v2\/categories?post=50797"},{"taxonomy":"post_tag","embeddable":true,"href":"https:\/\/www.fedaiisf.it\/en\/wp-json\/wp\/v2\/tags?post=50797"}],"curies":[{"name":"wp","href":"https:\/\/api.w.org\/{rel}","templated":true}]}}