{"id":50803,"date":"2020-06-05T18:50:59","date_gmt":"2020-06-05T16:50:59","guid":{"rendered":"https:\/\/www.fedaiisf.it\/?p=50803"},"modified":"2020-06-05T18:57:05","modified_gmt":"2020-06-05T16:57:05","slug":"assogenerici-piano-europeo-per-affrancarsi-dalla-dipendenza-da-paesi-extra-europei","status":"publish","type":"post","link":"https:\/\/www.fedaiisf.it\/en\/assogenerici-piano-europeo-per-affrancarsi-dalla-dipendenza-da-paesi-extra-europei\/","title":{"rendered":"Assogenerics. European plan to free oneself from dependence on non-European countries"},"content":{"rendered":"<h2>La politica farmaceutica europea riparte dallo &#8220;tsunami&#8221; Covid<\/h2>\n<p style=\"text-align: justify;\"><em>\u00abL\u2019Europa ha scelto di ripartire dallo \u201ctsunami\u201d Covid per affrontare alla radice il tema della accessibilit\u00e0, sostenibilit\u00e0 e approvvigionamento di medicinali per tutti i pazienti europei: un problema che passa inevitabilmente per il rafforzamento dell\u2019industria farmaceutica e il mantenimento del suo ruolo come innovatore e leader mondiale del comparto\u00bb.<\/em><\/p>\n<p style=\"text-align: justify;\"><a href=\"https:\/\/www.fedaiisf.it\/wp-content\/uploads\/2020\/06\/Hausermann-assogenerici-.jpg\"><img loading=\"lazy\" decoding=\"async\" class=\"wp-image-50805 alignright\" src=\"https:\/\/www.fedaiisf.it\/wp-content\/uploads\/2020\/06\/Hausermann-assogenerici-.jpg\" alt=\"\" width=\"339\" height=\"190\" srcset=\"https:\/\/www.fedaiisf.it\/wp-content\/uploads\/2020\/06\/Hausermann-assogenerici-.jpg 625w, https:\/\/www.fedaiisf.it\/wp-content\/uploads\/2020\/06\/Hausermann-assogenerici--300x168.jpg 300w, https:\/\/www.fedaiisf.it\/wp-content\/uploads\/2020\/06\/Hausermann-assogenerici--390x220.jpg 390w\" sizes=\"auto, (max-width: 339px) 100vw, 339px\" \/><\/a>Il presidente Assogenerici, <span style=\"color: #000000;\">Enrique H\u00e4usermann<\/span>, commenta cos\u00ec l\u2019avvio da parte della Commissione Ue della <a href=\"https:\/\/ec.europa.eu\/info\/law\/better-regulation\/have-your-say\/initiatives\/12421-Pharmaceutical-Strategy-Timely-patient-access-to-affordable-medicines\" target=\"_blank\" rel=\"noopener noreferrer\">consultazione pubblica <\/a>sulla\u00a0\u201dStrategia farmaceutica per l\u2019accesso tempestivo dei pazienti a medicinali sostenibili\u201d. Aperta fino al 7 luglio la consultazione invita cittadini e stakeholders a condividere suggerimenti e opinioni per la messa a punto del capitolo farmaceutico nell\u2019ambito della nuova strategia industriale europea da adottare a fine anno.<\/p>\n<p style=\"text-align: justify;\"><em>\u00abSi tratta del primo passo &#8211; per quanto riguarda il comparto farmaceutico &#8211; nel solco tracciato dalla Commissione Ue con la pubblicazione, a inizio marzo, del documento sulla <a href=\"https:\/\/ec.europa.eu\/info\/strategy\/priorities-2019-2024\/europe-fit-digital-age\/european-industrial-strategy_it\" target=\"_blank\" rel=\"noopener noreferrer\">Nuova strategia industriale europea<\/a><\/em> &#8211; spiega H\u00e4usermann. \u2013 <em>Un documento importante in cui &#8211; facendo esplicito riferimento all\u2019emergenza Covid-19 &#8211; si sottolinea che l\u2019accesso ai prodotti medici e farmaceutici \u00e8 cruciale per la sicurezza e l\u2019autonomia dell\u2019Europa nel mondo di oggi e si promette una nuova strategia farmaceutica dell\u2019Ue centrata su disponibilit\u00e0, convenienza, sostenibilit\u00e0 e sicurezza dell\u2019approvvigionamento di prodotti farmaceutici\u00bb.<\/em><\/p>\n<p style=\"text-align: justify;\"><em>\u00abProprio con l\u2019emergenza della pandemia<\/em> \u2013 prosegue il presidente Assogenerici &#8211; <em>l\u2019Europa si \u00e8 scoperta ancora troppo dipendente, soprattutto nei momenti critici, da paesi extra-europei, che per vari motivi hanno creato ostacoli non indifferenti all\u2019approvvigionamento delle sostanze per produrre i farmaci necessari per la sua gestione. L\u2019obiettivo individuato dall\u2019Ue \u00e8 dunque quello di garantire alle industrie dell\u2019Unione la possibilit\u00e0 di disporre di intermedi e principi attivi in modo continuativo\u00bb<\/em><\/p>\n<p style=\"text-align: justify;\"><a href=\"https:\/\/www.fedaiisf.it\/wp-content\/uploads\/2020\/06\/stella-Kyriakides-Comm.-Europea-salute.jpg\"><img loading=\"lazy\" decoding=\"async\" class=\"wp-image-50806 alignleft\" src=\"https:\/\/www.fedaiisf.it\/wp-content\/uploads\/2020\/06\/stella-Kyriakides-Comm.-Europea-salute-1024x683.jpg\" alt=\"\" width=\"328\" height=\"219\" srcset=\"https:\/\/www.fedaiisf.it\/wp-content\/uploads\/2020\/06\/stella-Kyriakides-Comm.-Europea-salute-1024x683.jpg 1024w, https:\/\/www.fedaiisf.it\/wp-content\/uploads\/2020\/06\/stella-Kyriakides-Comm.-Europea-salute-300x200.jpg 300w, https:\/\/www.fedaiisf.it\/wp-content\/uploads\/2020\/06\/stella-Kyriakides-Comm.-Europea-salute-768x512.jpg 768w, https:\/\/www.fedaiisf.it\/wp-content\/uploads\/2020\/06\/stella-Kyriakides-Comm.-Europea-salute-1536x1024.jpg 1536w, https:\/\/www.fedaiisf.it\/wp-content\/uploads\/2020\/06\/stella-Kyriakides-Comm.-Europea-salute-274x183.jpg 274w, https:\/\/www.fedaiisf.it\/wp-content\/uploads\/2020\/06\/stella-Kyriakides-Comm.-Europea-salute-80x54.jpg 80w, https:\/\/www.fedaiisf.it\/wp-content\/uploads\/2020\/06\/stella-Kyriakides-Comm.-Europea-salute-130x87.jpg 130w, https:\/\/www.fedaiisf.it\/wp-content\/uploads\/2020\/06\/stella-Kyriakides-Comm.-Europea-salute-359x240.jpg 359w, https:\/\/www.fedaiisf.it\/wp-content\/uploads\/2020\/06\/stella-Kyriakides-Comm.-Europea-salute-85x57.jpg 85w, https:\/\/www.fedaiisf.it\/wp-content\/uploads\/2020\/06\/stella-Kyriakides-Comm.-Europea-salute-546x365.jpg 546w, https:\/\/www.fedaiisf.it\/wp-content\/uploads\/2020\/06\/stella-Kyriakides-Comm.-Europea-salute-266x179.jpg 266w, https:\/\/www.fedaiisf.it\/wp-content\/uploads\/2020\/06\/stella-Kyriakides-Comm.-Europea-salute-165x109.jpg 165w, https:\/\/www.fedaiisf.it\/wp-content\/uploads\/2020\/06\/stella-Kyriakides-Comm.-Europea-salute-347x233.jpg 347w, https:\/\/www.fedaiisf.it\/wp-content\/uploads\/2020\/06\/stella-Kyriakides-Comm.-Europea-salute-112x75.jpg 112w, https:\/\/www.fedaiisf.it\/wp-content\/uploads\/2020\/06\/stella-Kyriakides-Comm.-Europea-salute-179x120.jpg 179w, https:\/\/www.fedaiisf.it\/wp-content\/uploads\/2020\/06\/stella-Kyriakides-Comm.-Europea-salute-170x113.jpg 170w, https:\/\/www.fedaiisf.it\/wp-content\/uploads\/2020\/06\/stella-Kyriakides-Comm.-Europea-salute-81x55.jpg 81w, https:\/\/www.fedaiisf.it\/wp-content\/uploads\/2020\/06\/stella-Kyriakides-Comm.-Europea-salute-765x510.jpg 765w, https:\/\/www.fedaiisf.it\/wp-content\/uploads\/2020\/06\/stella-Kyriakides-Comm.-Europea-salute.jpg 1620w\" sizes=\"auto, (max-width: 328px) 100vw, 328px\" \/><\/a><a href=\"https:\/\/ec.europa.eu\/commission\/presscorner\/detail\/en\/mex_20_994#3\" target=\"_blank\" rel=\"noopener noreferrer\">Stella Kyriakides<\/a>, commissario della DG Sant\u00e9,\u00a0ha infatti promesso di presentare entro fine anno<em> \u00abun\u2019ambiziosa strategia farmaceutica per l&#8217;Europa per garantire l\u2019accessibilit\u00e0 economica, la sostenibilit\u00e0 e la sicurezza dell&#8217;approvvigionamento. La pandemia di coronavirus ci ha mostrato pi\u00f9 che mai che abbiamo bisogno di un sistema resistente alle crisi e dei mezzi per produrre medicine all\u2019interno dell&#8217;UE per garantire un accesso tempestivo alle medicine essenziali per i nostri cittadini e ospedali in ogni circostanza\u00bb.<\/em><\/p>\n<p style=\"text-align: justify;\"><em>\u00abQuesto significa per\u00f2 incoraggiare gli investimenti nella capacit\u00e0 produttiva del mercato interno, garantendo la sostenibilit\u00e0 dei farmaci di pi\u00f9 vecchia registrazione, relegati negli ultimi anni nella politica del massimo possibile risparmio<\/em> \u2013 conclude H\u00e4usermann. \u2013 <em>Serve un piano industriale pluriennale sollecitato da tempo dalle aziende del settore, che vede tra gli ingredienti essenziali per la fattibilit\u00e0 la rimozione degli ostacoli burocratici, lo sviluppo di politiche di mercato competitive e sostenibili e la tutela degli investimenti europei. Ma soprattutto dei paletti fermi alle politiche farmaceutiche insostenibili portate avanti in alcuni Paesi. Speriamo che anche il nostro Paese sappia raccogliere e partecipare da protagonista alla sfida cui sono chiamati tutti i Paesi europei\u00bb.<\/em><\/p>\n<p style=\"text-align: justify;\"><a href=\"https:\/\/assogenerici.it\/it\/notizie\/2981-la-politica-farmaceutica-europea-riparte-dallo-tsunami-covid.html\" target=\"_blank\" rel=\"noopener noreferrer\">Assogenerici 5 giugno 2020<\/a><\/p>\n<p>Related news:\u00a0<a href=\"https:\/\/www.fedaiisf.it\/en\/lenorme-dipendenza-europea-dalla-fabbrica-dei-farmaci-asiatica-perche-e-cosi-difficile-rimpatriare-la-produzione\/\" target=\"_blank\" rel=\"noopener noreferrer\"><strong>Europe&#039;s enormous dependence on the Asian drug factory. Why is it so difficult to repatriate production<\/strong><\/a><\/p>\n<p>&nbsp;<\/p>","protected":false},"excerpt":{"rendered":"<p>La politica farmaceutica europea riparte dallo &#8220;tsunami&#8221; Covid \u00abL\u2019Europa ha scelto di ripartire dallo \u201ctsunami\u201d Covid per affrontare alla radice il tema della accessibilit\u00e0, sostenibilit\u00e0 e approvvigionamento di medicinali per tutti i pazienti europei: un problema che passa inevitabilmente per il rafforzamento dell\u2019industria farmaceutica e il mantenimento del suo ruolo come innovatore e leader mondiale &hellip;<\/p>","protected":false},"author":4,"featured_media":50809,"comment_status":"closed","ping_status":"closed","sticky":false,"template":"","format":"standard","meta":{"footnotes":""},"categories":[1],"tags":[],"class_list":["post-50803","post","type-post","status-publish","format-standard","has-post-thumbnail","hentry","category-notizie"],"amp_enabled":true,"_links":{"self":[{"href":"https:\/\/www.fedaiisf.it\/en\/wp-json\/wp\/v2\/posts\/50803","targetHints":{"allow":["GET"]}}],"collection":[{"href":"https:\/\/www.fedaiisf.it\/en\/wp-json\/wp\/v2\/posts"}],"about":[{"href":"https:\/\/www.fedaiisf.it\/en\/wp-json\/wp\/v2\/types\/post"}],"author":[{"embeddable":true,"href":"https:\/\/www.fedaiisf.it\/en\/wp-json\/wp\/v2\/users\/4"}],"replies":[{"embeddable":true,"href":"https:\/\/www.fedaiisf.it\/en\/wp-json\/wp\/v2\/comments?post=50803"}],"version-history":[{"count":0,"href":"https:\/\/www.fedaiisf.it\/en\/wp-json\/wp\/v2\/posts\/50803\/revisions"}],"wp:featuredmedia":[{"embeddable":true,"href":"https:\/\/www.fedaiisf.it\/en\/wp-json\/wp\/v2\/media\/50809"}],"wp:attachment":[{"href":"https:\/\/www.fedaiisf.it\/en\/wp-json\/wp\/v2\/media?parent=50803"}],"wp:term":[{"taxonomy":"category","embeddable":true,"href":"https:\/\/www.fedaiisf.it\/en\/wp-json\/wp\/v2\/categories?post=50803"},{"taxonomy":"post_tag","embeddable":true,"href":"https:\/\/www.fedaiisf.it\/en\/wp-json\/wp\/v2\/tags?post=50803"}],"curies":[{"name":"wp","href":"https:\/\/api.w.org\/{rel}","templated":true}]}}