{"id":50850,"date":"2020-06-06T18:46:24","date_gmt":"2020-06-06T16:46:24","guid":{"rendered":"https:\/\/www.fedaiisf.it\/?p=50850"},"modified":"2020-06-06T19:11:26","modified_gmt":"2020-06-06T17:11:26","slug":"omceo-torino-invita-fortemente-a-limitare-laccesso-in-studio-medico-degli-isf-si-preferiscano-altri-canali-di-comunicazione","status":"publish","type":"post","link":"https:\/\/www.fedaiisf.it\/en\/omceo-torino-invita-fortemente-a-limitare-laccesso-in-studio-medico-degli-isf-si-preferiscano-altri-canali-di-comunicazione\/","title":{"rendered":"OMCeO Torino invita fortemente a limitare l\u2019accesso in studio medico degli ISF. Si preferiscano altri canali di comunicazione"},"content":{"rendered":"<p><span style=\"color: #000000;\"><a href=\"https:\/\/www.omceo-to.it\/it\/index.html\" target=\"_blank\" rel=\"noopener noreferrer\"><em>OMCeO<\/em><\/a><em> e <a href=\"https:\/\/poliflash.polito.it\/in_ateneo\/ripartire_in_sicurezza_nell_attivita_sanitaria2\" target=\"_blank\" rel=\"noopener noreferrer\">Politecnico<\/a> di Torino hanno pubblicato sul sito dell\u2019Ordine dei Medici torinese un documento dal titolo<\/em><\/span><\/p>\n<p><span style=\"color: #000000;\"><strong>\u201c<a href=\"https:\/\/www.omceo-to.it\/00666\/DOCS\/FhU-la-cura-al-cittadino-riparte-in-sicurezza-1.pdf\" target=\"_blank\" rel=\"noopener noreferrer\">Prevenzione e mitigazione del rischio di trasmissione del contagio da SARS-CoV-2 nei luoghi di assistenza<\/a>\u201d <\/strong><em>e alla cui lettura integrale rimandiamo cliccando sul link riportato.<\/em><\/span><\/p>\n<p><em><span style=\"color: #000000;\">Riportiamo il punto 2.1 che parla delle misure da prendere per prevenire l\u2019infezione da coronavirus da parte dei MMG e PLS, in particolare riportiamo il paragrafo 2.1.1 che riguarda \u201cla gestione degli Informatori Scientifici<\/span><\/em><\/p>\n<p style=\"text-align: justify;\"><span style=\"color: #000000;\"><strong>\u00a0<\/strong><span style=\"font-family: arial, helvetica, sans-serif;\"><strong>2.1 STUDI DI MEDICI DI MEDICINA GENERALE, PEDIATRI DI LIBERA SCELTA E SPECIALISTI AMBULATORIALI INTERNI <\/strong><\/span><\/span><\/p>\n<p style=\"text-align: justify;\"><span style=\"color: #000000; font-family: arial, helvetica, sans-serif;\">Ciascun MMG\/PLS deve incentivare il pi\u00f9 possibile l\u2019utilizzo di canali di comunicazione col paziente alternativi all\u2019accesso in ambulatorio (e-mail, sms, videochiamate, &#8230;). Si invita quindi ciascun MMG\/PLS a provvedere ad informare i propri assistiti sulle procedure adottate per la gestione delle proprie attivit\u00e0 nella maniera che si ritiene pi\u00f9 opportuna.<\/span><\/p>\n<p style=\"text-align: justify;\"><span style=\"color: #000000; font-family: arial, helvetica, sans-serif;\">Si invitano i MMG\/PLS a esporre nelle sale d\u2019attesa opportuna documentazione informativa relativa alle procedure da seguire per ridurre il rischio di contagio da COVID-19. Inoltre, nelle sale d\u2019attesa \u00e8 necessario rimuovere qualunque oggetto che possa essere toccato da pi\u00f9 persone e quindi diventare veicolo di contagio (ad es. riviste, giocattoli per bambini, &#8230;).<\/span><\/p>\n<p style=\"text-align: justify;\"><span style=\"color: #000000; font-family: arial, helvetica, sans-serif; font-size: 18px;\"><span style=\"font-size: 20px;\"><strong>Per quanto riguarda la gestione di informatori scientifici del farmaco e\/o fornitori, si\u00a0<span style=\"color: #000000;\">invita fortemente a limitare l\u2019accesso<\/span> in studio di tali figure professionali<\/strong>. In particolare, per gli informatori scientifici del farmaco \u00e8 preferibile l\u2019utilizzo di altri canali per l\u2019interfacciamento, come indicato dalle Linee Guida per la riapertura delle Attivit\u00e0 Economiche e Produttive della Conferenza delle Regioni e Province Autonome<\/span> [<a href=\"http:\/\/www.regioni.it\/newsletter\/n-3849\/del-26-05-2020\/aggiornate-e-integrate-linee-guida-attivita-produttive-21252\/\" target=\"_blank\" rel=\"noopener noreferrer\">6<\/a>].<\/span><\/p>\n<p style=\"text-align: justify;\"><span style=\"color: #000000; font-family: arial, helvetica, sans-serif;\">Laddove possibile, bisogna prevedere percorsi differenziati di ingresso e uscita dei pazienti dallo studio medico, in modo da limitare per quanto possibile l\u2019incrocio dei pazienti. Tali percorsi devono essere opportunamente indicati tramite segnaletica.<\/span><\/p>\n<p><em><span style=\"color: #000000;\">L&#8217;affermazione sugli ISF viene ripetuta anche al punto 2.4.1<\/span><\/em><\/p>\n<p><em><span style=\"color: #000000;\">Sinceramente dalle linee guida della Conferenza delle Regioni e delle Province Autonome avevamo capito un&#8217;altra cosa e cio\u00e8 che, pur privilegiando l&#8217;attivit\u00e0 da remoto, l&#8217;accesso degli ISF agli ambulatori potr\u00e0 avvenire &#8220;previo appuntamento preventivamente concordato&#8221; alle condizioni che le stesse linee guida indicano e che riportiamo per chiarezza:<\/span><\/em><\/p>\n<p><a href=\"https:\/\/www.fedaiisf.it\/wp-content\/uploads\/2020\/05\/Conferenza-stato-Regioni-Linee-guida-ISF.jpeg\"><img loading=\"lazy\" decoding=\"async\" class=\"alignnone size-full wp-image-50352\" src=\"https:\/\/www.fedaiisf.it\/wp-content\/uploads\/2020\/05\/Conferenza-stato-Regioni-Linee-guida-ISF.jpeg\" alt=\"\" width=\"998\" height=\"564\" srcset=\"https:\/\/www.fedaiisf.it\/wp-content\/uploads\/2020\/05\/Conferenza-stato-Regioni-Linee-guida-ISF.jpeg 998w, https:\/\/www.fedaiisf.it\/wp-content\/uploads\/2020\/05\/Conferenza-stato-Regioni-Linee-guida-ISF-300x170.jpeg 300w, https:\/\/www.fedaiisf.it\/wp-content\/uploads\/2020\/05\/Conferenza-stato-Regioni-Linee-guida-ISF-768x434.jpeg 768w, https:\/\/www.fedaiisf.it\/wp-content\/uploads\/2020\/05\/Conferenza-stato-Regioni-Linee-guida-ISF-390x220.jpeg 390w\" sizes=\"auto, (max-width: 998px) 100vw, 998px\" \/><\/a><\/p>\n","protected":false},"excerpt":{"rendered":"<p>OMCeO e Politecnico di Torino hanno pubblicato sul sito dell\u2019Ordine dei Medici torinese un documento dal titolo \u201cPrevenzione e mitigazione del rischio di trasmissione del contagio da SARS-CoV-2 nei luoghi di assistenza\u201d e alla cui lettura integrale rimandiamo cliccando sul link riportato. Riportiamo il punto 2.1 che parla delle misure da prendere per prevenire l\u2019infezione &hellip;<\/p>","protected":false},"author":4,"featured_media":50852,"comment_status":"closed","ping_status":"closed","sticky":false,"template":"","format":"standard","meta":{"footnotes":""},"categories":[1],"tags":[],"class_list":["post-50850","post","type-post","status-publish","format-standard","has-post-thumbnail","hentry","category-notizie"],"amp_enabled":true,"_links":{"self":[{"href":"https:\/\/www.fedaiisf.it\/en\/wp-json\/wp\/v2\/posts\/50850","targetHints":{"allow":["GET"]}}],"collection":[{"href":"https:\/\/www.fedaiisf.it\/en\/wp-json\/wp\/v2\/posts"}],"about":[{"href":"https:\/\/www.fedaiisf.it\/en\/wp-json\/wp\/v2\/types\/post"}],"author":[{"embeddable":true,"href":"https:\/\/www.fedaiisf.it\/en\/wp-json\/wp\/v2\/users\/4"}],"replies":[{"embeddable":true,"href":"https:\/\/www.fedaiisf.it\/en\/wp-json\/wp\/v2\/comments?post=50850"}],"version-history":[{"count":0,"href":"https:\/\/www.fedaiisf.it\/en\/wp-json\/wp\/v2\/posts\/50850\/revisions"}],"wp:featuredmedia":[{"embeddable":true,"href":"https:\/\/www.fedaiisf.it\/en\/wp-json\/wp\/v2\/media\/50852"}],"wp:attachment":[{"href":"https:\/\/www.fedaiisf.it\/en\/wp-json\/wp\/v2\/media?parent=50850"}],"wp:term":[{"taxonomy":"category","embeddable":true,"href":"https:\/\/www.fedaiisf.it\/en\/wp-json\/wp\/v2\/categories?post=50850"},{"taxonomy":"post_tag","embeddable":true,"href":"https:\/\/www.fedaiisf.it\/en\/wp-json\/wp\/v2\/tags?post=50850"}],"curies":[{"name":"wp","href":"https:\/\/api.w.org\/{rel}","templated":true}]}}