{"id":50857,"date":"2020-06-07T11:14:39","date_gmt":"2020-06-07T09:14:39","guid":{"rendered":"https:\/\/www.fedaiisf.it\/?p=50857"},"modified":"2020-06-07T11:47:05","modified_gmt":"2020-06-07T09:47:05","slug":"aiisf-piemonte-lettera-a-quotidianosanita-per-sensibilizzare-le-autorita-regionali-sulla-ripresa-attivita-isf","status":"publish","type":"post","link":"https:\/\/www.fedaiisf.it\/en\/aiisf-piemonte-lettera-a-quotidianosanita-per-sensibilizzare-le-autorita-regionali-sulla-ripresa-attivita-isf\/","title":{"rendered":"AIISF Piemonte. Lettera a &#8220;quotidianosanit\u00e0&#8221; per sensibilizzare le autorit\u00e0 regionali sulla ripresa attivit\u00e0 ISF"},"content":{"rendered":"<p><em>I colleghi delle Sez. AIISF Torino e Piemonte Sud ci hanno inviato per conoscenza la lettera che hanno inviato a &#8220;<a href=\"http:\/\/www.quotidianosanita.it\/lettere-al-direttore\/articolo.php?articolo_id=85989\" target=\"_blank\" rel=\"noopener noreferrer\">quotidiano sanit\u00e0<\/a>&#8221; con lo scopo di far conoscere qual \u00e8 realmente la funzione e il ruolo dell&#8217;informatore scientifico del farmaco e\u00a0stimolare la Regione Piemonte e le direzioni sanitarie a favorire la ripresa dell&#8217;informazione scientifica su tutto il territorio regionale e in tutte le strutture sanitarie.<\/em><\/p>\n<p style=\"text-align: justify;\"><span style=\"font-family: arial, helvetica, sans-serif; font-size: 17px; color: #000000;\">Dear Director,<\/span><\/p>\n<p style=\"text-align: justify;\"><span style=\"font-family: arial, helvetica, sans-serif; font-size: 17px; color: #000000;\">siamo l\u2019Associazione degli Informatori Scientifici del Farmaco e del Parafarmaco che operano su tutto il territorio regionale del Piemonte. Le scriviamo affinch\u00e9 possiate darci voce e visibilit\u00e0 sul vostro giornale. Siamo professionisti laureati in discipline ad indirizzo scientifico e rappresentiamo il tramite tra la ricerca scientifica (aziende) e la clinica (medici).<\/span><\/p>\n<p style=\"text-align: justify;\"><span style=\"font-family: arial, helvetica, sans-serif; font-size: 17px; color: #000000;\">La nostra professione consiste nell\u2019illustrare le caratteristiche dei farmaci, le loro indicazioni e le controindicazioni nonch\u00e9 il loro protocollo di utilizzo, la divulgazione di studi clinici e, non per ultimo, ricopriamo un ruolo riconosciuto di farmacovigilanza nel raccogliere i dati di effetti collaterali attesi e non.<\/span><\/p>\n<p style=\"text-align: justify;\"><span style=\"font-family: arial, helvetica, sans-serif; font-size: 17px; color: #000000;\">Questa attivit\u00e0 \u00e8 utile al medico ed \u00e8 parte integrante del sistema sanitario come riconosciuto dal D.lgs 219 del 24\/04\/2006.<\/span><\/p>\n<p style=\"text-align: justify;\"><span style=\"font-family: arial, helvetica, sans-serif; font-size: 17px; color: #000000;\">In questi mesi difficili abbiamo fermato la nostra attivit\u00e0, ben prima del blocco governativo, rendendoci conto delle priorit\u00e0 che i nostri naturali interlocutori, ovvero i Medici, dovevano affrontare in situazioni assai critiche.<\/span><\/p>\n<p style=\"text-align: justify;\"><span style=\"font-family: arial, helvetica, sans-serif; font-size: 17px; color: #000000;\">Ora ci avviamo alla ripresa: nonostante il tentativo, a mezzo lettera in data 28 maggio, di far conoscere la nostra situazione lavorativa alle istituzioni regionali, ad oggi, non abbiamo ancora ottenuto alcuna risposta.<\/span><\/p>\n<p style=\"text-align: justify;\"><span style=\"font-family: arial, helvetica, sans-serif; font-size: 17px; color: #000000;\">Abbiamo offerto la nostra disponibilit\u00e0, collaborazione ed esperienza per trovare insieme soluzioni condivise che possano far ripartire il nostro lavoro in totale sicurezza, in modo tale da garantire il sostentamento di tutta la categoria.<\/span><\/p>\n<p style=\"text-align: justify;\"><span style=\"font-family: arial, helvetica, sans-serif; font-size: 17px; color: #000000;\">Speriamo che con il vostro aiuto, pubblicando questa lettera, si possa stimolare la Regione Piemonte e le direzioni sanitarie a favorire la ripresa dell&#8217;informazione scientifica su tutto il territorio regionale e in tutte le strutture sanitarie.<\/span><\/p>\n<p><span style=\"font-family: arial, helvetica, sans-serif; color: #000000; font-size: 17px;\">Dr.ssa Jolanda Chiara Carlucci \u00a0 \u00a0 \u00a0 \u00a0 \u00a0 \u00a0 \u00a0 \u00a0 \u00a0 \u00a0 \u00a0 \u00a0 \u00a0 \u00a0 \u00a0 \u00a0 \u00a0 \u00a0 \u00a0 \u00a0 \u00a0 \u00a0 \u00a0 \u00a0 \u00a0 \u00a0 \u00a0 \u00a0 \u00a0 \u00a0 \u00a0 \u00a0 \u00a0 Dr. Michele Garofano<\/span><\/p>\n<p><span style=\"font-family: arial, helvetica, sans-serif; color: #000000; font-size: 17px;\">\u00a0 Presidente AIISF Sez. Torino \u00a0 \u00a0 \u00a0 \u00a0 \u00a0 \u00a0 \u00a0 \u00a0 \u00a0 \u00a0 \u00a0 \u00a0 \u00a0 \u00a0 \u00a0 \u00a0 \u00a0 \u00a0 \u00a0 \u00a0 \u00a0 \u00a0 \u00a0 \u00a0 \u00a0 \u00a0 \u00a0 \u00a0 \u00a0Presidente AIISF Sez. Sud Piemonte<\/span><\/p>\n<p>&nbsp;<\/p>\n<p>&nbsp;<\/p>\n<p>&nbsp;<\/p>","protected":false},"excerpt":{"rendered":"<p>I colleghi delle Sez. AIISF Torino e Piemonte Sud ci hanno inviato per conoscenza la lettera che hanno inviato a &#8220;quotidiano sanit\u00e0&#8221; con lo scopo di far conoscere qual \u00e8 realmente la funzione e il ruolo dell&#8217;informatore scientifico del farmaco e\u00a0stimolare la Regione Piemonte e le direzioni sanitarie a favorire la ripresa dell&#8217;informazione scientifica su &hellip;<\/p>","protected":false},"author":4,"featured_media":50860,"comment_status":"closed","ping_status":"closed","sticky":false,"template":"","format":"standard","meta":{"footnotes":""},"categories":[14],"tags":[],"class_list":["post-50857","post","type-post","status-publish","format-standard","has-post-thumbnail","hentry","category-news-fedaiisf"],"amp_enabled":true,"_links":{"self":[{"href":"https:\/\/www.fedaiisf.it\/en\/wp-json\/wp\/v2\/posts\/50857","targetHints":{"allow":["GET"]}}],"collection":[{"href":"https:\/\/www.fedaiisf.it\/en\/wp-json\/wp\/v2\/posts"}],"about":[{"href":"https:\/\/www.fedaiisf.it\/en\/wp-json\/wp\/v2\/types\/post"}],"author":[{"embeddable":true,"href":"https:\/\/www.fedaiisf.it\/en\/wp-json\/wp\/v2\/users\/4"}],"replies":[{"embeddable":true,"href":"https:\/\/www.fedaiisf.it\/en\/wp-json\/wp\/v2\/comments?post=50857"}],"version-history":[{"count":0,"href":"https:\/\/www.fedaiisf.it\/en\/wp-json\/wp\/v2\/posts\/50857\/revisions"}],"wp:featuredmedia":[{"embeddable":true,"href":"https:\/\/www.fedaiisf.it\/en\/wp-json\/wp\/v2\/media\/50860"}],"wp:attachment":[{"href":"https:\/\/www.fedaiisf.it\/en\/wp-json\/wp\/v2\/media?parent=50857"}],"wp:term":[{"taxonomy":"category","embeddable":true,"href":"https:\/\/www.fedaiisf.it\/en\/wp-json\/wp\/v2\/categories?post=50857"},{"taxonomy":"post_tag","embeddable":true,"href":"https:\/\/www.fedaiisf.it\/en\/wp-json\/wp\/v2\/tags?post=50857"}],"curies":[{"name":"wp","href":"https:\/\/api.w.org\/{rel}","templated":true}]}}