{"id":50974,"date":"2020-06-09T16:26:47","date_gmt":"2020-06-09T14:26:47","guid":{"rendered":"https:\/\/www.fedaiisf.it\/?p=50974"},"modified":"2020-06-10T19:30:58","modified_gmt":"2020-06-10T17:30:58","slug":"fedaiisf-torino-risponde-allomceo","status":"publish","type":"post","link":"https:\/\/www.fedaiisf.it\/en\/fedaiisf-torino-risponde-allomceo\/","title":{"rendered":"Fedaiisf Torino responds to the WTO. &quot;We ask for a comparison for the recovery of ISF activities as happens in many regions&quot;"},"content":{"rendered":"<p style=\"text-align: justify;\"><span style=\"font-size: 19px; font-family: 'times new roman', times; color: #000000;\">sono passate due settimane dall\u2019invio della precedente lettera, che aveva il solo scopo di presentarci, e ci ritroviamo ad interpellarvi per avere alcuni chiarimenti.<\/span><\/p>\n<p style=\"text-align: justify;\"><span style=\"font-size: 19px; font-family: 'times new roman', times; color: #000000;\">Negli scorsi giorni \u00e8 stato pubblicato sul vostro sito il documento \u201cLa CURA AL CITTADINO riparte in sicurezza. Prevenzione e mitigazione del rischio di trasmissione del contagio da SARS-CoV-2 nei luoghi di assistenza\u201d in cui ai punti 2.1 e 2.4.1 si fa chiaramente riferimento alla nostra categoria. Ci\u00f2 che troviamo scritto ci lascia alquanto perplessi ed \u00e8 alquanto differente da ci\u00f2 che ci aspettavamo come categoria.<\/span><\/p>\n<p style=\"text-align: justify;\"><span style=\"font-size: 19px; font-family: 'times new roman', times; color: #000000;\">Riporto il paragrafo a noi dedicato:<\/span><\/p>\n<p style=\"text-align: justify;\"><span style=\"font-size: 19px; font-family: 'times new roman', times; color: #000000;\">\u201c<em><strong>Per quanto riguarda la gestione di informatori scientifici del farmaco e\/o fornitori, si invita fortemente a limitare l\u2019accesso in studio di tali figure professionali<\/strong>. In particolare per gli informatori scientifici del farmaco \u00e8 preferibile l\u2019utilizzo di altri canali per l\u2019interfacciamento, come indicato dalle Linee Guida per la riapertura delle Attivit\u00e0 Economiche e Produttive della Conferenza delle Regioni e Province Autonome.\u201d<\/em><\/span><\/p>\n<p style=\"text-align: justify;\"><span style=\"font-size: 19px; font-family: 'times new roman', times; color: #000000;\">Mi permetto di far notare che le linee guida della Conferenza delle Regioni e Province Autonome danno un indirizzo differente: pur privilegiando l\u2019attivit\u00e0 da remoto, l\u2019accesso degli ISF agli ambulatori sarebbe potuto avvenire \u201cprevio appuntamento preventivamente concordato\u201d alle condizioni che le stesse linee guida indicano e che riporto per chiarezza:<\/span><\/p>\n<p style=\"text-align: justify;\"><span style=\"font-size: 19px; color: #000000;\"><em><strong><span style=\"font-family: 'times new roman', times;\">SCIENTIFIC REPRESENTATIVES OF THE DRUG<\/span><\/strong><\/em><\/span><\/p>\n<ul style=\"text-align: justify;\">\n<li><span style=\"font-size: 19px; color: #000000;\"><em><strong><span style=\"font-family: 'times new roman', times;\">For all informants, the provisions\/protocols of the structure\/company where they go for their activity apply.<\/span><\/strong><\/em><\/span><\/li>\n<li><span style=\"font-size: 19px; color: #000000;\"><em><strong><span style=\"font-family: 'times new roman', times;\">The information professional must always ensure adequate hand hygiene and the use of a mask to protect the airways.<\/span><\/strong><\/em><\/span><\/li>\n<li><span style=\"font-size: 19px; color: #000000;\"><em><strong><span style=\"font-family: 'times new roman', times;\">Remote activities and remote contacts must be privileged. <\/span><\/strong><\/em><\/span><\/li>\n<li><span style=\"font-size: 19px; color: #000000;\"><em><strong><span style=\"font-family: 'times new roman', times;\">L\u2019eventuale attivit\u00e0 di persona dovr\u00e0 avvenire sempre previo appuntamento preventivamente concordato, individuando specifici orari per evitare, dove possibile, intersezioni con altri utenti o pazienti anche negli spazi d\u2019attesa.<\/span><\/strong><\/em><\/span><\/li>\n<li><span style=\"font-size: 19px; color: #000000;\"><em><strong><span style=\"font-family: 'times new roman', times;\">Dovr\u00e0 sempre essere rispettata la distanza interpersonale tra informatore e operatore sanitario.<\/span><\/strong><\/em><\/span><\/li>\n<li><span style=\"font-size: 19px; color: #000000;\"><em><strong><span style=\"font-family: 'times new roman', times;\">Avoid the promiscuous use of objects in information activity.<\/span><\/strong><\/em><\/span><\/li>\n<\/ul>\n<p style=\"text-align: justify;\"><span style=\"font-size: 19px; font-family: 'times new roman', times; color: #000000;\">A supporto di ci\u00f2, alcune societ\u00e0 scientifiche a livello nazionale danno prova di profonda apertura nei nostri confronti, vedasi ad esempio la nota stampa della Fimmg dello scorso 4 Giugno. Allo stesso modo alcune regioni, vedasi Veneto ed Emilia Romagna con un quadro epidemiologico sovrapponibile a quello piemontese, aprono alla nostra categoria.<\/span><\/p>\n<p style=\"text-align: justify;\"><span style=\"font-size: 19px; font-family: 'times new roman', times; color: #000000;\">A fine febbraio siamo stati i primi a chiedere alle nostre aziende di riconoscere la criticit\u00e0 della sfida che eravate chiamati ad affrontare e quindi di lasciarvi liberi di concentrarvi solo sulla gestione dell\u2019emergenza. Ora invece vi chiediamo un confronto, anche telematico, in cui si possa discutere della possibilit\u00e0 di prendere a modello quanto i vostri colleghi di territori, epidemiologicamente simili, stiano deliberando.<\/span><\/p>\n<p style=\"text-align: justify;\"><span style=\"font-size: 19px; font-family: 'times new roman', times; color: #000000;\">L\u2019attivit\u00e0 da remoto proposta dalle linee guida sarebbe un\u2019ottima idea se trovasse riscontro nella realt\u00e0: spesso i medici non sono preparati tecnologicamente a questo tipo di incontri oppure rifiutano tale mezzo ritenendolo troppo impersonale. Ci\u00f2 spesso porta all\u2019annullamento forzato di rapporti personali e lavorativi che in molti casi durano da anni: una chiusura simile, come proposta dalle linee guida, rischierebbe di mettere ulteriormente a rischio l\u2019occupazione di una categoria gi\u00e0 fortemente in sofferenza.<\/span><\/p>\n<p style=\"text-align: justify;\"><a href=\"https:\/\/www.fedaiisf.it\/wp-content\/uploads\/2020\/06\/Fedaiisf-TO-a-OMCeO-2-.jpeg\"><img loading=\"lazy\" decoding=\"async\" class=\"alignnone size-full wp-image-50975\" src=\"https:\/\/www.fedaiisf.it\/wp-content\/uploads\/2020\/06\/Fedaiisf-TO-a-OMCeO-2-.jpeg\" alt=\"\" width=\"924\" height=\"500\" srcset=\"https:\/\/www.fedaiisf.it\/wp-content\/uploads\/2020\/06\/Fedaiisf-TO-a-OMCeO-2-.jpeg 924w, https:\/\/www.fedaiisf.it\/wp-content\/uploads\/2020\/06\/Fedaiisf-TO-a-OMCeO-2--300x162.jpeg 300w, https:\/\/www.fedaiisf.it\/wp-content\/uploads\/2020\/06\/Fedaiisf-TO-a-OMCeO-2--768x416.jpeg 768w\" sizes=\"auto, (max-width: 924px) 100vw, 924px\" \/><\/a><\/p>\n<hr \/>\n<p>Related news:\u00a0<a href=\"https:\/\/www.fedaiisf.it\/en\/omceo-torino-invita-fortemente-a-limitare-laccesso-in-studio-medico-degli-isf-si-preferiscano-altri-canali-di-comunicazione\/\" target=\"_blank\" rel=\"noopener noreferrer\">OMCeO Torino invita <strong>fortemente<\/strong> a limitare l\u2019accesso in studio medico degli ISF. Si preferiscano altri canali di comunicazione<\/a><\/p>\n<p>&nbsp;<\/p>","protected":false},"excerpt":{"rendered":"<p>sono passate due settimane dall\u2019invio della precedente lettera, che aveva il solo scopo di presentarci, e ci ritroviamo ad interpellarvi per avere alcuni chiarimenti. Negli scorsi giorni \u00e8 stato pubblicato sul vostro sito il documento \u201cLa CURA AL CITTADINO riparte in sicurezza. Prevenzione e mitigazione del rischio di trasmissione del contagio da SARS-CoV-2 nei luoghi &hellip;<\/p>","protected":false},"author":4,"featured_media":50977,"comment_status":"closed","ping_status":"closed","sticky":false,"template":"","format":"standard","meta":{"footnotes":""},"categories":[14],"tags":[],"class_list":["post-50974","post","type-post","status-publish","format-standard","has-post-thumbnail","hentry","category-news-fedaiisf"],"amp_enabled":true,"_links":{"self":[{"href":"https:\/\/www.fedaiisf.it\/en\/wp-json\/wp\/v2\/posts\/50974","targetHints":{"allow":["GET"]}}],"collection":[{"href":"https:\/\/www.fedaiisf.it\/en\/wp-json\/wp\/v2\/posts"}],"about":[{"href":"https:\/\/www.fedaiisf.it\/en\/wp-json\/wp\/v2\/types\/post"}],"author":[{"embeddable":true,"href":"https:\/\/www.fedaiisf.it\/en\/wp-json\/wp\/v2\/users\/4"}],"replies":[{"embeddable":true,"href":"https:\/\/www.fedaiisf.it\/en\/wp-json\/wp\/v2\/comments?post=50974"}],"version-history":[{"count":0,"href":"https:\/\/www.fedaiisf.it\/en\/wp-json\/wp\/v2\/posts\/50974\/revisions"}],"wp:featuredmedia":[{"embeddable":true,"href":"https:\/\/www.fedaiisf.it\/en\/wp-json\/wp\/v2\/media\/50977"}],"wp:attachment":[{"href":"https:\/\/www.fedaiisf.it\/en\/wp-json\/wp\/v2\/media?parent=50974"}],"wp:term":[{"taxonomy":"category","embeddable":true,"href":"https:\/\/www.fedaiisf.it\/en\/wp-json\/wp\/v2\/categories?post=50974"},{"taxonomy":"post_tag","embeddable":true,"href":"https:\/\/www.fedaiisf.it\/en\/wp-json\/wp\/v2\/tags?post=50974"}],"curies":[{"name":"wp","href":"https:\/\/api.w.org\/{rel}","templated":true}]}}