{"id":51153,"date":"2020-06-15T17:06:24","date_gmt":"2020-06-15T15:06:24","guid":{"rendered":"https:\/\/www.fedaiisf.it\/?p=51153"},"modified":"2020-06-17T13:08:41","modified_gmt":"2020-06-17T11:08:41","slug":"calabria-dal-15-giugno-attivita-isf-secondo-linee-guida","status":"publish","type":"post","link":"https:\/\/www.fedaiisf.it\/en\/calabria-dal-15-giugno-attivita-isf-secondo-linee-guida\/","title":{"rendered":"Calabria. Dal 15 giugno attivit\u00e0 ISF secondo linee guida"},"content":{"rendered":"<p style=\"text-align: center;\"><span style=\"color: #000000;\"><strong>ORDER<\/strong><\/span><\/p>\n<p style=\"text-align: justify;\"><span style=\"color: #000000;\">per quanto in premessa, ai sensi dell\u2019art. 32, comma 3, della legge 23 dicembre 1978, n. 833 in materia di igiene e sanit\u00e0 pubblica, ferme restando le misure statali e regionali di contenimento del rischio di diffusione del virus gi\u00e0 vigenti, nel territorio regionale, sono adottate le seguenti misure:<\/span><\/p>\n<ol style=\"text-align: justify;\">\n<li><span style=\"color: #000000;\">A decorrere dal 15 giugno 2020 sono consentite le attivit\u00e0 Economiche, Produttive e Ricreative, della ristorazione, attivit\u00e0 turistiche (stabilimenti balneari e spiagge), attivit\u00e0 ricettive, servizi alla persona (acconciatori, estetisti e tatuatori), commercio al dettaglio, commercio al dettaglio su aree pubbliche (mercati e mercatini degli hobbisti), uffici aperti al pubblico, piscine, palestre, manutenzione del verde, musei, archivi e biblioteche, attivit\u00e0 fisica all\u2019aperto, noleggio veicoli e altre attrezzature, <span style=\"text-decoration: underline;\"><strong>drug sales representatives<\/strong><\/span>, aree giochi per bambini, circoli culturali e ricreativi, formazione professionale, cinema e spettacoli dal vivo, parchi tematici e di divertimento, sagre e fiere locali, strutture termali e centri benessere, nel rispetto delle misure minime fissate nelle \u201cLinee guida per la riapertura delle Attivit\u00e0 Economiche, Produttive e Ricreative\u201d della Conferenza delle Regioni e Province Autonome n. 20\/96\/CR1\/COV19\u201d approvate in data 11.6.2020, allegate alla presente Ordinanza, per diventarne parte integrante e sostanziale, che sostituiscono quelle approvate in allegato A all\u2019Ordinanza n. 43\/2020.<\/span><\/li>\n<li><span style=\"color: #000000;\">Sono fatte salve le Circolari del Dipartimento Tutela della Salute e Politiche Sanitarie:<\/span><\/li>\n<li><span style=\"color: #000000;\">a) prot.185840 del 05\/06\/2020 con la quale sono stati forniti, tra l\u2019altro, gli indirizzi contenuti nel Rapporto ISS COVID-19 n. 32\/2020 sul contenimento del contagio da SARS-CoV-2 e sull\u2019igiene degli alimenti nell\u2019ambito della ristorazione e somministrazione di alimenti;<\/span><\/li>\n<li><span style=\"color: #000000;\">b) prot.185850 del 05\/06\/2020 con la quale sono stati forniti, tra l\u2019altro, gli indirizzi contenuti nel Rapporto ISS COVID-19 n. 36\/2020 sulle attivit\u00e0 di balneazione in relazione alla diffusione del virus SARS-CoV-2 e Rapporto ISS COVID-19 n. 37\/2020 sulle piscine, di cui all\u2019Accordo Stato-Regioni 16\/1\/2003, in relazione alla diffusione del virus SARS-CoV-2.<\/span><\/li>\n<\/ol>\n<p style=\"text-align: justify;\"><span style=\"color: #000000;\">Il mancato rispetto delle misure contenute nell\u2019Allegato A alla presente Ordinanza e nelle altre disposizioni nazionali e regionali, determina la sospensione dell\u2019attivit\u00e0 fino al ripristino delle condizioni di sicurezza, ferma restando l\u2019applicazione delle sanzioni di legge.<\/span><\/p>\n<p style=\"text-align: justify;\"><span style=\"color: #000000;\">(\u2026omissis&#8230;)<\/span><\/p>\n<p style=\"text-align: justify;\"><span style=\"color: #000000;\">La presente Ordinanza potr\u00e0 essere aggiornata ove si rendesse necessario a seguito della valutazione circa la situazione epidemiologica regionale, ovvero alla luce dell\u2019emanazione di nuovi provvedimenti nazionali ovvero a seguito approvazione di linee guida con aggiornamenti della letteratura scientifica.<\/span><\/p>\n<p style=\"text-align: justify;\"><span style=\"color: #000000;\">La presente Ordinanza, per gli adempimenti di legge, viene trasmessa al Presidente del Consiglio dei Ministri, al Ministro della Salute, ai Prefetti delle Province della Calabria, alle Aziende Sanitarie Provinciali, alle Aziende Ospedaliere del SSR, all\u2019ANCI per la comunicazione a tutti i Sindaci dei Comuni calabresi.<\/span><\/p>\n<p style=\"text-align: justify;\"><span style=\"color: #000000;\">La presente ordinanza sar\u00e0 pubblicata sul Bollettino Ufficiale della Regione e sul sito istituzionale della Giunta della Regione.<\/span><\/p>\n<p style=\"text-align: center;\"><span style=\"color: #000000;\">President<\/span><\/p>\n<p style=\"text-align: center;\"><span style=\"color: #000000;\">On. Avv. Jole Santelli<\/span><\/p>\n<p style=\"text-align: center;\"><span style=\"color: #000000;\">(F.to digitalmente)<\/span><\/p>\n<hr \/>\n<p><a href=\"https:\/\/portale.regione.calabria.it\/website\/portalmedia\/decreti\/2020-06\/Ordinanza%20P.G.R.%20n.%2051_2020.pdf\" target=\"_blank\" rel=\"noopener noreferrer\">Regione Calabria Ordinanza n. 51 del 13 giugno 2020<\/a><\/p>\n<ul>\n<li class=\"pdf\"><a title=\"The link opens a new window!\" href=\"https:\/\/portale.regione.calabria.it\/website\/portalmedia\/decreti\/2020-06\/Allegato-Ordinanza-P.G.R.-n.-51_2020.pdf\" target=\"_blank\" rel=\"noopener noreferrer\">Allegato Ordinanza n_51<\/a><\/li>\n<\/ul>\n<hr \/>\n<p>&nbsp;<\/p>\n<p><a href=\"https:\/\/www.fedaiisf.it\/wp-content\/uploads\/2020\/06\/Calabria-Allegato-A-.jpeg\"><img loading=\"lazy\" decoding=\"async\" class=\"size-large wp-image-51157 aligncenter\" src=\"https:\/\/www.fedaiisf.it\/wp-content\/uploads\/2020\/06\/Calabria-Allegato-A--1024x796.jpeg\" alt=\"\" width=\"1000\" height=\"777\" srcset=\"https:\/\/www.fedaiisf.it\/wp-content\/uploads\/2020\/06\/Calabria-Allegato-A--1024x796.jpeg 1024w, https:\/\/www.fedaiisf.it\/wp-content\/uploads\/2020\/06\/Calabria-Allegato-A--300x233.jpeg 300w, https:\/\/www.fedaiisf.it\/wp-content\/uploads\/2020\/06\/Calabria-Allegato-A--768x597.jpeg 768w, https:\/\/www.fedaiisf.it\/wp-content\/uploads\/2020\/06\/Calabria-Allegato-A-.jpeg 1214w\" sizes=\"auto, (max-width: 1000px) 100vw, 1000px\" \/><\/a><\/p>\n<p><a href=\"https:\/\/www.fedaiisf.it\/wp-content\/uploads\/2020\/06\/Calabria-ALL.-A.jpeg\"><img loading=\"lazy\" decoding=\"async\" class=\"size-large wp-image-51158 aligncenter\" src=\"https:\/\/www.fedaiisf.it\/wp-content\/uploads\/2020\/06\/Calabria-ALL.-A-1024x909.jpeg\" alt=\"\" width=\"1000\" height=\"888\" srcset=\"https:\/\/www.fedaiisf.it\/wp-content\/uploads\/2020\/06\/Calabria-ALL.-A-1024x909.jpeg 1024w, https:\/\/www.fedaiisf.it\/wp-content\/uploads\/2020\/06\/Calabria-ALL.-A-300x266.jpeg 300w, https:\/\/www.fedaiisf.it\/wp-content\/uploads\/2020\/06\/Calabria-ALL.-A-768x682.jpeg 768w, https:\/\/www.fedaiisf.it\/wp-content\/uploads\/2020\/06\/Calabria-ALL.-A.jpeg 1057w\" sizes=\"auto, (max-width: 1000px) 100vw, 1000px\" \/><\/a><\/p>\n<p><a href=\"https:\/\/www.fedaiisf.it\/wp-content\/uploads\/2020\/05\/Conferenza-stato-Regioni-Linee-guida-ISF.jpeg\"><img loading=\"lazy\" decoding=\"async\" class=\"size-full wp-image-50352 aligncenter\" src=\"https:\/\/www.fedaiisf.it\/wp-content\/uploads\/2020\/05\/Conferenza-stato-Regioni-Linee-guida-ISF.jpeg\" alt=\"\" width=\"998\" height=\"564\" srcset=\"https:\/\/www.fedaiisf.it\/wp-content\/uploads\/2020\/05\/Conferenza-stato-Regioni-Linee-guida-ISF.jpeg 998w, https:\/\/www.fedaiisf.it\/wp-content\/uploads\/2020\/05\/Conferenza-stato-Regioni-Linee-guida-ISF-300x170.jpeg 300w, https:\/\/www.fedaiisf.it\/wp-content\/uploads\/2020\/05\/Conferenza-stato-Regioni-Linee-guida-ISF-768x434.jpeg 768w, https:\/\/www.fedaiisf.it\/wp-content\/uploads\/2020\/05\/Conferenza-stato-Regioni-Linee-guida-ISF-390x220.jpeg 390w\" sizes=\"auto, (max-width: 998px) 100vw, 998px\" \/><\/a><\/p>","protected":false},"excerpt":{"rendered":"<p>ORDINA per quanto in premessa, ai sensi dell\u2019art. 32, comma 3, della legge 23 dicembre 1978, n. 833 in materia di igiene e sanit\u00e0 pubblica, ferme restando le misure statali e regionali di contenimento del rischio di diffusione del virus gi\u00e0 vigenti, nel territorio regionale, sono adottate le seguenti misure: A decorrere dal 15 giugno &hellip;<\/p>","protected":false},"author":4,"featured_media":51155,"comment_status":"closed","ping_status":"closed","sticky":false,"template":"","format":"standard","meta":{"footnotes":""},"categories":[16],"tags":[],"class_list":["post-51153","post","type-post","status-publish","format-standard","has-post-thumbnail","hentry","category-primo-piano"],"amp_enabled":true,"_links":{"self":[{"href":"https:\/\/www.fedaiisf.it\/en\/wp-json\/wp\/v2\/posts\/51153","targetHints":{"allow":["GET"]}}],"collection":[{"href":"https:\/\/www.fedaiisf.it\/en\/wp-json\/wp\/v2\/posts"}],"about":[{"href":"https:\/\/www.fedaiisf.it\/en\/wp-json\/wp\/v2\/types\/post"}],"author":[{"embeddable":true,"href":"https:\/\/www.fedaiisf.it\/en\/wp-json\/wp\/v2\/users\/4"}],"replies":[{"embeddable":true,"href":"https:\/\/www.fedaiisf.it\/en\/wp-json\/wp\/v2\/comments?post=51153"}],"version-history":[{"count":0,"href":"https:\/\/www.fedaiisf.it\/en\/wp-json\/wp\/v2\/posts\/51153\/revisions"}],"wp:featuredmedia":[{"embeddable":true,"href":"https:\/\/www.fedaiisf.it\/en\/wp-json\/wp\/v2\/media\/51155"}],"wp:attachment":[{"href":"https:\/\/www.fedaiisf.it\/en\/wp-json\/wp\/v2\/media?parent=51153"}],"wp:term":[{"taxonomy":"category","embeddable":true,"href":"https:\/\/www.fedaiisf.it\/en\/wp-json\/wp\/v2\/categories?post=51153"},{"taxonomy":"post_tag","embeddable":true,"href":"https:\/\/www.fedaiisf.it\/en\/wp-json\/wp\/v2\/tags?post=51153"}],"curies":[{"name":"wp","href":"https:\/\/api.w.org\/{rel}","templated":true}]}}