{"id":51314,"date":"2020-06-18T10:18:45","date_gmt":"2020-06-18T08:18:45","guid":{"rendered":"https:\/\/www.fedaiisf.it\/?p=51314"},"modified":"2020-10-17T12:46:30","modified_gmt":"2020-10-17T10:46:30","slug":"basilicata-dal-15-giugno-ripresa-attivita-isf-in-presenza-se-non-e-possibile-da-remoto","status":"publish","type":"post","link":"https:\/\/www.fedaiisf.it\/en\/basilicata-dal-15-giugno-ripresa-attivita-isf-in-presenza-se-non-e-possibile-da-remoto\/","title":{"rendered":"Basilicata. From 15 June ISF activity resumed in presence, if it is not possible remotely"},"content":{"rendered":"<p><a href=\"https:\/\/www.fedaiisf.it\/wp-content\/uploads\/2020\/06\/Basilicata-ripresa-ISF.jpeg\"><img loading=\"lazy\" decoding=\"async\" class=\"alignnone size-full wp-image-51315\" src=\"https:\/\/www.fedaiisf.it\/wp-content\/uploads\/2020\/06\/Basilicata-ripresa-ISF.jpeg\" alt=\"\" width=\"864\" height=\"794\" srcset=\"https:\/\/www.fedaiisf.it\/wp-content\/uploads\/2020\/06\/Basilicata-ripresa-ISF.jpeg 864w, https:\/\/www.fedaiisf.it\/wp-content\/uploads\/2020\/06\/Basilicata-ripresa-ISF-300x276.jpeg 300w, https:\/\/www.fedaiisf.it\/wp-content\/uploads\/2020\/06\/Basilicata-ripresa-ISF-768x706.jpeg 768w\" sizes=\"auto, (max-width: 864px) 100vw, 864px\" \/><\/a><\/p>\n<p style=\"text-align: justify;\"><span style=\"color: #000000; font-size: 17px;\">Si fa seguito, con la presente, alle indicazioni date con nota prot.74374\/13A2 deI 06\/05\/2020 con cui era stata disposta la ripresa delle attivit\u00e0 di informazione scientifica dei farmaci e dei dispositivi medici dopo una fase di sospensione imposta dall\u2019emergenza Coronavfrus (COVTD-19).<\/span><\/p>\n<p style=\"text-align: justify;\"><span style=\"color: #000000; font-size: 17px;\">In questa fase graduale di ripresa si chiarice che:<\/span><\/p>\n<p style=\"text-align: justify;\"><span style=\"color: #000000; font-size: 17px;\">&gt; gli informatori sono tenuti al rispetto delle disposizioni dei Decreti del Presidente del Consiglio dei Ministri, delle ordinanze del Presidente della Regione e delle linee guida per la riapertura delle attivit\u00e0 economiche e produttive approvate dalla conferenza delle regioni e delle province autonome ai sensi dell\u2019art.l comma 14 del decreto legge 33\/2020\u00a0sono possibili, incontri in presenza tra le parti se le condizioni lo consentono applicando comunque le dovute misure di prevenzione della trasmissione del contagio da Covid-19 come previsto dalle specifiche ordinanze.<\/span><\/p>\n<p style=\"text-align: justify;\"><span style=\"color: #000000; font-size: 17px;\">&gt; Nelle strutture dove non \u00e8 possibile l\u2019informazione scientifica in presenza possono essere organizzati incontri da remoto, cio\u00e8 con sistemi alternativi al confronto front-end (telefonicamente, in videoconferenza, ecc), anche come collegamenti collegiali (con pi\u00f9 medici contemporaneamente collegati);<\/span><\/p>\n<p style=\"text-align: justify;\"><span style=\"color: #000000; font-size: 17px;\">&gt; \u00e8 confermata la massima libert\u00e0 delle parti sulla organizzazione di questi incontri in merito alla modalit\u00e0 con cui fissare gli appuntamenti e agli strumenti tecnologici da utilizzare;<\/span><\/p>\n<p style=\"text-align: justify;\"><span style=\"color: #000000; font-size: 17px;\">La presente disposizione ha effetto dal 15 giugno al 31 luglio.<\/span><\/p>\n<p style=\"text-align: justify;\"><span style=\"color: #000000; font-size: 17px;\">Si invitano le Direzioni in indirizzo a diffondere la presente nota a tutti i professionisti sanitari compresi i MMG, PLS, medici specialisti convenzionati sia delle strutture del SSR sia del privato accreditato, come anche gli ordini e le associazioni di categoria a diffondere ai propri associati la presente comunicazione<\/span><\/p>\n<p><a href=\"https:\/\/www.fedaiisf.it\/wp-content\/uploads\/2020\/06\/Basilicata-ripresa-ISF-firma.jpeg\"><img loading=\"lazy\" decoding=\"async\" class=\"alignnone size-large wp-image-51318\" src=\"https:\/\/www.fedaiisf.it\/wp-content\/uploads\/2020\/06\/Basilicata-ripresa-ISF-firma-1024x495.jpeg\" alt=\"\" width=\"1000\" height=\"483\" srcset=\"https:\/\/www.fedaiisf.it\/wp-content\/uploads\/2020\/06\/Basilicata-ripresa-ISF-firma-1024x495.jpeg 1024w, https:\/\/www.fedaiisf.it\/wp-content\/uploads\/2020\/06\/Basilicata-ripresa-ISF-firma-300x145.jpeg 300w, https:\/\/www.fedaiisf.it\/wp-content\/uploads\/2020\/06\/Basilicata-ripresa-ISF-firma-768x372.jpeg 768w, https:\/\/www.fedaiisf.it\/wp-content\/uploads\/2020\/06\/Basilicata-ripresa-ISF-firma.jpeg 1077w\" sizes=\"auto, (max-width: 1000px) 100vw, 1000px\" \/><\/a><\/p>","protected":false},"excerpt":{"rendered":"<p>Si fa seguito, con la presente, alle indicazioni date con nota prot.74374\/13A2 deI 06\/05\/2020 con cui era stata disposta la ripresa delle attivit\u00e0 di informazione scientifica dei farmaci e dei dispositivi medici dopo una fase di sospensione imposta dall\u2019emergenza Coronavfrus (COVTD-19). In questa fase graduale di ripresa si chiarice che: &gt; gli informatori sono tenuti &hellip;<\/p>","protected":false},"author":4,"featured_media":51317,"comment_status":"closed","ping_status":"closed","sticky":false,"template":"","format":"standard","meta":{"footnotes":""},"categories":[16],"tags":[154],"class_list":["post-51314","post","type-post","status-publish","format-standard","has-post-thumbnail","hentry","category-primo-piano","tag-regolamentazione-isf"],"amp_enabled":true,"_links":{"self":[{"href":"https:\/\/www.fedaiisf.it\/en\/wp-json\/wp\/v2\/posts\/51314","targetHints":{"allow":["GET"]}}],"collection":[{"href":"https:\/\/www.fedaiisf.it\/en\/wp-json\/wp\/v2\/posts"}],"about":[{"href":"https:\/\/www.fedaiisf.it\/en\/wp-json\/wp\/v2\/types\/post"}],"author":[{"embeddable":true,"href":"https:\/\/www.fedaiisf.it\/en\/wp-json\/wp\/v2\/users\/4"}],"replies":[{"embeddable":true,"href":"https:\/\/www.fedaiisf.it\/en\/wp-json\/wp\/v2\/comments?post=51314"}],"version-history":[{"count":0,"href":"https:\/\/www.fedaiisf.it\/en\/wp-json\/wp\/v2\/posts\/51314\/revisions"}],"wp:featuredmedia":[{"embeddable":true,"href":"https:\/\/www.fedaiisf.it\/en\/wp-json\/wp\/v2\/media\/51317"}],"wp:attachment":[{"href":"https:\/\/www.fedaiisf.it\/en\/wp-json\/wp\/v2\/media?parent=51314"}],"wp:term":[{"taxonomy":"category","embeddable":true,"href":"https:\/\/www.fedaiisf.it\/en\/wp-json\/wp\/v2\/categories?post=51314"},{"taxonomy":"post_tag","embeddable":true,"href":"https:\/\/www.fedaiisf.it\/en\/wp-json\/wp\/v2\/tags?post=51314"}],"curies":[{"name":"wp","href":"https:\/\/api.w.org\/{rel}","templated":true}]}}