{"id":5134,"date":"2014-11-14T18:20:10","date_gmt":"2014-11-14T17:20:10","guid":{"rendered":"http:\/\/www.fedaiisf.it\/?p=5134"},"modified":"2014-11-15T10:49:27","modified_gmt":"2014-11-15T09:49:27","slug":"sanita-lorenzin-come-enorme-acquedotto-pieno-buchi","status":"publish","type":"post","link":"https:\/\/www.fedaiisf.it\/en\/sanita-lorenzin-come-enorme-acquedotto-pieno-buchi\/","title":{"rendered":"Healthcare: Lorenzin, it&#039;s like a huge aqueduct full of holes. Monchiero: The great hoax of waste in healthcare"},"content":{"rendered":"<p><i>L&#8217;impiego delle risorse non \u00e8 efficiente. Negli anni la logica dei tagli lineari \u00e8 stata una scusa utilizzata dalle Regioni per non riformare il processo. <\/i><\/p>\n<p><a href=\"http:\/\/www.agi.it\/research-e-sviluppo\/notizie\/sanita_lorenzin_e_come_enorme_acquedotto_pieno_di_buchi-201411131719-eco-rt10186\" target=\"_blank\" rel=\"noopener\"><img loading=\"lazy\" decoding=\"async\" class=\"alignright\" alt=\"\" src=\"http:\/\/www.glocus.it\/wp-content\/uploads\/2014\/11\/Save-the-date-Sanit%C3%A0_per-sito2.jpg\" width=\"296\" height=\"166\" \/>(AGI) &#8211; Roma, 13 nov.<\/a> &#8211; &#8220;Se qualcuno mi chiedesse se 112 miliardi di euro sono adeguati a sostenere la spesa sanitaria italiana, risponderei si&#8217; in questo momento. E non sono troppi, sono quello che abbiamo e dobbiamo preservarlo. Se pero&#8217; mi chiedessero se sono spesi bene, risponderei di no. L&#8217;impiego delle risorse non e&#8217; efficiente: la sanita&#8217; e&#8217; come un enorme acquedotto pieno di buchi&#8221;. Lo ha sostenuto il ministro della Salute, Beatrice Lorenzin, intervenendo al convegno &#8220;Sanita&#8217; e spending review: organizzazione, trasparenza e digitalizzazione&#8221;, in occasione del quale e&#8217; stato presentato l&#8217;omonimo rapporto elaborato e presentato da Glocus. &#8220;Occorre chiudere le falle organizzative &#8211; ha ribadito Lorenzin &#8211; anche perche&#8217; negli anni la logica dei tagli lineari e&#8217; stata una scusa utilizzata dalle Regioni per non riformare il processo.<\/p>\n<p>Ora, con il Patto &#8211; ha ricordato &#8211; siamo all&#8217;anno zero, non ci sono piu&#8217; alibi&#8221;. (AGI)<\/p>\n<h2><span style=\"color: #ff0000;\">La grande bufala degli sprechi in sanit\u00e0<\/span><\/h2>\n<h2><\/h2>\n<div><img loading=\"lazy\" decoding=\"async\" class=\"alignleft\" alt=\"\" src=\"http:\/\/www.quotidianosanita.it\/img_prima\/front6126693.jpg\" width=\"150\" height=\"150\" \/><\/div>\n<p>14 NOV\u00a0&#8211;\u00a0<em>Dear director<\/em>,<br \/>\nspinto dalla curiosit\u00e0 di acquisire nuove conoscenze in tema di gestione attuale del nostro Servizio Sanitario e di profonde innovazioni future, mi sono recato in una austera aula del Senato per il Convegno su \u201cSanit\u00e0 e Spending Review \u2013 Organizzazione, trasparenza e Digitalizzazione\u201d del Think Thank Glocus dove le annunciate novit\u00e0 si sono rivelate una collazione di luoghi comuni, banalit\u00e0 e, in qualche caso, di autentiche bufale.<\/p>\n<p>Non riesco a definire diversamente la stantia storiella secondo la quale sommando corruzione vera e propria, stimata in 6,4 miliardi annui (quando si dice la precisione!), le inefficienze (3,2 miliardi) e gli sprechi (14 miliardi) si evidenziano 23,6 miliardi annui di risparmi possibili senza minimamente incidere sulla qualit\u00e0 del servizio. Ecco quantificato il famoso \u201cgrasso che cola\u201d !<br \/>\nDi fronte a calcoli come questi mi chiedo: ma quanto rubano e sprecano gli Svizzeri, la cui spesa sanitaria pro-capite \u00e8 il doppio della nostra, o i tedeschi, gli scandinavi e i francesi, che tutti spendono molto pi\u00f9 di noi? Nessuno, in quegli sventurati paesi, \u00e8 in grado di spiegare all\u2019opinione pubblica quanto sia urgente moralizzare il sistema anche al fine di attingere dalle risorse destinate alla sanit\u00e0 per rimpolpare altri settori del bilancio statale?<\/p>\n<p>Gi\u00e0 perch\u00e9 si \u00e8 anche lamentata \u2013 in questo contesto \u2013 la crescita della spesa sanitaria a danno della scuola, della difesa, della sicurezza pubblica . Doglianza che avrebbe un suo fondamento politico se i dati fossero attendibili.<br \/>\nFar passare, davanti ad una platea di decisori politici, l\u2019idea che la sanit\u00e0 \u00e8 sovrafinanziata, che la spesa \u00e8 fuori controllo e che ogni intervento finalizzato a contenerla \u00e8 tecnicamente possibile e moralmente doveroso, rappresenta un\u2019azione pericolosa perch\u00e9 (la metafora sanitaria \u00e8 d\u2019obbligo) non v\u2019\u00e8 terapia efficace che possa basarsi su una diagnosi errata.<\/p>\n<p>Giover\u00e0 ricordare ai nostri Senatori che il servizio sanitario nazionale \u00e8 l\u2019unico settore della pubblica amministrazione che goda di buona considerazione all\u2019estero. Ancora recentemente Bloomberg lo classificava il pi\u00f9 efficiente del mondo dopo quelli di Singapore ed HongKong, che non sono stati nazionali. E giover\u00e0 anche invitare i ricercatori di \u201cGlocus\u201d a consultare i dati dell\u2019OCSE, dai quali risulta che in nessun paese aderente all\u2019organizzazione la spesa sanitaria \u00e8 cresciuta \u2013 negli ultimi vent\u2019anni \u2013 meno che in Italia.<\/p>\n<p>L\u2019efficienza del sistema e il suo costo basso (rapportato a quello dei paesi occidentali) ci dicono che i margini di miglioramento non possono essere ampi e che sin da ora si pone il problema di come sostenere gli oneri dell\u2019innovazione tecnologica. Questo \u00e8 il punto. Questa \u00e8 la sfida che attende Governo e Parlamento.<br \/>\nCostruire illusioni su informazioni errate e luoghi comuni, non ci aiuter\u00e0 a vincerla.<\/p>\n<p><strong><em>John Monchiero<\/em><\/strong><br \/>\n<em>Membro Commissione Affari Sociali della Camera (Scelta Civica)<\/em><\/p>\n<p><a href=\"http:\/\/www.quotidianosanita.it\/lettere-al-direttore\/articolo.php?articolo_id=24343\" target=\"_blank\" rel=\"noopener\">14 novembre 2014 . quotidianosanit\u00e0.it<\/a><\/p>\n<h2><span style=\"color: #ff0000;\">Comacchio. &#8220;Ministro, mandi gli ispettori al San Camillo&#8221;<\/span><\/h2>\n<p><i>Beatrice Lorenzin a colloquio con il Comitato per la salvaguardia dell&#8217;ospedale: sprecati 13 milioni di euro. E il ministro annuncia la task force per i reparti che non funzionano<\/i><\/p>\n<p><a href=\"http:\/\/lanuovaferrara.gelocal.it\/ferrara\/cronaca\/2014\/11\/14\/news\/ministro-mandi-gli-ispettori-al-san-camillo-1.10308590\" target=\"_blank\" rel=\"noopener\">14 novembre 2014\u00a0 &#8211; La Nuova Ferrara<\/a><i><\/i><\/p>\n<p><img loading=\"lazy\" decoding=\"async\" class=\"alignleft\" alt=\"Il comitato San Camillo con il ministro\" src=\"http:\/\/lanuovaferrara.gelocal.it\/polopoly_fs\/1.10308628.1415977067!\/httpImage\/image.jpg_gen\/derivatives\/detail_558\/image.jpg\" width=\"335\" height=\"223\" \/>Gli ispettori del ministero della Sanit\u00e0 all&#8217;ospedale San Camillo, ecco la richiesta del Comitato civico direttamente al ministro Lorenzin. &#8220;Hanno speso 13 milioni di euro per ricostruirlo come appendice di Valle Oppio, solo nel 2010, in base agli accordi con il governatore dimissionario Errani, e poi lo hanno chiuso: lo presidiamo da un anno e un mese&#8221; ha detto la delegazione comacchiese al ministro, durante il blitz ferrarese del titolare alla Sanit\u00e0 al convegno organizzato da Emilia Romagna popolare a San Girolamo dei Gesuati. Il comitato ha consegnato alla Lorenzin il documento per la rimodulazione del San Camillo, che ha raccolto 8.000 firme.<\/p>\n<p>Il ministro aveva insistito sulla centralizzazione dei controlli sanitari, &#8220;abbiamo costruito l&#8217;anagrafe nazionale dei pazienti per riuscire a cogliere le anomalie negli esiti delle cure nei vari reparti ospedalieri. Quando ci sono problemi, lo segnaliamo e chiediamo soluzioni: se non arrivano, inviamo una task force. In questa maniera si possono risparmiare miliardi di euro&#8221;. Il ministro ha parlato di sprechi nella sanit\u00e0, &#8220;ce ne sono per 30 miliardi, con i costi standard ormai a regime possiamo risparmiare. Se per\u00f2 le Regioni ci chiederanno ulteriori tagli al Fondo sanitario, ci guarderemo, ma si sappia che risparmiare sulla spesa farmaceutica significa ridurre l&#8217;accesso ai farmaci <img loading=\"lazy\" decoding=\"async\" class=\"alignright\" alt=\"\" src=\"http:\/\/www.telestense.it\/wp-content\/uploads\/2012\/04\/ospedale-sancamillo-300x225.jpg\" width=\"180\" height=\"135\" \/>salvavita negli ospedali&#8221;.<\/p>\n<p>In precedenza Lorenzin aveva affrontato con i giornalisti anche i temi dell&#8217;attualit\u00e0 politica: &#8220;La legge elettorale? Noi potremmo avere qualche problema con le preferenze, ma un accordo \u00e8 possibile. Per quanto riguarda il jobs act, certi interventi ci erano stati chiesti dall&#8217;Ue e servono per rilanciare l&#8217;occupazione: voglio vedere bene il testo che uscir\u00e0 dalla Camera prima di esprimermi&#8221;.<\/p>","protected":false},"excerpt":{"rendered":"<p>L&#8217;impiego delle risorse non \u00e8 efficiente. Negli anni la logica dei tagli lineari \u00e8 stata una scusa utilizzata dalle Regioni per non riformare il processo. (AGI) &#8211; Roma, 13 nov. &#8211; &#8220;Se qualcuno mi chiedesse se 112 miliardi di euro sono adeguati a sostenere la spesa sanitaria italiana, risponderei si&#8217; in questo momento. E non &hellip;<\/p>","protected":false},"author":4,"featured_media":5140,"comment_status":"closed","ping_status":"closed","sticky":false,"template":"","format":"standard","meta":{"footnotes":""},"categories":[1],"tags":[28],"class_list":["post-5134","post","type-post","status-publish","format-standard","has-post-thumbnail","hentry","category-notizie","tag-lorenzin"],"amp_enabled":true,"_links":{"self":[{"href":"https:\/\/www.fedaiisf.it\/en\/wp-json\/wp\/v2\/posts\/5134","targetHints":{"allow":["GET"]}}],"collection":[{"href":"https:\/\/www.fedaiisf.it\/en\/wp-json\/wp\/v2\/posts"}],"about":[{"href":"https:\/\/www.fedaiisf.it\/en\/wp-json\/wp\/v2\/types\/post"}],"author":[{"embeddable":true,"href":"https:\/\/www.fedaiisf.it\/en\/wp-json\/wp\/v2\/users\/4"}],"replies":[{"embeddable":true,"href":"https:\/\/www.fedaiisf.it\/en\/wp-json\/wp\/v2\/comments?post=5134"}],"version-history":[{"count":0,"href":"https:\/\/www.fedaiisf.it\/en\/wp-json\/wp\/v2\/posts\/5134\/revisions"}],"wp:featuredmedia":[{"embeddable":true,"href":"https:\/\/www.fedaiisf.it\/en\/wp-json\/wp\/v2\/media\/5140"}],"wp:attachment":[{"href":"https:\/\/www.fedaiisf.it\/en\/wp-json\/wp\/v2\/media?parent=5134"}],"wp:term":[{"taxonomy":"category","embeddable":true,"href":"https:\/\/www.fedaiisf.it\/en\/wp-json\/wp\/v2\/categories?post=5134"},{"taxonomy":"post_tag","embeddable":true,"href":"https:\/\/www.fedaiisf.it\/en\/wp-json\/wp\/v2\/tags?post=5134"}],"curies":[{"name":"wp","href":"https:\/\/api.w.org\/{rel}","templated":true}]}}