{"id":51439,"date":"2020-06-19T16:44:12","date_gmt":"2020-06-19T14:44:12","guid":{"rendered":"https:\/\/www.fedaiisf.it\/?p=51439"},"modified":"2020-10-17T13:15:56","modified_gmt":"2020-10-17T11:15:56","slug":"51439-2","status":"publish","type":"post","link":"https:\/\/www.fedaiisf.it\/en\/51439-2\/","title":{"rendered":"Bologna. Clarifications on the modalities of access of the ISF in the regional structures and meetings with the doctors"},"content":{"rendered":"<p style=\"text-align: justify;\"><em><span style=\"color: #000000;\">Giungono dal Servizio Assistenza Territoriale Area Farmaci e Dispositivi Medici i chiarimenti sulle modalit\u00e0 di accesso nelle strutture e incontro degli Informatori Scientifici del Farmaco con i Medici dell&#8217;area bolognese.<\/span><\/em><\/p>\n<p style=\"text-align: justify;\"><em><span style=\"color: #000000;\">Ringraziamo i Direttori Sanitari, il gruppo di lavoro sull&#8217;informazione scientifica ed in particolare la Dr.ssa Valentina Solfrini, coordinatrice del Gruppo di Lavoro e responsabile dell&#8217;Area Farmaci della Regione Emilia Romagna, che sono riusciti a conciliare le esigenze lavorative degli ISF con le esigenze di sicurezza e lavorative delle strutture regionali e degli operatori sanitari<\/span><\/em><\/p>\n<hr \/>\n<p><a href=\"https:\/\/www.fedaiisf.it\/wp-content\/uploads\/2020\/06\/Emilia-Romagna-chiarimenti-ISF-protocollata.jpeg\"><img loading=\"lazy\" decoding=\"async\" class=\"alignnone size-large wp-image-51440\" src=\"https:\/\/www.fedaiisf.it\/wp-content\/uploads\/2020\/06\/Emilia-Romagna-chiarimenti-ISF-protocollata-1024x727.jpeg\" alt=\"\" width=\"1000\" height=\"710\" srcset=\"https:\/\/www.fedaiisf.it\/wp-content\/uploads\/2020\/06\/Emilia-Romagna-chiarimenti-ISF-protocollata-1024x727.jpeg 1024w, https:\/\/www.fedaiisf.it\/wp-content\/uploads\/2020\/06\/Emilia-Romagna-chiarimenti-ISF-protocollata-300x213.jpeg 300w, https:\/\/www.fedaiisf.it\/wp-content\/uploads\/2020\/06\/Emilia-Romagna-chiarimenti-ISF-protocollata-768x545.jpeg 768w, https:\/\/www.fedaiisf.it\/wp-content\/uploads\/2020\/06\/Emilia-Romagna-chiarimenti-ISF-protocollata.jpeg 1201w\" sizes=\"auto, (max-width: 1000px) 100vw, 1000px\" \/><\/a><\/p>\n<p>&nbsp;<\/p>\n<p><span style=\"color: #000000; font-size: 18px; font-family: arial, helvetica, sans-serif;\">Oggetto: Trasmissione nota chiarimenti su modalit\u00e0 incontri informazione scientifica. <\/span><\/p>\n<p><span style=\"color: #000000; font-size: 18px; font-family: arial, helvetica, sans-serif;\">very kind,<\/span><\/p>\n<p style=\"text-align: justify;\"><span style=\"color: #000000; font-size: 18px; font-family: arial, helvetica, sans-serif;\">vi inoltro la nota di chiarimenti a seguito del nostro confronto in videoconferenza di luned\u00ec 15 giugno 2020, al fine di avviare in sicurezza l\u2019informazione scientifica in presenza quando non si riesce a distanza anche nelle strutture delle Aziende Sanitarie di Bologna.<\/span><\/p>\n<p style=\"text-align: justify;\"><span style=\"color: #000000; font-size: 18px; font-family: arial, helvetica, sans-serif;\">Ringraziandovi per la collaborazione invio cordiali saluti<\/span><\/p>\n<p style=\"text-align: center;\"><span style=\"color: #000000; font-size: 18px; font-family: arial, helvetica, sans-serif;\">Valentina Solfrini <\/span><\/p>\n<p style=\"text-align: center;\"><span style=\"color: #000000; font-size: 18px; font-family: arial, helvetica, sans-serif;\">(firmato digitalmente)<\/span><\/p>\n<p>&nbsp;<\/p>\n<p>&nbsp;<\/p>\n<p><a href=\"https:\/\/www.fedaiisf.it\/wp-content\/uploads\/2020\/06\/Emilia-Romagna-intestazione-in-calce.jpeg\"><img loading=\"lazy\" decoding=\"async\" class=\"alignnone size-large wp-image-51441\" src=\"https:\/\/www.fedaiisf.it\/wp-content\/uploads\/2020\/06\/Emilia-Romagna-intestazione-in-calce-1024x98.jpeg\" alt=\"\" width=\"1000\" height=\"96\" srcset=\"https:\/\/www.fedaiisf.it\/wp-content\/uploads\/2020\/06\/Emilia-Romagna-intestazione-in-calce-1024x98.jpeg 1024w, https:\/\/www.fedaiisf.it\/wp-content\/uploads\/2020\/06\/Emilia-Romagna-intestazione-in-calce-300x29.jpeg 300w, https:\/\/www.fedaiisf.it\/wp-content\/uploads\/2020\/06\/Emilia-Romagna-intestazione-in-calce-768x74.jpeg 768w, https:\/\/www.fedaiisf.it\/wp-content\/uploads\/2020\/06\/Emilia-Romagna-intestazione-in-calce.jpeg 1072w\" sizes=\"auto, (max-width: 1000px) 100vw, 1000px\" \/><\/a><\/p>\n<hr \/>\n<h2 style=\"text-align: justify;\"><span style=\"color: #000000; font-family: arial, helvetica, sans-serif;\">Allegato alla nota di trasmissione del 19\/06\/2020<\/span><\/h2>\n<p style=\"text-align: justify;\"><span style=\"color: #000000; font-family: arial, helvetica, sans-serif;\">Chiarimenti relativi alle regole di accesso degli informatori scientifici riportate in nota pg\/2020\/0418213 del 08\/06\/2020 e proposta di applicazione delle indicazioni della nota stesse alle strutture dell\u2019AUSL di Bologna a partire dal 22-06-2020 e di AOU e IOR dal 29- 06-2020<\/span><\/p>\n<ol style=\"text-align: justify;\">\n<li><span style=\"color: #000000; font-family: arial, helvetica, sans-serif;\">Si ribadisce quanto disposto nella nota allegata, se possibile devono essere svolti gli incontri in VC. Il gruppo di lavoro regionale ha inteso poi proporre che la decisione di svolgere incontri in presenza spetti al SINGOLO professionista e relativamente agli incontri allo stesso proposti, sia esso un MMG, PLS, specialista ambulatoriale, medico ospedaliero, altro professionista del SSR, rappresentante istituzionale;<\/span><\/li>\n<li><span style=\"color: #000000; font-family: arial, helvetica, sans-serif;\">Le motivazioni per gli incontri in presenza, richiesti dai rappresentanti sindacali e di categoria degli IS, sono state ritenute valide in maniera unanime dal gruppo di lavoro regionale:<\/span><\/li>\n<\/ol>\n<ul style=\"text-align: justify;\">\n<li><span style=\"color: #000000; font-family: arial, helvetica, sans-serif;\">l\u2019incontro in presenza, in luoghi idonei alla informazione scientifica consente di illustrare con tempi contenuti le pubblicazioni depositate e registrate, senza necessit\u00e0 di accesso a piattaforme dedicate tutte diverse e a volte di complessa gestione;<\/span><\/li>\n<li><span style=\"color: #000000; font-family: arial, helvetica, sans-serif;\">in presenza possono essere consegnati reminder, regoli, flow-chart ,utili alla gestione di terapie complesse che richiedono aggiustamenti di dose o valutazione di interazioni;<\/span><\/li>\n<li><span style=\"color: #000000; font-family: arial, helvetica, sans-serif;\">la durata complessiva degli incontri si riduce; \u2022 <\/span><\/li>\n<\/ul>\n<p style=\"text-align: justify;\"><span style=\"color: #000000; font-family: arial, helvetica, sans-serif;\">Le indicazioni della nota ribadiscono che:<\/span><\/p>\n<ul style=\"text-align: justify;\">\n<li><span style=\"color: #000000; font-family: arial, helvetica, sans-serif;\">in tutte le strutture i medici possono ricevere gli informatori per appuntamento ainizio o a fine ambulatorio nel rispetto delle regole generali di prevenzione del contagio da COVID 19 (mascherina chirurgica, lavaggio delle mani con soluzioni disinfettanti, distanziamento fisico, attesa fuori dagli spazi comuni se troppo affollati) al fine di non interferire con l\u2019attivit\u00e0 ambulatoriale;<\/span><\/li>\n<li><span style=\"color: #000000; font-family: arial, helvetica, sans-serif;\">le sedi degli incontri, sulla base delle caratteristiche delle strutture possono essere sale riunioni o gli studi medici o spazi non occupati da altre attivit\u00e0;<\/span><\/li>\n<\/ul>\n<p style=\"text-align: justify;\"><span style=\"color: #000000; font-family: arial, helvetica, sans-serif;\">A MERO TITOLO ESEMPLIFICATIVO SI CITANO ALCUNE STRUTTURE DOVE PUO\u2019 ESSERE SVOLTA ATTIVITA\u2019 DI INFORMAZIONE IN PRESENZA NEL RISPETTO DEI PROTOCOLLI DI SICUREZZA<\/span><\/p>\n<ul style=\"text-align: justify;\">\n<li><span style=\"font-family: arial, helvetica, sans-serif;\"><strong><span style=\"color: #000000;\">Poliambulatorio Mengoli<\/span><\/strong><\/span><\/li>\n<\/ul>\n<p style=\"text-align: justify;\"><span style=\"color: #000000; font-family: arial, helvetica, sans-serif;\">E\u2019 a disposizione una sala riunione. \u00c8 possibile ricevere su appuntamento, senza creare intralcio ai pazienti o\u00a0<\/span><span style=\"color: #000000; font-family: arial, helvetica, sans-serif;\">togliere tempo al lavoro istituzionale.<\/span><\/p>\n<ul style=\"text-align: justify;\">\n<li><span style=\"color: #000000; font-family: arial, helvetica, sans-serif;\"><strong>Casa della Salute Zola Predosa<\/strong>:<\/span><\/li>\n<\/ul>\n<p style=\"text-align: justify;\"><span style=\"color: #000000; font-family: arial, helvetica, sans-serif;\">Viene misurata la temperatura all&#8217;entrata per approcciarsi agli ambulatori. Ci sono percorsi stabiliti, le uscite e le entrate sono separate. Gli ambienti sono ampi, si pu\u00f2 mantenere agevolmente la distanza tra utenti. Possibile la gestione degli appuntamenti per IS ad orario, ad inizio o a fine ambulatorio.<\/span><\/p>\n<ul style=\"text-align: justify;\">\n<li><span style=\"color: #000000; font-family: arial, helvetica, sans-serif;\"><strong>Sede Ausl di Sasso Marconi<\/strong>:<\/span><\/li>\n<\/ul>\n<p style=\"text-align: justify;\"><span style=\"color: #000000; font-family: arial, helvetica, sans-serif;\">Gli accessi sono registrati e si pu\u00f2 entrare solo previo appuntamento concordato, \u00e8 necessario riferire all&#8217;entrata con chi si ha appuntamento. Possibile gestione appuntamenti per IS ad inizio o fine ambulatorio.<\/span><\/p>\n<ul style=\"text-align: justify;\">\n<li><span style=\"color: #000000; font-family: arial, helvetica, sans-serif;\"><strong>Casa della salute Granarolo<\/strong>:<\/span><\/li>\n<\/ul>\n<p style=\"text-align: justify;\"><span style=\"font-family: arial, helvetica, sans-serif;\"><span style=\"color: #000000;\">Si accede alla struttura solo se chiamati e con appuntamento. Possibile gestione appuntamento per IS ad\u00a0<\/span><span style=\"color: #000000;\">orario, prima o dopo le visite.<\/span><\/span><\/p>\n<ul style=\"text-align: justify;\">\n<li><span style=\"color: #000000; font-family: arial, helvetica, sans-serif;\"><strong>Casa della Salute Casalecchio<\/strong>:<\/span><\/li>\n<\/ul>\n<p style=\"text-align: justify;\"><span style=\"color: #000000; font-family: arial, helvetica, sans-serif;\">Vi sono Specialisti Ambulatoriali. Accesso contingentato per tutti. Si possono organizzare appuntamenti a fine ambulatorio, gli spazi di attesa sono molto ampi e comunque \u00e8 possibile attendere fuori fino a che i pazienti non sono usciti.<\/span><\/p>\n<ul style=\"text-align: justify;\">\n<li><span style=\"color: #000000; font-family: arial, helvetica, sans-serif;\"><strong>Reparto Maternit\u00e0 Ospedale Maggiore<\/strong>:<\/span><\/li>\n<\/ul>\n<p style=\"text-align: justify;\"><span style=\"color: #000000; font-family: arial, helvetica, sans-serif;\">Solo previo appuntamento si pu\u00f2 entrare e salire all\u2019ultimo piano negli studi medici dove non si svolge attivit\u00e0\u00a0<\/span><span style=\"color: #000000; font-family: arial, helvetica, sans-serif;\">clinica.<\/span><\/p>\n<ul style=\"text-align: justify;\">\n<li><span style=\"color: #000000; font-family: arial, helvetica, sans-serif;\"><strong>Casa della Salute del Navile<\/strong>:<\/span><\/li>\n<\/ul>\n<p style=\"text-align: justify;\"><span style=\"color: #000000; font-family: arial, helvetica, sans-serif;\">I pazienti entrano solo con appuntamento ad orario, con rigorosi controlli. La struttura \u00e8 di nuova costruzione, con spazi molto ampi e molte stanze non sede di attivit\u00e0 clinica. \u00c8 possibile l\u2019accesso per IS solo con appuntamento concordato, a inizio o a fine ambulatorio.<\/span><\/p>\n<ul style=\"text-align: justify;\">\n<li><span style=\"color: #000000; font-family: arial, helvetica, sans-serif;\"><strong>Poliambulatorio Max Ivano Chersich<\/strong>:<\/span><\/li>\n<\/ul>\n<p style=\"text-align: justify;\"><span style=\"font-family: arial, helvetica, sans-serif;\"><span style=\"color: #000000;\">Ingressi contingentati per pazienti con appuntamento ad orario, con rigorosi controlli. \u00c8 possibile l\u2019accesso\u00a0<\/span><span style=\"color: #000000;\">per IS solo con appuntamento concordato solo ad inizio o fine ambulatorio.<\/span><\/span><\/p>\n<ul style=\"text-align: justify;\">\n<li><span style=\"font-family: arial, helvetica, sans-serif;\"><strong><span style=\"color: #000000;\">Poliambulatorio Budrio<\/span><\/strong><\/span><\/li>\n<\/ul>\n<p style=\"text-align: justify;\"><span style=\"font-family: arial, helvetica, sans-serif;\"><span style=\"color: #000000;\">Ogni medico ha la sua sala d\u2019aspetto, a parte un corridoio centrale. \u00c8 possibile l\u2019accesso per IS solo con\u00a0<\/span><span style=\"color: #000000;\">appuntamento concordato solo ad inizio o fine ambulatorio.<\/span><\/span><\/p>\n<ul style=\"text-align: justify;\">\n<li><span style=\"font-family: arial, helvetica, sans-serif;\"><strong><span style=\"color: #000000;\">Ospedale Molinella<\/span><\/strong><\/span><\/li>\n<\/ul>\n<p style=\"text-align: justify;\"><span style=\"font-family: arial, helvetica, sans-serif;\"><span style=\"color: #000000;\">Possibilit\u00e0 di due ingressi separati e ogni medico ha una sala d\u2019aspetto durante suo turno di ambulatorio. \u00c8\u00a0<\/span><span style=\"color: #000000;\">possibile l\u2019accesso per IS solo con appuntamento concordato solo ad inizio o fine ambulatorio.<\/span><\/span><\/p>\n<ul style=\"text-align: justify;\">\n<li><span style=\"font-family: arial, helvetica, sans-serif;\"><strong><span style=\"color: #000000;\">Casa della salute di San Pietro in Casale<\/span><\/strong><\/span><\/li>\n<\/ul>\n<p style=\"text-align: justify;\"><span style=\"color: #000000; font-family: arial, helvetica, sans-serif;\">Stabile molto grande e spazioso, con sale d\u2019aspetto riservate per ogni medico e possibilit\u00e0 di accesso da due entrate. \u00c8 possibile l\u2019accesso per IS solo con appuntamento concordato solo ad inizio o fine ambulatorio.<\/span><\/p>\n<ul style=\"text-align: justify;\">\n<li><span style=\"font-family: arial, helvetica, sans-serif;\"><strong><span style=\"color: #000000;\">Poliambulatorio Baricella<\/span><\/strong><\/span><\/li>\n<\/ul>\n<p style=\"text-align: justify;\"><span style=\"font-family: arial, helvetica, sans-serif;\"><span style=\"color: #000000;\">Tre medici di medicina generale con orari sfalsati uno dall\u2019altro. \u00c8 possibile l\u2019accesso per IS solo con\u00a0<\/span><span style=\"color: #000000;\">appuntamento concordato solo ad inizio o fine ambulatorio.<\/span><\/span><\/p>\n<ul style=\"text-align: justify;\">\n<li><span style=\"font-family: arial, helvetica, sans-serif;\"><strong><span style=\"color: #000000;\">Ospedale Crevalcore<\/span><\/strong><\/span><\/li>\n<\/ul>\n<p style=\"text-align: justify;\"><span style=\"color: #000000; font-family: arial, helvetica, sans-serif;\">Stabile nuovo e spazioso, ogni medico di medicina generale che ha una sala d\u2019aspetto privata: unica eccezione, una sala d\u2019aspetto condivisa fra un PLS e un MMG. \u00c8 possibile l\u2019accesso per IS solo con appuntamento concordato solo ad inizio o fine ambulatorio e nel rispetto delle norme di distanziamento fisico.<\/span><\/p>\n<ul style=\"text-align: justify;\">\n<li><span style=\"font-family: arial, helvetica, sans-serif;\"><strong><span style=\"color: #000000;\">San Giovanni in Persiceto<\/span><\/strong><\/span><\/li>\n<\/ul>\n<p style=\"text-align: justify;\"><span style=\"color: #000000; font-family: arial, helvetica, sans-serif;\">Situazione provvisoria, in quanto gli ambulatori sono stati trasferiti temporaneamente in alcuni container vicino all\u2019ospedale: due ampie sale d\u2019aspetto con mai pi\u00f9 di due medici che lavorano contemporaneamente. \u00c8 possibile l\u2019accesso per IS solo con appuntamento concordato solo ad inizio o fine ambulatorio.<\/span><\/p>\n<ul style=\"text-align: justify;\">\n<li><span style=\"font-family: arial, helvetica, sans-serif;\"><strong><span style=\"color: #000000;\">Pieve di Cento<\/span><\/strong><\/span><\/li>\n<\/ul>\n<p style=\"text-align: justify;\"><span style=\"font-family: arial, helvetica, sans-serif;\"><span style=\"color: #000000;\">Al primo piano attivit\u00e0 specialistica Al secondo piano attivit\u00e0 dei MMG. \u00c8 possibile l\u2019accesso per IS solo con\u00a0<\/span><span style=\"color: #000000;\">appuntamento concordato solo ad inizio o fine ambulatorio.<\/span><\/span><\/p>\n<ul style=\"text-align: justify;\">\n<li><span style=\"font-family: arial, helvetica, sans-serif;\"><strong><span style=\"color: #000000;\">Ospedale Bellaria<\/span><\/strong><\/span><\/li>\n<\/ul>\n<p style=\"text-align: justify;\"><span style=\"color: #000000; font-family: arial, helvetica, sans-serif;\">Dove possibile rispettare le regole di distanziamento fisico \u00e8 possibile l\u2019accesso per IS solo con appuntamento concordato solo ad inizio o fine ambulatorio oppure presso gli studi dei medici, sempre solo su appuntamento.<\/span><\/p>\n<p style=\"text-align: justify;\"><span style=\"color: #000000; font-family: arial, helvetica, sans-serif;\">Nel Padiglione G IRCCS Neuroscienze vi sono disponibili anche due sale per riunioni che ad orari definiti potrebbe essere dedicate agli incontri con gli Informatori.<\/span><\/p>\n<p style=\"text-align: justify;\"><span style=\"color: #000000; font-family: arial, helvetica, sans-serif;\">Sopra al Padiglione centrale di Ingresso presso la Biblioteca storica potrebbe essere indicato un orario di accesso per svolgere incontri di IS.<\/span><\/p>\n<ul style=\"text-align: justify;\">\n<li><span style=\"font-family: arial, helvetica, sans-serif;\"><strong><span style=\"color: #000000;\">Ospedale Maggiore<\/span><\/strong><\/span><\/li>\n<\/ul>\n<p style=\"text-align: justify;\"><span style=\"color: #000000; font-family: arial, helvetica, sans-serif;\">Presso la Biblioteca situata al piano -1 \u00e8 possibile l\u2019accesso per IS solo con appuntamento concordato in orario dedicato e definito. Dove possibile rispettare le regole di distanziamento fisico \u00e8 possibile l\u2019accesso per IS solo con appuntamento concordato solo ad inizio o fine ambulatorio oppure presso gli studi dei medici, sempre solo su appuntamento.<\/span><\/p>\n<hr \/>\n<p>&nbsp;<\/p>\n<p><span style=\"text-decoration: underline;\"><strong><span style=\"font-size: 18px;\"><a href=\"https:\/\/www.fedaiisf.it\/wp-content\/uploads\/2020\/06\/All.-1-regole-accesso-strutture-ausl-bologna.pdf\" target=\"_blank\" rel=\"noopener noreferrer\">All. 1: regole accesso strutture ausl bologna<\/a><\/span><\/strong><\/span><\/p>","protected":false},"excerpt":{"rendered":"<p>Giungono dal Servizio Assistenza Territoriale Area Farmaci e Dispositivi Medici i chiarimenti sulle modalit\u00e0 di accesso nelle strutture e incontro degli Informatori Scientifici del Farmaco con i Medici dell&#8217;area bolognese. Ringraziamo i Direttori Sanitari, il gruppo di lavoro sull&#8217;informazione scientifica ed in particolare la Dr.ssa Valentina Solfrini, coordinatrice del Gruppo di Lavoro e responsabile dell&#8217;Area &hellip;<\/p>","protected":false},"author":4,"featured_media":51447,"comment_status":"closed","ping_status":"closed","sticky":false,"template":"","format":"standard","meta":{"footnotes":""},"categories":[16],"tags":[154],"class_list":["post-51439","post","type-post","status-publish","format-standard","has-post-thumbnail","hentry","category-primo-piano","tag-regolamentazione-isf"],"amp_enabled":true,"_links":{"self":[{"href":"https:\/\/www.fedaiisf.it\/en\/wp-json\/wp\/v2\/posts\/51439","targetHints":{"allow":["GET"]}}],"collection":[{"href":"https:\/\/www.fedaiisf.it\/en\/wp-json\/wp\/v2\/posts"}],"about":[{"href":"https:\/\/www.fedaiisf.it\/en\/wp-json\/wp\/v2\/types\/post"}],"author":[{"embeddable":true,"href":"https:\/\/www.fedaiisf.it\/en\/wp-json\/wp\/v2\/users\/4"}],"replies":[{"embeddable":true,"href":"https:\/\/www.fedaiisf.it\/en\/wp-json\/wp\/v2\/comments?post=51439"}],"version-history":[{"count":0,"href":"https:\/\/www.fedaiisf.it\/en\/wp-json\/wp\/v2\/posts\/51439\/revisions"}],"wp:featuredmedia":[{"embeddable":true,"href":"https:\/\/www.fedaiisf.it\/en\/wp-json\/wp\/v2\/media\/51447"}],"wp:attachment":[{"href":"https:\/\/www.fedaiisf.it\/en\/wp-json\/wp\/v2\/media?parent=51439"}],"wp:term":[{"taxonomy":"category","embeddable":true,"href":"https:\/\/www.fedaiisf.it\/en\/wp-json\/wp\/v2\/categories?post=51439"},{"taxonomy":"post_tag","embeddable":true,"href":"https:\/\/www.fedaiisf.it\/en\/wp-json\/wp\/v2\/tags?post=51439"}],"curies":[{"name":"wp","href":"https:\/\/api.w.org\/{rel}","templated":true}]}}