{"id":51741,"date":"2020-06-29T19:11:03","date_gmt":"2020-06-29T17:11:03","guid":{"rendered":"https:\/\/www.fedaiisf.it\/?p=51741"},"modified":"2020-06-29T19:21:14","modified_gmt":"2020-06-29T17:21:14","slug":"in-commissione-si-amplia-la-dpc-e-si-riduce-la-distribuzione-diretta-i-vantaggi-dei-cittadini","status":"publish","type":"post","link":"https:\/\/www.fedaiisf.it\/en\/in-commissione-si-amplia-la-dpc-e-si-riduce-la-distribuzione-diretta-i-vantaggi-dei-cittadini\/","title":{"rendered":"In Commission. The DPC is expanded and the Direct Distribution is reduced. Citizen benefits"},"content":{"rendered":"<h1 class=\"post-title\">DPC ampliata ai farmaci lettere b) e c) dell\u2019art. 8 della legge 405\/2001: occasione storica per il SSN<\/h1>\n<p><a href=\"https:\/\/www.insalutenews.it\/in-salute\/dpc-ampliata-ai-farmaci-lettere-b-e-c-dellart-8-della-legge-405-2001-occasione-storica-per-il-ssn\/\" target=\"_blank\" rel=\"noopener noreferrer\">INSALUTENEWS.IT \u00b7 29 GIUGNO 2020<\/a><\/p>\n<p>Roma, 29 giugno 2020 \u2013 \u201cUn contesto cos\u00ec propizio mancava da decenni. I mesi pi\u00f9 bui della vicenda Covid hanno fatto drammaticamente emergere una necessit\u00e0 assoluta di sanit\u00e0 territoriale. Parlamento e Governo lo hanno compreso e stanno agendo di conseguenza\u201d: questo il primo commento del presidente di Assofarm Venanzio Gizzi alla notizia dell\u2019approvazione in Commissione Bilancio della Camera dei Deputati di una serie di <a href=\"https:\/\/www.fedaiisf.it\/wp-content\/uploads\/2020\/06\/Art.-8-L.16092001-DPC.jpeg\"><img loading=\"lazy\" decoding=\"async\" class=\"wp-image-51742 alignright\" src=\"https:\/\/www.fedaiisf.it\/wp-content\/uploads\/2020\/06\/Art.-8-L.16092001-DPC.jpeg\" alt=\"\" width=\"402\" height=\"371\" srcset=\"https:\/\/www.fedaiisf.it\/wp-content\/uploads\/2020\/06\/Art.-8-L.16092001-DPC.jpeg 659w, https:\/\/www.fedaiisf.it\/wp-content\/uploads\/2020\/06\/Art.-8-L.16092001-DPC-300x277.jpeg 300w\" sizes=\"auto, (max-width: 402px) 100vw, 402px\" \/><\/a>emendamenti al DL Rilancio, che offrono la possibilit\u00e0 alle Regioni e alle Province Autonome di distribuire tramite le farmacie e con i<span style=\"color: #000000;\">l meccanismo della \u201cdistribuzione per conto\u201d i farmaci previsti dalle lettere b) e c) dell\u2019art. 8 della legge 405\/2001,<\/span> che normalmente vengono distribuiti direttamente dalle strutture sanitarie pubbliche ai pazienti in assistenza domiciliare, residenziale e semiresidenziale e agli assistiti affetti da Covid-19 in trattamento domiciliare.<\/p>\n<p>I diversi emendamenti in questione presentati disgiuntamente dagli onorevoli Marcello Gemmato, Andrea Mandelli, Giorgio Trizzino, costituiscono una sorta di continuazione logica di completamento di una precedente azione dell\u2019on. Gemmato che, gi\u00e0 nel DL Liquidit\u00e0, aveva permesso la dpc per i farmaci che richiedono un controllo ricorrente del paziente e che costituiscono la maggior parte dei medicinali distribuiti direttamente dalle strutture sanitarie pubbliche.<\/p>\n<p>\u201cLa sensazione \u00e8 che si sia davvero di fronte a un mutamento paradigmatico \u2013 continua Gizzi \u2013 una visione in cui al centro del sistema non c\u2019\u00e8 pi\u00f9 la struttura ospedaliera ma il cittadino. Evitare la farmacia ospedaliera e potersi servire della farmacia territoriale pi\u00f9 vicina a casa, permette infatti al cittadino di risparmiare tempo e ridurre i rischi sanitari legati alla frequentazione degli ambienti ospedalieri. La soddisfazione per quanto realizzato in queste settimane non deve per\u00f2 illuderci: la legge offre la possibilit\u00e0 alle regioni, ne consegue dunque che queste ultime dovranno cogliere l\u2019opportunit\u00e0 offerta loro da Roma. Questo, non ci sono dubbi, sar\u00e0 il fronte di impegno delle farmacie comunali per i prossimi mesi\u201d.<\/p>\n<p>Related news:\u00a0<a href=\"https:\/\/www.camera.it\/parlam\/leggi\/01405l.htm\" target=\"_blank\" rel=\"noopener noreferrer\">Legge 16 novembre 2001, n. 405<\/a><\/p>\n<p><a href=\"https:\/\/www.fedaiisf.it\/wp-content\/uploads\/2020\/06\/Campania.-Attivazione-controllo-DD-.pdf\" target=\"_blank\" rel=\"noopener noreferrer\">Campania. Attivazione controllo spesa DD<\/a><\/p>\n<p><a href=\"http:\/\/www.quotidianosanita.it\/governo-e-parlamento\/articolo.php?articolo_id=86587\" target=\"_blank\" rel=\"noopener noreferrer\">Decreto Rilancio. Tutte le novit\u00e0 dopo l\u2019esame in Commissione:\u00a0premio fino a 2.000 euro per gli operatori sanitari impegnati nell\u2019emergenza; stabilizzazione precari; bonus Ecm per tutti; farmaci della\u00a0\u201cdiretta\u201d passano in farmacia<\/a><\/p>\n<p><em><a href=\"http:\/\/www.quotidianosanita.it\/allegati\/create_pdf.php?all=8651425.pdf\" target=\"_blank\" rel=\"noopener noreferrer\">GLI EMENDAMENTI<\/a><\/em><\/p>\n<p>&nbsp;<\/p>","protected":false},"excerpt":{"rendered":"<p>DPC ampliata ai farmaci lettere b) e c) dell\u2019art. 8 della legge 405\/2001: occasione storica per il SSN INSALUTENEWS.IT \u00b7 29 GIUGNO 2020 Roma, 29 giugno 2020 \u2013 \u201cUn contesto cos\u00ec propizio mancava da decenni. I mesi pi\u00f9 bui della vicenda Covid hanno fatto drammaticamente emergere una necessit\u00e0 assoluta di sanit\u00e0 territoriale. Parlamento e Governo &hellip;<\/p>","protected":false},"author":4,"featured_media":51743,"comment_status":"closed","ping_status":"closed","sticky":false,"template":"","format":"standard","meta":{"footnotes":""},"categories":[1],"tags":[],"class_list":["post-51741","post","type-post","status-publish","format-standard","has-post-thumbnail","hentry","category-notizie"],"amp_enabled":true,"_links":{"self":[{"href":"https:\/\/www.fedaiisf.it\/en\/wp-json\/wp\/v2\/posts\/51741","targetHints":{"allow":["GET"]}}],"collection":[{"href":"https:\/\/www.fedaiisf.it\/en\/wp-json\/wp\/v2\/posts"}],"about":[{"href":"https:\/\/www.fedaiisf.it\/en\/wp-json\/wp\/v2\/types\/post"}],"author":[{"embeddable":true,"href":"https:\/\/www.fedaiisf.it\/en\/wp-json\/wp\/v2\/users\/4"}],"replies":[{"embeddable":true,"href":"https:\/\/www.fedaiisf.it\/en\/wp-json\/wp\/v2\/comments?post=51741"}],"version-history":[{"count":0,"href":"https:\/\/www.fedaiisf.it\/en\/wp-json\/wp\/v2\/posts\/51741\/revisions"}],"wp:featuredmedia":[{"embeddable":true,"href":"https:\/\/www.fedaiisf.it\/en\/wp-json\/wp\/v2\/media\/51743"}],"wp:attachment":[{"href":"https:\/\/www.fedaiisf.it\/en\/wp-json\/wp\/v2\/media?parent=51741"}],"wp:term":[{"taxonomy":"category","embeddable":true,"href":"https:\/\/www.fedaiisf.it\/en\/wp-json\/wp\/v2\/categories?post=51741"},{"taxonomy":"post_tag","embeddable":true,"href":"https:\/\/www.fedaiisf.it\/en\/wp-json\/wp\/v2\/tags?post=51741"}],"curies":[{"name":"wp","href":"https:\/\/api.w.org\/{rel}","templated":true}]}}