{"id":51868,"date":"2020-07-03T11:34:54","date_gmt":"2020-07-03T09:34:54","guid":{"rendered":"https:\/\/www.fedaiisf.it\/?p=51868"},"modified":"2020-07-03T11:39:05","modified_gmt":"2020-07-03T09:39:05","slug":"regione-lazio-attivita-isf-di-persona-ammessa-previo-appuntamento","status":"publish","type":"post","link":"https:\/\/www.fedaiisf.it\/en\/regione-lazio-attivita-isf-di-persona-ammessa-previo-appuntamento\/","title":{"rendered":"Lazio region. ISF activity in person admitted by appointment"},"content":{"rendered":"<p style=\"text-align: center;\"><strong><span style=\"color: #000000; font-size: 17px;\">ORDER<\/span><\/strong><\/p>\n<p style=\"text-align: justify;\"><span style=\"color: #000000; font-size: 17px;\">pursuant to art. 32, paragraph 3, of the law of 23 December 1978, n. 833 on hygiene and public health,<\/span><\/p>\n<ol style=\"text-align: justify;\">\n<li><span style=\"color: #000000; font-size: 17px;\">Without prejudice to the social, economic, productive and institutional activities already authorized with previous provisions, the following additional activities are permitted:<\/span>\n<ol>\n<li><span style=\"color: #000000; font-size: 17px;\">contact and team sports are permitted from the date of publication of this ordinance;<\/span><\/li>\n<li><span style=\"color: #000000; font-size: 17px;\">the activities referred to in point a) are carried out in compliance with the Guidelines attached to this ordinance;<\/span><\/li>\n<\/ol>\n<\/li>\n<li><span style=\"color: #000000; font-size: 17px;\">The social, economic and institutional activities operate by adopting all the general safety measures relating to personal and environmental hygiene and physical distancing, as well as the following specific measures to protect and contain the contagion:<\/span>\n<ol>\n<li><span style=\"color: #000000; font-size: 17px;\">measures defined, for each type of activity, in the Guidelines for reopening attached to this ordinance;<\/span><\/li>\n<li><span style=\"color: #000000; font-size: 17px;\">measures contained in the &quot;Shared protocol for regulating measures to combat and contain the spread of the COVID-19 virus in the workplace&quot; signed on 14 March 2020 between the Government and the social partners, subsequently integrated on 24 April 2020.<\/span><\/li>\n<li><span style=\"color: #000000; font-size: 17px;\">national sanitation guidelines.<\/span><\/li>\n<\/ol>\n<\/li>\n<\/ol>\n<p style=\"text-align: justify;\"><span style=\"color: #000000; font-size: 17px;\">This ordinance is published in the Official Bulletin of the Lazio Region and on the institutional website of the regional administration. The publication has the value of individual notification, for all legal purposes.<\/span><\/p>\n<p style=\"text-align: justify;\"><span style=\"color: #000000; font-size: 17px;\">The effectiveness of this ordinance starts from the date of publication.<\/span><\/p>\n<p style=\"text-align: justify;\"><span style=\"color: #000000; font-size: 17px;\">This ordinance, for compliance with the law, is transmitted to the President of the Council of Ministers, the Minister of Health, the Minister for Economic Development and the Prefects with a request for transmission to the Mayors of the Municipalities of Lazio.<\/span><\/p>\n<p><a href=\"https:\/\/www.fedaiisf.it\/wp-content\/uploads\/2020\/07\/Regione-Lazio-firma-att.-ISF.jpeg\"><img loading=\"lazy\" decoding=\"async\" class=\"alignnone size-full wp-image-51869\" src=\"https:\/\/www.fedaiisf.it\/wp-content\/uploads\/2020\/07\/Regione-Lazio-firma-att.-ISF.jpeg\" alt=\"\" width=\"939\" height=\"327\" srcset=\"https:\/\/www.fedaiisf.it\/wp-content\/uploads\/2020\/07\/Regione-Lazio-firma-att.-ISF.jpeg 939w, https:\/\/www.fedaiisf.it\/wp-content\/uploads\/2020\/07\/Regione-Lazio-firma-att.-ISF-300x104.jpeg 300w, https:\/\/www.fedaiisf.it\/wp-content\/uploads\/2020\/07\/Regione-Lazio-firma-att.-ISF-768x267.jpeg 768w\" sizes=\"auto, (max-width: 939px) 100vw, 939px\" \/><\/a><\/p>\n<p>&nbsp;<\/p>\n<p><span style=\"color: #000000; font-size: 18px; font-family: arial, helvetica, sans-serif;\">DATASHEET<\/span><\/p>\n<p><strong><span style=\"color: #000000; font-size: 18px; font-family: arial, helvetica, sans-serif;\">SCIENTIFIC REPRESENTATIVES OF THE DRUG<\/span><\/strong><\/p>\n<p style=\"text-align: justify;\"><span style=\"color: #000000; font-size: 18px; font-family: arial, helvetica, sans-serif;\">For all informants, the provisions\/protocols of the structure\/company where they go for their activity apply.<\/span><\/p>\n<p style=\"text-align: justify;\"><span style=\"color: #000000; font-size: 18px; font-family: arial, helvetica, sans-serif;\">The professional informer will always have to provide for <strong>adequate hand hygiene<\/strong> and the use of <strong>airway protection mask.<\/strong><\/span><\/p>\n<p style=\"text-align: justify;\"><span style=\"color: #000000; font-size: 18px; font-family: arial, helvetica, sans-serif;\">Promote the exchange of air in the internal environments at the end of the meeting.<\/span><\/p>\n<p style=\"text-align: justify;\"><span style=\"color: #000000; font-size: 18px; font-family: arial, helvetica, sans-serif;\">Remote activities and remote contacts must be privileged.<\/span><\/p>\n<p style=\"text-align: justify;\"><span style=\"color: #000000; font-size: 18px; font-family: arial, helvetica, sans-serif;\">Any personal activity must always take place in advance <strong>pre-arranged appointment<\/strong>, identifying specific times to avoid, where possible, intersections with other users or patients even in waiting areas.<\/span><\/p>\n<p style=\"text-align: justify;\"><span style=\"color: #000000; font-size: 18px; font-family: arial, helvetica, sans-serif;\">It must always be respected <strong>interpersonal distance<\/strong> between informant and healthcare professional.<\/span><\/p>\n<p style=\"text-align: justify;\"><span style=\"color: #000000; font-size: 18px; font-family: arial, helvetica, sans-serif;\"><strong>Avoid the promiscuous use of objects<\/strong> in information activity.<\/span><\/p>\n<p>&nbsp;<\/p>\n<div class=\"page\" title=\"Page 1\">\n<div class=\"layoutArea\">\n<div class=\"column\">\n<h3><a href=\"http:\/\/www.regione.lazio.it\/rl\/coronavirus\/wp-content\/uploads\/sites\/72\/Ordinanza-Presidente-Z00050-02-07-2020.pdf\" target=\"_blank\" rel=\"noopener noreferrer\">Ordinance of the President of the Lazio Region 2 July 2020, n. Z00050<\/a><\/h3>\n<\/div>\n<\/div>\n<\/div>\n<p>&nbsp;<\/p>","protected":false},"excerpt":{"rendered":"<p>ORDINA ai sensi dell\u2019art. 32, comma 3, della legge 23 dicembre 1978, n. 833 in materia di igiene e sanit\u00e0 pubblica, Fermo restando le attivit\u00e0 sociali, economico produttive e istituzionali gi\u00e0 autorizzate con precedenti provvedimenti, sono consentite le seguenti ulteriori attivit\u00e0: a decorrere dalla data di pubblicazione della presente ordinanza sono consentiti gli sport di &hellip;<\/p>","protected":false},"author":4,"featured_media":51870,"comment_status":"closed","ping_status":"closed","sticky":false,"template":"","format":"standard","meta":{"footnotes":""},"categories":[1],"tags":[],"class_list":["post-51868","post","type-post","status-publish","format-standard","has-post-thumbnail","hentry","category-notizie"],"amp_enabled":true,"_links":{"self":[{"href":"https:\/\/www.fedaiisf.it\/en\/wp-json\/wp\/v2\/posts\/51868","targetHints":{"allow":["GET"]}}],"collection":[{"href":"https:\/\/www.fedaiisf.it\/en\/wp-json\/wp\/v2\/posts"}],"about":[{"href":"https:\/\/www.fedaiisf.it\/en\/wp-json\/wp\/v2\/types\/post"}],"author":[{"embeddable":true,"href":"https:\/\/www.fedaiisf.it\/en\/wp-json\/wp\/v2\/users\/4"}],"replies":[{"embeddable":true,"href":"https:\/\/www.fedaiisf.it\/en\/wp-json\/wp\/v2\/comments?post=51868"}],"version-history":[{"count":0,"href":"https:\/\/www.fedaiisf.it\/en\/wp-json\/wp\/v2\/posts\/51868\/revisions"}],"wp:featuredmedia":[{"embeddable":true,"href":"https:\/\/www.fedaiisf.it\/en\/wp-json\/wp\/v2\/media\/51870"}],"wp:attachment":[{"href":"https:\/\/www.fedaiisf.it\/en\/wp-json\/wp\/v2\/media?parent=51868"}],"wp:term":[{"taxonomy":"category","embeddable":true,"href":"https:\/\/www.fedaiisf.it\/en\/wp-json\/wp\/v2\/categories?post=51868"},{"taxonomy":"post_tag","embeddable":true,"href":"https:\/\/www.fedaiisf.it\/en\/wp-json\/wp\/v2\/tags?post=51868"}],"curies":[{"name":"wp","href":"https:\/\/api.w.org\/{rel}","templated":true}]}}