{"id":51918,"date":"2020-07-07T17:04:02","date_gmt":"2020-07-07T15:04:02","guid":{"rendered":"https:\/\/www.fedaiisf.it\/?p=51918"},"modified":"2020-07-09T11:14:20","modified_gmt":"2020-07-09T09:14:20","slug":"gsk-siena-firmato-laccordo-sui-61-esuberi","status":"publish","type":"post","link":"https:\/\/www.fedaiisf.it\/en\/gsk-siena-firmato-laccordo-sui-61-esuberi\/","title":{"rendered":"GSK Siena. Firmato l&#8217;accordo sui 61 esuberi"},"content":{"rendered":"<h1 class=\"title\">Gsk, firmato l\u2019accordo che evita gli esuberi<\/h1>\n<div class=\"premium-heading-bottom\">\n<div class=\"premium-abstract\">\n<h2 class=\"subtitle\">Raggiunta l\u2019intesa dopo oltre quattro mesi di trattativa: i 61 lavoratori potranno aderire a pre-pensionamenti, part-time e incentivi all\u2019esodo .<\/h2>\n<p class=\"subtitle\"><span style=\"font-size: 17px;\">Quattro mesi e mezzo di trattativa serrata, ma alla fine le organizzazioni sindacali e Gsk Vaccines ieri hanno trovato l\u2019intesa sui 61 lavoratori in esubero previsti dal piano di riorganizzazione. La riunione al tavolo regionale si \u00e8 conclusa con una nota congiunta nella quale le parti si impegnano a &#8220;valutare insieme le diverse opzioni applicabili nel rispetto delle persone e delle normative vigenti&#8221;<\/span><\/p>\n<p><a href=\"https:\/\/www.quinewsvaldelsa.it\/sovicille-gsk-raggiunto-accordo-esuberi-vaccini-economia-sindacati.htm\" target=\"_blank\" rel=\"noopener noreferrer\">Qui News Val d&#8217;elsa &#8211; 7 luglio 2020<\/a><\/p>\n<\/div>\n<\/div>\n<p>Ieri \u00e8 stato firmato l&#8217;accordo sindacale fra GSK e i sindacati con il patrocinio delle Regione Toscana sul <a href=\"https:\/\/www.fedaiisf.it\/wp-content\/uploads\/2020\/07\/GSK-Siena-protesta.jpg\"><img loading=\"lazy\" decoding=\"async\" class=\"wp-image-51921 alignright\" src=\"https:\/\/www.fedaiisf.it\/wp-content\/uploads\/2020\/07\/GSK-Siena-protesta.jpg\" alt=\"\" width=\"352\" height=\"264\" srcset=\"https:\/\/www.fedaiisf.it\/wp-content\/uploads\/2020\/07\/GSK-Siena-protesta.jpg 800w, https:\/\/www.fedaiisf.it\/wp-content\/uploads\/2020\/07\/GSK-Siena-protesta-300x225.jpg 300w, https:\/\/www.fedaiisf.it\/wp-content\/uploads\/2020\/07\/GSK-Siena-protesta-768x576.jpg 768w\" sizes=\"auto, (max-width: 352px) 100vw, 352px\" \/><\/a>licenziamento di 61 dipendenti degli stabilimenti di Siena e Rosia.<\/p>\n<div tabindex=\"110\">\n<p>L\u2019obiettivo del confronto \u00e8 stato quello di valutare le diverse opzioni applicabili nel rispetto delle persone e delle normative vigenti. La trattativa, si \u00e8 conclusa con la stesura di un testo condiviso tra azienda e delegazione sindacale.<\/p>\n<p>Con l\u2019accordo raggiunto si sono definiti gli strumenti, quali pre-pensionamenti, part-time e incentivi all&#8217;esodo, a cui i lavoratori potranno richiedere di aderire, per poi valutare ogni possibilit\u00e0 di ricollocazione interna, laddove sostenibile.<\/p>\n<p>La Regione Toscana si \u00e8 inoltre impegnata a verificare la possibilit\u00e0 di ricollocare in altre aziende del territorio senese e toscano quei lavoratori che non dovessero trovare una soluzione attraverso gli strumenti sopra indicati. Gsk contribuir\u00e0 con un incentivo all&#8217;assunzione corrisposto alle aziende che si renderanno disponibili.<\/p>\n<p>L&#8217;Ente \u00e8 intervenuto direttamente per tutelare le persone e le famiglie dei lavoratori costretti a lasciare il posto di lavoro in anticipo, inoltre il dialogo tra le parti proseguir\u00e0 nei prossimi mesi con l\u2019obiettivo comune di tutelare le persone e le attivit\u00e0 dei siti di produzione per il futuro.<\/p>\n<p>Lo stabilimento Gsk di Rosia \u00e8 uno dei maggiori centri produttivi della multinazionale farmaceutica famosa per i vaccini ed \u00e8 uno dei pi\u00f9 all&#8217;avanguardia. La propriet\u00e0 ha in progetto di rendere pi\u00f9 flessibile la produzione ha quindi iniziato a ridurre il personale cercando di privilegiare le competenze pi\u00f9 dinamiche.<\/p>\n<p>L&#8217;accordo firmato ieri ha risolto una situazione di disagio che va ad aggiungersi alle molte criticit\u00e0 economiche legate alla crisi economica in corso, che ha colpito altri settori produttivi.<\/p>\n<p>Il ruolo della <strong>Region <\/strong>e dell\u2019agenzia regionale all\u2019impiego \u00e8 stato cruciale. Alla riunione di luned\u00ec scorso erano presenti il responsabile della segreteria del presidente <strong>Enrico Rossi<\/strong>, <strong>Paolo Tedeschi<\/strong>, e il capo di gabinetto del presidente, <strong>Ledo Gori<\/strong>. Venerd\u00ec c\u2019erano alcuni responsabili dell\u2019agenzia regionale per l\u2019impiego, che erano presenti in Gsk anche luned\u00ec, quando Gori si \u00e8 collegato per via telematica.\u00a0Gi\u00e0 l\u2019incontro di venerd\u00ec aveva posto le basi per arrivare a questa \u201cstretta di mano\u201d. Il week end non ha poi riservato sorprese, cos\u00ec l\u2019accordo \u00e8 stato trovato con le firme dell\u2019azienda, dei sindacati e dell\u2019agenzia regionale per l\u2019impiego.<\/p>\n<\/div>\n<p>Il piano di riorganizzazione coinvolge i due stabilimenti toscani Gsk (a Siena e a Rosia-Sovicille) dove lavorano circa 2.200 persone. I\u00a061 esuberi riguardavano 41 dipendenti nell&#8217;area ricerca e 20 nel settore produttivo.<\/p>\n<p>Related news: \u00a0<a href=\"http:\/\/www.padovanews.it\/2020\/07\/08\/farmaceutica-gsk-investe-16-mln-in-innovazione-a-siena-nasce-smart-lab\/\" target=\"_blank\" rel=\"noopener noreferrer\">Farmaceutica: Gsk investe 16 mln in innovazione, a Siena nasce Smart Lab<\/a><\/p>\n<hr \/>\n<h2 style=\"text-align: center;\">Comunicato stampa congiunto:<\/h2>\n<p style=\"text-align: justify;\"><span style=\"font-size: 18px; font-family: arial, helvetica, sans-serif;\">\u201cGsk Vaccines, le organizzazioni sindacali territoriali di Filctem Cgil, Femca Cisl, Uiltec Uil e la rsu di Gsk Vaccines esprimono soddisfazione per l\u2019intesa raggiunta relativamente alla procedura collettiva avviata lo scorso 20 febbraio per 61 lavoratori. L\u2019obiettivo\u00a0 del confronto \u00e8 stato quello di valutare insieme le diverse opzioni applicabili nel rispetto delle persone e delle normative vigenti. <\/span><\/p>\n<p style=\"text-align: justify;\"><span style=\"font-size: 18px; font-family: arial, helvetica, sans-serif;\">La trattativa, che nell\u2019ultimo mese ha beneficiato dell\u2019intermediazione dei tecnici regionali, si \u00e8 conclusa con la stesura di un testo condiviso tra azienda e delegazione sindacale\u00a0 con il patrocinio della Regione Toscana.<\/span><\/p>\n<p style=\"text-align: justify;\"><span style=\"font-size: 18px; font-family: arial, helvetica, sans-serif;\">Con l\u2019accordo raggiunto si sono definiti gli strumenti, quali pre-pensionamenti, part-time e incentivi all\u2019esodo, a cui i lavoratori potranno richiedere di aderire previa valutazione dell\u2019azienda per poi valutare ogni possibilit\u00e0 di ricollocazione interna, laddove organizzativamente sostenibile. <\/span><\/p>\n<p style=\"text-align: justify;\"><span style=\"font-size: 18px; font-family: arial, helvetica, sans-serif;\">La Regione Toscana si \u00e8 inoltre impegnata a verificare la possibilit\u00e0 di ricollocare in altre aziende del territorio senese e toscano quei lavoratori che non dovessero trovare una soluzione attraverso gli strumenti sopra indicati. <\/span><\/p>\n<p style=\"text-align: justify;\"><span style=\"font-size: 18px; font-family: arial, helvetica, sans-serif;\">Gsk contribuir\u00e0 con un incentivo all\u2019assunzione corrisposto alle aziende che si renderanno disponibili. <\/span><\/p>\n<p style=\"text-align: justify;\"><span style=\"font-size: 18px; font-family: arial, helvetica, sans-serif;\">Il dialogo aperto e costruttivo tra le parti proseguir\u00e0 nei prossimi mesi con l\u2019obiettivo comune di tutelare le persone e le attivit\u00e0 dei siti di Siena e Rosia per il futuro\u201d.<\/span><\/p>\n<hr \/>\n<div class=\"container2 mt\">\n<div class=\"row\">\n<div class=\"col\"><\/div>\n<\/div>\n<\/div>\n<p><a href=\"https:\/\/www.fedaiisf.it\/wp-content\/uploads\/2020\/07\/GSK.-firmatari-accordo-Siena-Rosia.jpg\"><img loading=\"lazy\" decoding=\"async\" class=\"size-full wp-image-51926 aligncenter\" src=\"https:\/\/www.fedaiisf.it\/wp-content\/uploads\/2020\/07\/GSK.-firmatari-accordo-Siena-Rosia.jpg\" alt=\"\" width=\"550\" height=\"550\" srcset=\"https:\/\/www.fedaiisf.it\/wp-content\/uploads\/2020\/07\/GSK.-firmatari-accordo-Siena-Rosia.jpg 550w, https:\/\/www.fedaiisf.it\/wp-content\/uploads\/2020\/07\/GSK.-firmatari-accordo-Siena-Rosia-300x300.jpg 300w, https:\/\/www.fedaiisf.it\/wp-content\/uploads\/2020\/07\/GSK.-firmatari-accordo-Siena-Rosia-150x150.jpg 150w, https:\/\/www.fedaiisf.it\/wp-content\/uploads\/2020\/07\/GSK.-firmatari-accordo-Siena-Rosia-36x36.jpg 36w\" sizes=\"auto, (max-width: 550px) 100vw, 550px\" \/><\/a><\/p>\n<p style=\"text-align: center;\">I partecipanti alla firma dell&#8217;accordo<\/p>","protected":false},"excerpt":{"rendered":"<p>Gsk, firmato l\u2019accordo che evita gli esuberi Raggiunta l\u2019intesa dopo oltre quattro mesi di trattativa: i 61 lavoratori potranno aderire a pre-pensionamenti, part-time e incentivi all\u2019esodo . Quattro mesi e mezzo di trattativa serrata, ma alla fine le organizzazioni sindacali e Gsk Vaccines ieri hanno trovato l\u2019intesa sui 61 lavoratori in esubero previsti dal piano &hellip;<\/p>","protected":false},"author":4,"featured_media":51923,"comment_status":"closed","ping_status":"closed","sticky":false,"template":"","format":"standard","meta":{"footnotes":""},"categories":[1],"tags":[],"class_list":["post-51918","post","type-post","status-publish","format-standard","has-post-thumbnail","hentry","category-notizie"],"amp_enabled":true,"_links":{"self":[{"href":"https:\/\/www.fedaiisf.it\/en\/wp-json\/wp\/v2\/posts\/51918","targetHints":{"allow":["GET"]}}],"collection":[{"href":"https:\/\/www.fedaiisf.it\/en\/wp-json\/wp\/v2\/posts"}],"about":[{"href":"https:\/\/www.fedaiisf.it\/en\/wp-json\/wp\/v2\/types\/post"}],"author":[{"embeddable":true,"href":"https:\/\/www.fedaiisf.it\/en\/wp-json\/wp\/v2\/users\/4"}],"replies":[{"embeddable":true,"href":"https:\/\/www.fedaiisf.it\/en\/wp-json\/wp\/v2\/comments?post=51918"}],"version-history":[{"count":0,"href":"https:\/\/www.fedaiisf.it\/en\/wp-json\/wp\/v2\/posts\/51918\/revisions"}],"wp:featuredmedia":[{"embeddable":true,"href":"https:\/\/www.fedaiisf.it\/en\/wp-json\/wp\/v2\/media\/51923"}],"wp:attachment":[{"href":"https:\/\/www.fedaiisf.it\/en\/wp-json\/wp\/v2\/media?parent=51918"}],"wp:term":[{"taxonomy":"category","embeddable":true,"href":"https:\/\/www.fedaiisf.it\/en\/wp-json\/wp\/v2\/categories?post=51918"},{"taxonomy":"post_tag","embeddable":true,"href":"https:\/\/www.fedaiisf.it\/en\/wp-json\/wp\/v2\/tags?post=51918"}],"curies":[{"name":"wp","href":"https:\/\/api.w.org\/{rel}","templated":true}]}}