{"id":51999,"date":"2020-07-10T12:40:42","date_gmt":"2020-07-10T10:40:42","guid":{"rendered":"https:\/\/www.fedaiisf.it\/?p=51999"},"modified":"2020-07-10T18:40:15","modified_gmt":"2020-07-10T16:40:15","slug":"scaccabarozzi-rieletto-alla-presidenza-di-farmindustria-per-il-biennio-2020-2022","status":"publish","type":"post","link":"https:\/\/www.fedaiisf.it\/en\/scaccabarozzi-rieletto-alla-presidenza-di-farmindustria-per-il-biennio-2020-2022\/","title":{"rendered":"Scaccabarozzi re-elected to the presidency of Farmindustria for the two-year period 2020-2022"},"content":{"rendered":"<p><strong>Roma, 8 luglio 2020<\/strong><\/p>\n<p><a href=\"https:\/\/www.farmindustria.it\/app\/uploads\/2020\/07\/comunicato-nuovo-CdP.docx\" target=\"_blank\" rel=\"noopener noreferrer\"><strong>\u00a0<\/strong><strong>Press release<\/strong><\/a><\/p>\n<p>L\u2019Assemblea privata di Farmindustria, che si \u00e8 riunita oggi, ha nominato il nuovo Comitato di Presidenza per il biennio 2020-2022 e confermato Massimo Scaccabarozzi alla guida dell\u2019Associazione.<\/p>\n<p>Scaccabarozzi &#8211; di Janssen Italia, milanese, laureato in Farmacia &#8211; \u00e8 componente della Giunta e invitato permanente del Consiglio Direttivo di Confindustria.<\/p>\n<p><a href=\"https:\/\/www.fedaiisf.it\/wp-content\/uploads\/2020\/07\/Scaccabarozzi-Presidente-Farmindustria.jpg\"><img loading=\"lazy\" decoding=\"async\" class=\"size-full wp-image-52001 alignright\" src=\"https:\/\/www.fedaiisf.it\/wp-content\/uploads\/2020\/07\/Scaccabarozzi-Presidente-Farmindustria.jpg\" alt=\"\" width=\"352\" height=\"198\" srcset=\"https:\/\/www.fedaiisf.it\/wp-content\/uploads\/2020\/07\/Scaccabarozzi-Presidente-Farmindustria.jpg 352w, https:\/\/www.fedaiisf.it\/wp-content\/uploads\/2020\/07\/Scaccabarozzi-Presidente-Farmindustria-300x169.jpg 300w\" sizes=\"auto, (max-width: 352px) 100vw, 352px\" \/><\/a>Il Comitato di Presidenza \u00e8 composto da cinque Vice-Presidenti:<\/p>\n<ul>\n<li>Alberto Chiesi (Chiesi Farmaceutici)<\/li>\n<li>Maurizio de Cicco (Roche)<\/li>\n<li>Pasquale Frega (Novartis Farma)<\/li>\n<li>Stefano Golinelli (Alfasigma)<\/li>\n<li>Luciano Grottola (Ecupharma)<\/li>\n<\/ul>\n<p>The Presidential Committee also includes:<\/p>\n<ul>\n<li>Lucia Aleotti (Menarini)<\/li>\n<li>Francesco De Santis (Italfarmaco)<\/li>\n<li>Fabrizio Greco (AbbVie)<\/li>\n<li>Fabio Landazabal (GlaxoSmithKline)<\/li>\n<li>Pierluigi Petrone (Euromed)<\/li>\n<li>Lorenzo Wittum (Astrazeneca)<\/li>\n<\/ul>\n<hr \/>\n<h1 class=\"entry-title\">Farmindustria, sfide e opportunit\u00e0 secondo i nuovi vertici del pharma<\/h1>\n<p><a href=\"https:\/\/formiche.net\/2020\/07\/farmindustria-vertici-pharma\/\" target=\"_blank\" rel=\"noopener noreferrer\"><em>ants<\/em> &#8211; 9 luglio 2020 di Alessandra Micelli<\/a><\/p>\n<p>Confermato Massimo Scaccabarozzi alla presidenza di Farmindustria per il biennio 2020-2022. Nominato anche il comitato di presidenza, che vanta alcuni dei pi\u00f9 esperti manager della farmaceutica nazionale e internazionale. Fra le priorit\u00e0 del comitato, rilancio della competitivit\u00e0 nazionale, pi\u00f9 dialogo con le istituzioni e tutela dei traguardi raggiunti: dal 2018 l&#8217;Italia \u00e8 il primo produttore di farmaci in Europa<\/p>\n<div class=\"entry-content\">\n<div id=\"entry-content-wrapper\">\n<div id=\"ec-content\">\n<p>Resta Massimo Scaccabarozzi alla guida di Farmindustria. In occasione dell\u2019Assemblea privata dell\u2019Associazione delle imprese del farmaco \u00e8 stato difatti reso noto il nuovo comitato di presidenza, confermando ancora una volta l\u2019ad di Janssen Italia al vertice dell\u2019associazione, che presiede dal 2011. Scaccabarozzi era stato inoltre recentemente nominato presidente della sezione \u201cFarmaceutica e biomedicali\u201d di Unindustria, l\u2019unione degli industriali e delle imprese di Roma, Frosinone, Latina, Rieti e Viterbo.<\/p>\n<p><strong><a href=\"https:\/\/www.fedaiisf.it\/wp-content\/uploads\/2019\/02\/alberto-chiesi-parma.jpg\"><img loading=\"lazy\" decoding=\"async\" class=\"wp-image-40769 alignleft\" src=\"https:\/\/www.fedaiisf.it\/wp-content\/uploads\/2019\/02\/alberto-chiesi-parma.jpg\" alt=\"\" width=\"351\" height=\"234\" srcset=\"https:\/\/www.fedaiisf.it\/wp-content\/uploads\/2019\/02\/alberto-chiesi-parma.jpg 510w, https:\/\/www.fedaiisf.it\/wp-content\/uploads\/2019\/02\/alberto-chiesi-parma-300x200.jpg 300w, https:\/\/www.fedaiisf.it\/wp-content\/uploads\/2019\/02\/alberto-chiesi-parma-274x183.jpg 274w, https:\/\/www.fedaiisf.it\/wp-content\/uploads\/2019\/02\/alberto-chiesi-parma-80x54.jpg 80w, https:\/\/www.fedaiisf.it\/wp-content\/uploads\/2019\/02\/alberto-chiesi-parma-130x87.jpg 130w, https:\/\/www.fedaiisf.it\/wp-content\/uploads\/2019\/02\/alberto-chiesi-parma-359x240.jpg 359w, https:\/\/www.fedaiisf.it\/wp-content\/uploads\/2019\/02\/alberto-chiesi-parma-85x57.jpg 85w, https:\/\/www.fedaiisf.it\/wp-content\/uploads\/2019\/02\/alberto-chiesi-parma-546x365.jpg 546w, https:\/\/www.fedaiisf.it\/wp-content\/uploads\/2019\/02\/alberto-chiesi-parma-165x109.jpg 165w, https:\/\/www.fedaiisf.it\/wp-content\/uploads\/2019\/02\/alberto-chiesi-parma-112x75.jpg 112w, https:\/\/www.fedaiisf.it\/wp-content\/uploads\/2019\/02\/alberto-chiesi-parma-179x120.jpg 179w, https:\/\/www.fedaiisf.it\/wp-content\/uploads\/2019\/02\/alberto-chiesi-parma-170x113.jpg 170w, https:\/\/www.fedaiisf.it\/wp-content\/uploads\/2019\/02\/alberto-chiesi-parma-81x55.jpg 81w, https:\/\/www.fedaiisf.it\/wp-content\/uploads\/2019\/02\/alberto-chiesi-parma-765x510.jpg 765w\" sizes=\"auto, (max-width: 351px) 100vw, 351px\" \/><\/a>IL COMITATO<\/strong><\/p>\n<p>Tra i vice presidenti, Alberto Chiesi della Chiesi Farmaceutici, Maurizio de Cicco di Roche, Pasquale Frega di Novartis Farma, Stefano Golinelli di Alfasigma e Luciano Grottola di Ecupharma. Fanno parte del comitato di presidenza, inoltre, Lucia Aleotti di Menarini, Francesco De Santis di Italfarmaco, Fabrizio Greco di AbbVie, Fabio Landazabal di GSK, Pierluigi Petrone di Euromed e, infine, Lorenzo Wittum di Astrazeneca.<\/p>\n<p><strong>IL SETTORE ALLA PROVA DEL COVID<\/strong><\/p>\n<p>Una squadra che racchiude alcune delle pi\u00f9 importanti realt\u00e0 del settore, messo ovviamente a dura prova per l\u2019emergenza Covid. Senza per\u00f2 fermarsi o di rallentare. Nel corso della pandemia, infatti, fatte salve ragioni di sicurezza, non sono state interrotte le cure alle oltre 26 milioni di persone che necessitano di terapie costanti. Il settore, anzi, \u00e8 rimasto pienamente operativo e ha messo a disposizione della Croce Rossa e dei presidi ospedalieri le proprie risorse per aiutare nell\u2019emergenza, convertendo intere aree di produzione e distribuendo gratuitamente farmaci, dispositivi per la protezione personale e gel igienizzanti, di cui vi era forte carenza.<\/p>\n<p><strong>\u201cITALIA HUB INTERNAZIONALE DELLA FARMACEUTICA\u201d<\/strong><\/p>\n<p>Il primato nazionale, per\u00f2, non ha meravigliato il presidente di Farmindustria che, come ha dichiarato al Sole 24 Ore, ritiene \u201cIl fatto che centinaia di milioni di dosi di due tra i vaccini pi\u00f9 promettenti per combattere il Covid saranno prodotte vicino Roma \u00e8 l\u2019ennesima dimostrazione che l\u2019Italia \u00e8 tra i pi\u00f9 importanti hub internazionali della manifattura farmaceutica\u201d. Sarebbe auspicabile \u2013 ha per\u00f2 sottolineato <strong>Massimo Scaccabarozzi<\/strong> \u2013 investire i fondi Ue nella sanit\u00e0\u201d. \u201cAd esempio \u2013 ha precisato \u2013 si potrebbero utilizzare parte dei fondi del Mes per rilanciare la ricerca anche attraverso partnership tra pubblico e privato\u201d.<\/p>\n<p><strong>PIU SFIDE, PI\u00d9 ENERGIA<\/strong><\/p>\n<p>Nel comitato, anche <strong>Pasquale Frega<\/strong>, che con oltre 25 anni di esperienza nel settore farmaceutico in Italia \u00e8 oggi presidente di Novartis Italia e amministratore delegato di Novartis Farma ed \u00e8 stato selezionato per guidare il Gef, il gruppo delle aziende farmaceutiche a capitale europeo e nipponico all\u2019interno di Farmindustria. \u201cCi aspettano sfide epocali e appuntamenti importanti che mai avremmo immaginato di dover affrontare. Oggi servono le migliori energie e le pi\u00f9 alte competenze per sostenere il rilancio della competitivit\u00e0 dell\u2019Italia, la sua capacit\u00e0 di investire e di generare innovazione, e per rispondere alla necessit\u00e0 di riorganizzare il sistema salute per tutti i cittadini\u201d.<\/p>\n<p><strong>\u201cLAVORIAMO PER IL RILANCIO ECONOMICO E INDUSTRIALE DEL PAESE\u201d<\/strong><\/p>\n<p>L\u2019intera comunit\u00e0 \u2013 ha\u00a0aggiunto Frega \u2013 \u00e8 scossa dall\u2019impatto della pandemia da Covid-19 e noi metteremo, collettivamente, ancora pi\u00f9 energie e impegno per affermare un nuovo clima di fiducia e di dialogo con le istituzioni, i cittadini e i pazienti, alla ricerca di soluzioni condivise\u201d. \u201cAssumo con gratitudine, orgoglio e senso di responsabilit\u00e0 \u2013 ha concluso Frega \u2013 il ruolo che questa compagine mi ha affidato nel continuare a lavorare per il comparto e per il rilancio economico e industriale del nostro Paese\u201d.<\/p>\n<p><strong>\u201cGLI INVESTIMENTI SANITARI TRAINANO LA RIPRESA\u201d<\/strong><\/p>\n<p>Ma potrebbe essere proprio il farmaceutico a trainare la ripresa dell\u2019Italia, come sostenuto da <strong>Lucia Aleotti<\/strong>, che da sempre tiene a sottolineare il ruolo fondamentale che il comparto pu\u00f2 ricoprire nel nostro Paese, ancor pi\u00f9 dopo l\u2019emergenza Covid. \u201cGli investimenti in sanit\u00e0, soprattutto in farmaceutica, hanno un effetto trainante straordinario su altri settori, in maniera diretta, indiretta, sull\u2019indotto e sull\u2019attrattivit\u00e0 di ulteriori investimenti. E non \u00e8 una cosa che possiamo trascurare\u201d, <a href=\"https:\/\/formiche.net\/2020\/07\/pharma-ripresa-aleotti-menarini\/\" target=\"_blank\" rel=\"noopener\">ha riferito a Formiche in una recentissima intervista<\/a>. \u201cUn investimento in sanit\u00e0 \u2013 ha aggiunto \u2013 si traduce in un volano per la ricerca, per la produzione e per l\u2019occupazione nel settore della produzione sia farmaceutica che dei macchinari, che a sua volta si porta dietro ingegneri, periti chimici e laureati in medicina e in chimica e tecnologia farmaceutiche, che quindi a loro volta trainano il settore universitario\u201d.<\/p>\n<p><strong>IL PRIMATO MADE IN ITALY<\/strong><\/p>\n<p>\u201cNegli ultimi anni \u2013 ha concluso la Aleotti, facendo riferimento all\u2019attrattivit\u00e0 del Paese spesso sottovalutata \u2013 l\u2019Italia ha attirato moltissimi investimenti e nel 2018 siamo stati il primo produttore europeo di farmaci. Nel 2019 la Germania \u00e8 tornata all\u2019inseguimento e siamo in un testa a testa per il primato della produzione europea, e questo \u00e8 dovuto proprio alla quantit\u00e0 di investimenti importanti che le aziende hanno fatto\u201d.<\/p>\n<p><strong>\u201cPI\u00d9 COLLABORAZIONE E DIALOGO CON LE ISTITUZIONI\u201d<\/strong><\/p>\n<p>Di primaria importanza, secondo <strong>Maurice de Cicco<\/strong>, saranno per\u00f2 collaborazione e dialogo con le istituzioni. \u201cIl nuovo contesto \u2013 ha detto a formiche il vice presidente di Farmindustria \u2013 ci deve vedere collaborare e dialogare con le istituzioni in maniera diversa rispetto al passato. Il Paese ha bisogno di decisioni prese con coraggio e senso di partecipazione. Se vogliamo diventare veri partner abbiamo bisogno di ascoltare e cercare di essere ascoltati a nostra volta\u201d<\/p>\n<p><strong>PRIORIT\u00c0: INNOVAZIONE E RICERCA<\/strong><\/p>\n<p>Sul podio delle priorit\u00e0 rientrano innovazione e ricerca, che secondo il presidente e ad di Roche \u201cpossono rappresentare un volano di crescita per il Paese\u201d. Ma, ha precisato, \u201cbisogna lavorare insieme affinch\u00e9 le opportunit\u00e0 diventino realt\u00e0. Il tutto senza condizionamenti ideologici o barriere\u201d. \u201cBisogna lavorare insieme \u2013 ha concluso de Cicco \u2013 perch\u00e9 il Paese ha bisogno del nostro impegno singolo e di tutto il settore. Ognuno di noi pu\u00f2 fare la differenza, come abbiamo dimostrato e stiamo dimostrando ogni giorno. Personalmente credo che con l\u2019esperienza e con la fiducia di tanti colleghi riusciremo a portare al tavolo delle decisioni le proposte migliori e di reciproco interesse\u201d.<\/p>\n<p><strong>GSK, NUOVO CENTRO RICERCA PER I VACCINI<\/strong><\/p>\n<p>A confermare le grandi potenzialit\u00e0 del Paese, non solo quanto sta avvenendo a Pomezia, dove la IRBM sta partecipando alla sperimentazione per il vaccino per il Covid di AstraZeneca, o ad Anagni, negli stabilimenti di Catalent, dove verr\u00e0 prodotto sia il vaccino dell\u2019azienda svizzero-britannica, ma anche quello della Johnson &amp; Johnson, ma anche i traguardi in casa GSK, che proprio in questi giorni sta avviando nuovo centro ricerche per i vaccini.<\/p>\n<p><strong>\u201cIL PHARMA PER LA RIPRESA\u201d<\/strong><\/p>\n<p>\u201cLeggo questa coincidenza \u2013 ha commentato <strong>Fabio Landazabal<\/strong>, presidente e amministratore delegato di GSK, nominato nel rinnovato comitato di presidenza di Farmindustria \u2013 come segnale positivo e ulteriore stimolo a lavorare con la squadra per il futuro del nostro settore e del Paese\u201d. \u201cSono onorato \u2013 ha aggiunto \u2013 di poter lavorare con la squadra di esperti per rappresentare il contributo e l\u2019impegno del nostro settore per la tenuta e la ripresa del sistema Paese\u201d.<\/p>\n<\/div>\n<\/div>\n<\/div>\n<p>Related news:\u00a0<a href=\"https:\/\/portale.fnomceo.it\/gli-auguri-della-fnomceo-a-massimo-scaccabarozzi-anelli-si-apre-un-triennio-importante\/\" target=\"_blank\" rel=\"noopener noreferrer\">Gli auguri della FNOMCeO a Massimo Scaccabarozzi. Anelli: \u201cSi apre un triennio importante\u201d<\/a><\/p>\n<p class=\"entry-title\"><a href=\"https:\/\/formiche.net\/2020\/07\/sanita-scaccabarozzi-farmindustria\/\" target=\"_blank\" rel=\"noopener noreferrer\">Sanit\u00e0, tutti gli errori da non rifare. Parla Scaccabarozzi (Farmindustria)<\/a><\/p>\n<div class=\"entry-info\"><\/div>\n<p>&nbsp;<\/p>","protected":false},"excerpt":{"rendered":"<p>Roma, 8 luglio 2020 \u00a0Comunicato Stampa L\u2019Assemblea privata di Farmindustria, che si \u00e8 riunita oggi, ha nominato il nuovo Comitato di Presidenza per il biennio 2020-2022 e confermato Massimo Scaccabarozzi alla guida dell\u2019Associazione. Scaccabarozzi &#8211; di Janssen Italia, milanese, laureato in Farmacia &#8211; \u00e8 componente della Giunta e invitato permanente del Consiglio Direttivo di Confindustria. &hellip;<\/p>","protected":false},"author":4,"featured_media":36455,"comment_status":"closed","ping_status":"closed","sticky":false,"template":"","format":"standard","meta":{"footnotes":""},"categories":[1],"tags":[],"class_list":["post-51999","post","type-post","status-publish","format-standard","has-post-thumbnail","hentry","category-notizie"],"amp_enabled":true,"_links":{"self":[{"href":"https:\/\/www.fedaiisf.it\/en\/wp-json\/wp\/v2\/posts\/51999","targetHints":{"allow":["GET"]}}],"collection":[{"href":"https:\/\/www.fedaiisf.it\/en\/wp-json\/wp\/v2\/posts"}],"about":[{"href":"https:\/\/www.fedaiisf.it\/en\/wp-json\/wp\/v2\/types\/post"}],"author":[{"embeddable":true,"href":"https:\/\/www.fedaiisf.it\/en\/wp-json\/wp\/v2\/users\/4"}],"replies":[{"embeddable":true,"href":"https:\/\/www.fedaiisf.it\/en\/wp-json\/wp\/v2\/comments?post=51999"}],"version-history":[{"count":0,"href":"https:\/\/www.fedaiisf.it\/en\/wp-json\/wp\/v2\/posts\/51999\/revisions"}],"wp:featuredmedia":[{"embeddable":true,"href":"https:\/\/www.fedaiisf.it\/en\/wp-json\/wp\/v2\/media\/36455"}],"wp:attachment":[{"href":"https:\/\/www.fedaiisf.it\/en\/wp-json\/wp\/v2\/media?parent=51999"}],"wp:term":[{"taxonomy":"category","embeddable":true,"href":"https:\/\/www.fedaiisf.it\/en\/wp-json\/wp\/v2\/categories?post=51999"},{"taxonomy":"post_tag","embeddable":true,"href":"https:\/\/www.fedaiisf.it\/en\/wp-json\/wp\/v2\/tags?post=51999"}],"curies":[{"name":"wp","href":"https:\/\/api.w.org\/{rel}","templated":true}]}}