{"id":52008,"date":"2020-07-10T18:05:01","date_gmt":"2020-07-10T16:05:01","guid":{"rendered":"https:\/\/www.fedaiisf.it\/?p=52008"},"modified":"2020-07-10T19:04:48","modified_gmt":"2020-07-10T17:04:48","slug":"conte-proroghera-lo-stato-demergenza-per-covid-fino-a-fine-2020-cosa-significa-e-cosa-comporta","status":"publish","type":"post","link":"https:\/\/www.fedaiisf.it\/en\/conte-proroghera-lo-stato-demergenza-per-covid-fino-a-fine-2020-cosa-significa-e-cosa-comporta\/","title":{"rendered":"Conte will extend the state of emergency for Covid until the end of 2020: what it means and what it entails"},"content":{"rendered":"<p><span style=\"font-size: 18px; color: #000000;\">Il presidente del Consiglio, Giuseppe Conte, \u00e8 pronto a prorogare lo stato d\u2019emergenza deliberato per il Coronavirus fino al 31 dicembre 2020. L\u2019attuale scadenza \u00e8 prevista per la fine di luglio: \u201cRagionevolmente ci sono le condizioni per proseguire lo stato di emergenza\u201d, afferma. Vediamo cosa significherebbe questa proroga e cosa comporterebbe nel concreto.<\/span><\/p>\n<p><a href=\"https:\/\/www.fanpage.it\/politica\/conte-proroghera-lo-stato-demergenza-per-covid-fino-a-fine-2020-cosa-significa-e-cosa-comporta\/\" target=\"_blank\" rel=\"noopener noreferrer\">fanpage &#8211; 10 luglio 2020<\/a><\/p>\n<p>Lo stato d\u2019emergenza causato dall\u2019epidemia di Coronavirus verr\u00e0 prorogato fino al 31 dicembre 2020. La notizia \u00e8 filtrata questa mattina su alcuni giornali e viene confermata, seppur solo in termini di probabilit\u00e0, anche dal <a href=\"https:\/\/www.fedaiisf.it\/wp-content\/uploads\/2019\/11\/Conte-Pres.-Consiglio.jpg\"><img loading=\"lazy\" decoding=\"async\" class=\"wp-image-46775 alignright\" src=\"https:\/\/www.fedaiisf.it\/wp-content\/uploads\/2019\/11\/Conte-Pres.-Consiglio.jpg\" alt=\"\" width=\"363\" height=\"271\" srcset=\"https:\/\/www.fedaiisf.it\/wp-content\/uploads\/2019\/11\/Conte-Pres.-Consiglio.jpg 593w, https:\/\/www.fedaiisf.it\/wp-content\/uploads\/2019\/11\/Conte-Pres.-Consiglio-300x224.jpg 300w\" sizes=\"auto, (max-width: 363px) 100vw, 363px\" \/><\/a>presidente del Consiglio, Giuseppe Conte. Che a Venezia, alla cerimonia del Mose, risponde ai giornalisti sul tema: \u201cRagionevolmente ci sono le condizioni per proseguire lo stato di emergenza per il Coronavirus dopo il 31 luglio\u201d. Il presidente del Consiglio, infatti, sottolinea che lo stato d\u2019emergenza serve \u201cper poter adottare le misure necessarie\u201d, ma non per tenere sotto controllo il virus. Permetterebbe, quindi, di adottare gli strumenti adatti per provare a contenere il Covid. L\u2019eventuale decisione dovr\u00e0 essere presa dal Consiglio dei ministri, ma al momento non c\u2019\u00e8 ancora nessuna certezza: \u201cNon \u00e8 ancora stato deciso tutto, ma ragionevolmente si andr\u00e0 in questa direzione\u201d, afferma Conte dando ormai quasi per certa la proroga. La notizia era stata anticipata questa mattina da Stampa e Messaggero: lo stato d\u2019emergenza, dichiarato a gennaio, \u00e8 in scadenza il 31 luglio.<\/p>\n<p><strong><span style=\"color: #000000;\">Cosa significa la proroga dello stato d\u2019emergenza<\/span><\/strong><\/p>\n<p>Prorogare lo stato d\u2019emergenza, come detto da Conte in poche parole, permette di emanare una serie di norme in maniera pi\u00f9 rapida. In sostanza si possono emanare provvedimenti relativi all\u2019emergenza in deroga alle norme vigenti, il che consentirebbe di farlo nell\u2019immediato. Anche in caso di misure limitanti per la libert\u00e0 individuale, come avvenuto per esempio con il lockdown. La proroga dello stato d\u2019emergenza viene ritenuta importante perch\u00e9 consentirebbe al governo di varare le misure urgenti senza passare per l\u2019approvazione del Parlamento, riducendo cos\u00ec i tempi della loro entrata in vigore ed efficacia.<\/p>\n<p><strong><span style=\"color: #000000;\">Dai dpcm alla seconda ondata: le motivazioni della proroga<\/span><\/strong><\/p>\n<p>Lo stato d\u2019emergenza permetterebbe di proseguire con l\u2019utilizzo dei dpcm, tanto utilizzati durante la fase di massima emergenza, per emanare alcune norme. Non solo, perch\u00e9 a beneficiarne sarebbe anche la Protezione <a href=\"https:\/\/www.fedaiisf.it\/wp-content\/uploads\/2020\/03\/Coronavirus-Italia.jpg\"><img loading=\"lazy\" decoding=\"async\" class=\"wp-image-48775 alignleft\" src=\"https:\/\/www.fedaiisf.it\/wp-content\/uploads\/2020\/03\/Coronavirus-Italia.jpg\" alt=\"\" width=\"333\" height=\"235\" srcset=\"https:\/\/www.fedaiisf.it\/wp-content\/uploads\/2020\/03\/Coronavirus-Italia.jpg 620w, https:\/\/www.fedaiisf.it\/wp-content\/uploads\/2020\/03\/Coronavirus-Italia-300x212.jpg 300w\" sizes=\"auto, (max-width: 333px) 100vw, 333px\" \/><\/a>Civile, che potrebbe continuare ad acquistare le mascherine e altri dispositivi senza ricorrere alle classiche procedure di gare che rallenterebbero i tempi. Inoltre si garantirebbe pi\u00f9 libert\u00e0 di movimento al commissario Domenico Arcuri, anche in vista della fornitura delle mascherine alle scuole con il nuovo anno scolastico.<\/p>\n<p>Non a caso a spingere nella direzione della proroga ci sono anche il Comitato tecnico scientifico e il ministero della Salute. La necessit\u00e0 della proroga, al momento, sembra derivare pi\u00f9 dalla situazione della pandemia a livello globale che dalla diffusione in Italia, dove al momento il virus \u00e8 pi\u00f9 sotto controllo. Non avviene, per\u00f2, altrettanto all\u2019estero e il rischio di casi importati \u00e8 molto elevato.<\/p>\n<p>Cos\u00ec come quello di nuovi focolai e l\u2019ipotesi di avere a disposizione strumenti immediati per eventuali strette, limitazioni e chiusure viene ritenuta fondamentale. Il timore principale, quindi, \u00e8 quello di una seconda ondata in autunno. E se cos\u00ec dovesse essere il governo e Conte vogliono farsi trovare pronti e avere gli strumenti adatti, come i dpcm, per intervenire immediatamente e provare a contenere eventuali nuovi focolai.<\/p>\n<hr \/>\n<p><span style=\"color: #ff0000;\"><strong>Note<\/strong><\/span>:\u00a0<em><strong><span style=\"color: #000000;\">A quanto appreso dall&#8217;Adnkronos Salute questa decisione potrebbe comportare, tra le altre cose, anche la proroga del ricorso allo smartworking.<\/span><\/strong><\/em><\/p>\n<p><em>Comunque una delibera del consiglio dei ministri decider\u00e0 la proroga fino al 31 dicembre o forse fino al 31 gennaio 2021. Occorrer\u00e0 poi stabilire quali misure rimarranno in vigore (ad esempio il distanziamento sociale o altre misure sanitarie) anche dopo il 31 luglio, alla scadenza del primo stato di emergenza. Un passaggio necessario, altrimenti decade l\u2019obbligatoriet\u00e0 di una serie di protocolli.<\/em><\/p>\n<p>Related news:\u00a0<a href=\"http:\/\/www.protezionecivile.gov.it\/attivita-rischi\/rischio-sanitario\/emergenze\/coronavirus\/normativa-emergenza-coronavirus\" target=\"_blank\" rel=\"noopener noreferrer\">Normativa emergenza Coronavirus<\/a><\/p>\n<div class=\"page\" title=\"Page 1\">\n<div class=\"section\">\n<div class=\"layoutArea\">\n<div class=\"column\">\n<p><a href=\"http:\/\/www.salute.gov.it\/imgs\/C_17_pubblicazioni_2928_allegato.pdf\" target=\"_blank\" rel=\"noopener noreferrer\">Andamento della mortalit\u00e0 giornaliera (SiSMG)\u00a0nelle citt\u00e0 italiane in relazione all\u2019epidemia di Covid-19 fase II<\/a><\/p>\n<\/div>\n<\/div>\n<\/div>\n<\/div>\n<p>&nbsp;<\/p>","protected":false},"excerpt":{"rendered":"<p>Il presidente del Consiglio, Giuseppe Conte, \u00e8 pronto a prorogare lo stato d\u2019emergenza deliberato per il Coronavirus fino al 31 dicembre 2020. L\u2019attuale scadenza \u00e8 prevista per la fine di luglio: \u201cRagionevolmente ci sono le condizioni per proseguire lo stato di emergenza\u201d, afferma. Vediamo cosa significherebbe questa proroga e cosa comporterebbe nel concreto. fanpage &#8211; &hellip;<\/p>","protected":false},"author":4,"featured_media":48948,"comment_status":"closed","ping_status":"closed","sticky":false,"template":"","format":"standard","meta":{"footnotes":""},"categories":[1],"tags":[],"class_list":["post-52008","post","type-post","status-publish","format-standard","has-post-thumbnail","hentry","category-notizie"],"amp_enabled":true,"_links":{"self":[{"href":"https:\/\/www.fedaiisf.it\/en\/wp-json\/wp\/v2\/posts\/52008","targetHints":{"allow":["GET"]}}],"collection":[{"href":"https:\/\/www.fedaiisf.it\/en\/wp-json\/wp\/v2\/posts"}],"about":[{"href":"https:\/\/www.fedaiisf.it\/en\/wp-json\/wp\/v2\/types\/post"}],"author":[{"embeddable":true,"href":"https:\/\/www.fedaiisf.it\/en\/wp-json\/wp\/v2\/users\/4"}],"replies":[{"embeddable":true,"href":"https:\/\/www.fedaiisf.it\/en\/wp-json\/wp\/v2\/comments?post=52008"}],"version-history":[{"count":0,"href":"https:\/\/www.fedaiisf.it\/en\/wp-json\/wp\/v2\/posts\/52008\/revisions"}],"wp:featuredmedia":[{"embeddable":true,"href":"https:\/\/www.fedaiisf.it\/en\/wp-json\/wp\/v2\/media\/48948"}],"wp:attachment":[{"href":"https:\/\/www.fedaiisf.it\/en\/wp-json\/wp\/v2\/media?parent=52008"}],"wp:term":[{"taxonomy":"category","embeddable":true,"href":"https:\/\/www.fedaiisf.it\/en\/wp-json\/wp\/v2\/categories?post=52008"},{"taxonomy":"post_tag","embeddable":true,"href":"https:\/\/www.fedaiisf.it\/en\/wp-json\/wp\/v2\/tags?post=52008"}],"curies":[{"name":"wp","href":"https:\/\/api.w.org\/{rel}","templated":true}]}}