{"id":52043,"date":"2020-07-13T13:10:11","date_gmt":"2020-07-13T11:10:11","guid":{"rendered":"https:\/\/www.fedaiisf.it\/?p=52043"},"modified":"2020-07-13T13:10:11","modified_gmt":"2020-07-13T11:10:11","slug":"regione-lombardia-a-fedaiisf-lorganizzazione-degli-accessi-degli-isf-sara-affrontato-in-regione-purtroppo-non-saranno-tempi-brevi","status":"publish","type":"post","link":"https:\/\/www.fedaiisf.it\/en\/regione-lombardia-a-fedaiisf-lorganizzazione-degli-accessi-degli-isf-sara-affrontato-in-regione-purtroppo-non-saranno-tempi-brevi\/","title":{"rendered":"Lombardy Region to Fedaiisf. The organization of ISF access will be dealt with in the Region. Unfortunately it won&#039;t be short"},"content":{"rendered":"<p><em>Nei giorni scorsi il Coordinamento Fedaiisf della Regione Lombardia aveva <a href=\"https:\/\/www.fedaiisf.it\/en\/regione-lombardia-visite-isf-nelle-strutture-del-ssr-per-superare-le-difficolta-di-prenotazione-fedaiisf-propone-una-piattaforma-on-line-per-gli-appuntamenti\/\" target=\"_blank\" rel=\"noopener noreferrer\">scritto<\/a> alla Dr.ssa Ida Fortino, dirigente della Struttura Farmaco e Dispositivi Medici della Direzione Generale Welfare (DGW) della Regione Lombardia, proponendo delle modalit\u00e0 per organizzare le prenotazioni degli appuntamenti degli ISF con gli Operatori Sanitari. Oggi la Dr.ssa Fortino ha cos\u00ec risposto.<\/em><\/p>\n<hr \/>\n<p class=\"v1MsoNormal\"><span style=\"font-size: 18px; color: #000000;\">Gent.ma Dott.ssa Boni<u><\/u><u><\/u><\/span><\/p>\n<p class=\"v1MsoNormal\"><span style=\"font-size: 18px; color: #000000;\"><u><\/u>\u00a0<u><\/u>Mi scuso per il ritardo nella risposta<u><\/u><u><\/u><\/span><\/p>\n<p class=\"v1MsoNormal\"><span style=\"font-size: 18px; color: #000000;\"><u><\/u>\u00a0<u><\/u>Quanto da Lei segnalato ha una motivazione pratica: in ambito ospedaliero tutto il personale sta cercando di riattivare la normale attivit\u00e0<u><\/u><u><\/u><\/span><\/p>\n<p class=\"v1MsoNormal\"><span style=\"font-size: 18px; color: #000000;\"><u><\/u> <a href=\"https:\/\/www.fedaiisf.it\/wp-content\/uploads\/2020\/07\/SSR-Lombardia.jpg\"><img loading=\"lazy\" decoding=\"async\" class=\"wp-image-51944 alignright\" src=\"https:\/\/www.fedaiisf.it\/wp-content\/uploads\/2020\/07\/SSR-Lombardia.jpg\" alt=\"\" width=\"332\" height=\"108\" srcset=\"https:\/\/www.fedaiisf.it\/wp-content\/uploads\/2020\/07\/SSR-Lombardia.jpg 400w, https:\/\/www.fedaiisf.it\/wp-content\/uploads\/2020\/07\/SSR-Lombardia-300x98.jpg 300w\" sizes=\"auto, (max-width: 332px) 100vw, 332px\" \/><\/a><u><\/u>Pertanto anche (e soprattutto) i clinici hanno necessit\u00e0 di riorganizzare sia le attivit\u00e0 che gli ambulatori secondo le nuove norme ed \u00e8 possibile che \u00a0si stiano adeguando alle direttive<u><\/u><u><\/u><\/span><\/p>\n<p class=\"v1MsoNormal\"><span style=\"font-size: 18px; color: #000000;\"><u><\/u>\u00a0<u><\/u>Poich\u00e9 l&#8217;argomento dell&#8217;aggiornamento dell&#8217;accesso degli ISF \u00e8 importante e riguarda sia voi che le aziende (per questo ho messo il Dott. Uda e il Dott. Mazza in cc), ed \u00e8 un tema di organizzazione anche regionale, verr\u00e0 affrontato .<\/span><\/p>\n<p class=\"v1MsoNormal\"><span style=\"font-size: 18px; color: #000000;\"><u><\/u><u><\/u>I tempi purtroppo non saranno brevi \u00a0(per il periodo che si sta vivendo)<u><\/u><u><\/u><\/span><\/p>\n<p class=\"v1MsoNormal\"><span style=\"font-size: 18px; color: #000000;\"><u><\/u>\u00a0<u><\/u>Le confermo la disponibilit\u00e0 della struttura anche a recepire eventuali segnalzioni sul territorio<u><\/u><u><\/u><\/span><\/p>\n<p class=\"v1MsoNormal\"><span style=\"font-size: 18px; color: #000000;\"><u><\/u>\u00a0<u><\/u>Buon lavoro e cordiali saluti<u><\/u><u><\/u><\/span><\/p>\n<p class=\"v1MsoNormal\"><span style=\"font-size: 18px; color: #000000;\"><u><\/u>\u00a0<u><\/u>Ida Fortino<\/span><\/p>\n<p>Related news:\u00a0<a href=\"https:\/\/www.fedaiisf.it\/en\/regione-lombardia-visite-isf-nelle-strutture-del-ssr-per-superare-le-difficolta-di-prenotazione-fedaiisf-propone-una-piattaforma-on-line-per-gli-appuntamenti\/\" target=\"_blank\" rel=\"noopener noreferrer\"><strong>Lombardy region. ISF visits to the structures of the SSR. To overcome booking difficulties Fedaiisf offers an online platform for appointments<\/strong><\/a><\/p>","protected":false},"excerpt":{"rendered":"<p>Nei giorni scorsi il Coordinamento Fedaiisf della Regione Lombardia aveva scritto alla Dr.ssa Ida Fortino, dirigente della Struttura Farmaco e Dispositivi Medici della Direzione Generale Welfare (DGW) della Regione Lombardia, proponendo delle modalit\u00e0 per organizzare le prenotazioni degli appuntamenti degli ISF con gli Operatori Sanitari. Oggi la Dr.ssa Fortino ha cos\u00ec risposto. Gent.ma Dott.ssa Boni &hellip;<\/p>","protected":false},"author":4,"featured_media":52051,"comment_status":"closed","ping_status":"closed","sticky":false,"template":"","format":"standard","meta":{"footnotes":""},"categories":[1],"tags":[],"class_list":["post-52043","post","type-post","status-publish","format-standard","has-post-thumbnail","hentry","category-notizie"],"amp_enabled":true,"_links":{"self":[{"href":"https:\/\/www.fedaiisf.it\/en\/wp-json\/wp\/v2\/posts\/52043","targetHints":{"allow":["GET"]}}],"collection":[{"href":"https:\/\/www.fedaiisf.it\/en\/wp-json\/wp\/v2\/posts"}],"about":[{"href":"https:\/\/www.fedaiisf.it\/en\/wp-json\/wp\/v2\/types\/post"}],"author":[{"embeddable":true,"href":"https:\/\/www.fedaiisf.it\/en\/wp-json\/wp\/v2\/users\/4"}],"replies":[{"embeddable":true,"href":"https:\/\/www.fedaiisf.it\/en\/wp-json\/wp\/v2\/comments?post=52043"}],"version-history":[{"count":0,"href":"https:\/\/www.fedaiisf.it\/en\/wp-json\/wp\/v2\/posts\/52043\/revisions"}],"wp:featuredmedia":[{"embeddable":true,"href":"https:\/\/www.fedaiisf.it\/en\/wp-json\/wp\/v2\/media\/52051"}],"wp:attachment":[{"href":"https:\/\/www.fedaiisf.it\/en\/wp-json\/wp\/v2\/media?parent=52043"}],"wp:term":[{"taxonomy":"category","embeddable":true,"href":"https:\/\/www.fedaiisf.it\/en\/wp-json\/wp\/v2\/categories?post=52043"},{"taxonomy":"post_tag","embeddable":true,"href":"https:\/\/www.fedaiisf.it\/en\/wp-json\/wp\/v2\/tags?post=52043"}],"curies":[{"name":"wp","href":"https:\/\/api.w.org\/{rel}","templated":true}]}}