{"id":52053,"date":"2020-07-13T13:43:12","date_gmt":"2020-07-13T11:43:12","guid":{"rendered":"https:\/\/www.fedaiisf.it\/?p=52053"},"modified":"2020-07-16T18:44:17","modified_gmt":"2020-07-16T16:44:17","slug":"sondaggio-aiisf-bergamo-presso-mmg-e-pls-sulle-modalita-di-accesso-degli-isf","status":"publish","type":"post","link":"https:\/\/www.fedaiisf.it\/en\/sondaggio-aiisf-bergamo-presso-mmg-e-pls-sulle-modalita-di-accesso-degli-isf\/","title":{"rendered":"AIISF Bergamo survey at GPs and PLS on how to access the ISFs"},"content":{"rendered":"<h2 style=\"text-align: center;\"><span style=\"color: #000000;\"><strong><a href=\"https:\/\/www.fedaiisf.it\/wp-content\/uploads\/2020\/05\/Fedaiisf-Bergamo-logo.jpg\"><img loading=\"lazy\" decoding=\"async\" class=\"size-full wp-image-49952 aligncenter\" src=\"https:\/\/www.fedaiisf.it\/wp-content\/uploads\/2020\/05\/Fedaiisf-Bergamo-logo.jpg\" alt=\"\" width=\"763\" height=\"296\" srcset=\"https:\/\/www.fedaiisf.it\/wp-content\/uploads\/2020\/05\/Fedaiisf-Bergamo-logo.jpg 763w, https:\/\/www.fedaiisf.it\/wp-content\/uploads\/2020\/05\/Fedaiisf-Bergamo-logo-300x116.jpg 300w\" sizes=\"auto, (max-width: 763px) 100vw, 763px\" \/><\/a><\/strong><\/span><\/h2>\n<h2 style=\"text-align: center;\"><span style=\"color: #000000;\"><strong>QUESTIONARIO BREVE SULL\u2019INFORMAZIONE SCIENTIFICA DEL FARMACO (ISF)<\/strong><\/span><\/h2>\n<p style=\"text-align: center;\"><span style=\"color: #000000;\">108 medici partecipanti, n. 5 domande<\/span><\/p>\n<p><span style=\"color: #000000; font-size: 17px;\">Il 3 giugno 2020 sono state spedite all\u2019ordine dei medici di Bergamo una lettera ed un sondaggio che avevano un duplice scopo,il primo: comunicare ai medici del territorio che la delibera regionale ci autorizzava ad accedere, su appuntamento, alle visite in presenza a partire da giorno 15 giugno, rispettando le indicazioni di sicurezza delle strutture visitate; il secondo: invitare a compilare un questionario sulla modalit\u00e0 di ricevimento degli ISF oltre alla costituzione di un tavolo paritetico fra tutti gli operatori sanitari della provincia per discutere e regolamentare la nostra attivit\u00e0 lavorativa.<\/span><\/p>\n<p><span style=\"color: #000000; font-size: 17px;\">Il questionario \u00e8 stato compilato da 86 medici di medicina generale (MMG) e da 22 pediatri di libera scelta (PLS) per un totale di 108 medici sul territorio bergamasco; che corrispondono a circa il 10% di tutti i medici operanti in Provincia di Bergamo.<\/span><\/p>\n<p><span style=\"color: #000000; font-size: 17px;\">Qui sotto il testo della lettera ed i risultati del sondaggio.<\/span><\/p>\n<p><span style=\"color: #000000; font-size: 17px;\"><em>Nelle ultime settimane abbiamo tentato di riprendere l\u2019informazione, da remoto o in presenza, dove per Voi possibile. Per noi Informatori \u00e8 fondamentale ricominciare a lavorare, tornando, a ricoprire il nostro ruolo, ovvero ritornare ad essere l\u2019anello di congiunzione tra la ricerca scientifica, operata dalle nostre aziende, e la clinica effettuata da Voi medici.<\/em><\/span><\/p>\n<p><span style=\"color: #000000; font-size: 17px;\"><em>La nuova l&#8217;ordinanza di Regione Lombardia (n.555 del 29\/05\/2020) regolamenta la nostra attivit\u00e0, privilegiando fino al 14 giugno il lavoro da remoto, salvo casi particolari. Dal 15 giugno sono stati autorizzate nuovamente gli incontri in presenza tra le parti, sempre previo appuntamento, e con le accortezze necessarie a garantire la reciproca sicurezza.<\/em><\/span><\/p>\n<p><span style=\"color: #000000; font-size: 17px;\"><em>Noi ISF di Bergamo vogliamo collaborare con Voi e con le organizzazioni di categoria per cercare delle soluzioni che garantiscano la nostra ripresa lavorativa in totale sicurezza e nel rispetto delle nuove regole. Quindi Vorremmo proporvi la costituzione di un tavolo paritetico per discutere e regolamentare le nostre visite e la gestione degli appuntamenti.<\/em><\/span><\/p>\n<p><span style=\"color: #000000; font-size: 17px;\"><em>Proprio per questo Vi invitiamo a compilare un breve questionario, non vincolante, ma per noi molto importante e indicativo della situazione attuale, che ci consentir\u00e0 di capire come iniziare a muoverci sul territorio.<\/em><\/span><\/p>\n<hr \/>\n<p><span style=\"color: #000000; font-size: 17px;\">DOMANDA 01<\/span><\/p>\n<p><span style=\"color: #000000; font-size: 17px;\">Se gi\u00e0 non avvenuto, da quale data pensa possa riprendere la nostra attivit\u00e0\u00a0d&#8217;informazione?<\/span><\/p>\n<p><span style=\"color: #000000; font-size: 17px;\">La maggior parte dei medici ha risposto che dal 15 al 6 luglio era possibile riprendere l\u2019attivit\u00e0 in presenza.<\/span><\/p>\n<p><span style=\"color: #000000; font-size: 17px;\">DOMANDA 02<\/span><\/p>\n<p><span style=\"color: #000000; font-size: 17px;\">Come desidera ricevere gli informatori scientifici?<\/span><\/p>\n<p><a href=\"https:\/\/www.fedaiisf.it\/wp-content\/uploads\/2020\/07\/BG-Sondaggio-1-mmg.jpeg\"><img loading=\"lazy\" decoding=\"async\" class=\"alignnone wp-image-52055\" src=\"https:\/\/www.fedaiisf.it\/wp-content\/uploads\/2020\/07\/BG-Sondaggio-1-mmg.jpeg\" alt=\"\" width=\"376\" height=\"236\" srcset=\"https:\/\/www.fedaiisf.it\/wp-content\/uploads\/2020\/07\/BG-Sondaggio-1-mmg.jpeg 595w, https:\/\/www.fedaiisf.it\/wp-content\/uploads\/2020\/07\/BG-Sondaggio-1-mmg-300x189.jpeg 300w\" sizes=\"auto, (max-width: 376px) 100vw, 376px\" \/><\/a><a href=\"https:\/\/www.fedaiisf.it\/wp-content\/uploads\/2020\/07\/BG-sondaggio-1-P.jpeg\"><img loading=\"lazy\" decoding=\"async\" class=\"alignnone wp-image-52056\" src=\"https:\/\/www.fedaiisf.it\/wp-content\/uploads\/2020\/07\/BG-sondaggio-1-P.jpeg\" alt=\"\" width=\"382\" height=\"235\" srcset=\"https:\/\/www.fedaiisf.it\/wp-content\/uploads\/2020\/07\/BG-sondaggio-1-P.jpeg 588w, https:\/\/www.fedaiisf.it\/wp-content\/uploads\/2020\/07\/BG-sondaggio-1-P-300x184.jpeg 300w, https:\/\/www.fedaiisf.it\/wp-content\/uploads\/2020\/07\/BG-sondaggio-1-P-702x432.jpeg 702w\" sizes=\"auto, (max-width: 382px) 100vw, 382px\" \/><\/a><\/p>\n<p><span style=\"color: #000000; font-size: 17px;\">DOMANDA 03<\/span><\/p>\n<p><span style=\"color: #000000; font-size: 17px;\">In media quante visite vorrebbe ricevere in una settimana?<\/span><\/p>\n<p><a href=\"https:\/\/www.fedaiisf.it\/wp-content\/uploads\/2020\/07\/BG-sondaggio-2.jpeg\"><img loading=\"lazy\" decoding=\"async\" class=\"size-full wp-image-52057 aligncenter\" src=\"https:\/\/www.fedaiisf.it\/wp-content\/uploads\/2020\/07\/BG-sondaggio-2.jpeg\" alt=\"\" width=\"821\" height=\"872\" srcset=\"https:\/\/www.fedaiisf.it\/wp-content\/uploads\/2020\/07\/BG-sondaggio-2.jpeg 821w, https:\/\/www.fedaiisf.it\/wp-content\/uploads\/2020\/07\/BG-sondaggio-2-282x300.jpeg 282w, https:\/\/www.fedaiisf.it\/wp-content\/uploads\/2020\/07\/BG-sondaggio-2-768x816.jpeg 768w\" sizes=\"auto, (max-width: 821px) 100vw, 821px\" \/><\/a><\/p>\n<p><span style=\"color: #000000; font-size: 17px;\">DOMANDA 04<\/span><\/p>\n<p><span style=\"color: #000000; font-size: 17px;\">Quanti informatori alla volta?<\/span><\/p>\n<p><a href=\"https:\/\/www.fedaiisf.it\/wp-content\/uploads\/2020\/07\/BG-sondaggio-3.jpeg\"><img loading=\"lazy\" decoding=\"async\" class=\"alignnone size-full wp-image-52059\" src=\"https:\/\/www.fedaiisf.it\/wp-content\/uploads\/2020\/07\/BG-sondaggio-3.jpeg\" alt=\"\" width=\"817\" height=\"890\" srcset=\"https:\/\/www.fedaiisf.it\/wp-content\/uploads\/2020\/07\/BG-sondaggio-3.jpeg 817w, https:\/\/www.fedaiisf.it\/wp-content\/uploads\/2020\/07\/BG-sondaggio-3-275x300.jpeg 275w, https:\/\/www.fedaiisf.it\/wp-content\/uploads\/2020\/07\/BG-sondaggio-3-768x837.jpeg 768w\" sizes=\"auto, (max-width: 817px) 100vw, 817px\" \/><\/a><\/p>\n<p><span style=\"font-size: 17px; color: #000000;\">DOMANDA 05<\/span><\/p>\n<p><span style=\"font-size: 17px; color: #000000;\">Quali modalit\u00e0 di informazione scientifica preferisce?<\/span><\/p>\n<p><a href=\"https:\/\/www.fedaiisf.it\/wp-content\/uploads\/2020\/07\/BG-Sondaggio-4.jpeg\"><img loading=\"lazy\" decoding=\"async\" class=\"size-full wp-image-52060 aligncenter\" src=\"https:\/\/www.fedaiisf.it\/wp-content\/uploads\/2020\/07\/BG-Sondaggio-4.jpeg\" alt=\"\" width=\"732\" height=\"440\" srcset=\"https:\/\/www.fedaiisf.it\/wp-content\/uploads\/2020\/07\/BG-Sondaggio-4.jpeg 732w, https:\/\/www.fedaiisf.it\/wp-content\/uploads\/2020\/07\/BG-Sondaggio-4-300x180.jpeg 300w\" sizes=\"auto, (max-width: 732px) 100vw, 732px\" \/><\/a><\/p>\n<p>&nbsp;<\/p>\n<h3>Conclusioni e commenti.<\/h3>\n<p style=\"text-align: justify;\"><span style=\"color: #000000; font-size: 17px;\">Nel rapporto con gli informatori scientifici i medici di famiglia privilegiano ancora il rapporto di fiducia e le relazioni interpersonali. La tradizionale visita dell\u2019informatore in studio si conferma ancora tra le modalit\u00e0 favorite dal medico, preferita al pi\u00f9 \u201cmoderno\u201d e distaccato contatto telefonico, alle web call e ai nuovi canali offerti dai mezzi digitali quali newsletter dedicate e informazione via social network. A confermarlo \u00e8 il sondaggio su un campione rappresentativo di 108 medici su tutto il territorio bergamasco, di cui 86 sono medici di famiglia e 22 invece pediatri di libera scelta (circa il 10% del totale).<\/span><\/p>\n<p style=\"text-align: justify;\"><span style=\"color: #000000; font-size: 17px;\">Dall\u2019indagine emerge come il 90% dei pediatri e dal 86% dei medici di famiglia indicano la visita preferenziale degli ISF condotta in presenza e su appuntamento. In totale il campione dichiara di ricevere tra i 6-4 visite a settimana dal 73% dei pediatri e dal 83% dei medici di famiglia, la media di circa 5,5 informatori a settimana, 1,1 al giorno. \u201cLa fiducia \u00e8 alla base del nostro rapporto con il medico \u2013 delinea il Presidente dell\u2019associazione AIISF di Bergamo Andrea Arena \u2013 per questo motivo le modalit\u00e0 di informazione da remoto come l\u2019intervista telefonica o le video call, che si pongono agli antipodi della relazione interpersonale, sono poco gradite\u201d. L\u2019informazione da remoto anche se nel post-emergenza sanitaria \u00e8 apprezzata solo dal 5% del campione perch\u00e9 forse ritenuta poco proficua dal punto di vista informativo o perch\u00e9 non fa risparmiare tempo o perch\u00e9 indica una scarsa considerazione della professione medica.<\/span><\/p>\n<p style=\"text-align: justify;\"><span style=\"color: #000000; font-size: 17px;\">I medici rimangono saldamente ancorati all\u2019informazione scientifica tradizionale, in primis con la visita in studio e su appuntamento dell\u2019informatore (88%, dato medio) e con congressi e convegni, probabilmente legati a momenti di incontro e scambio tra colleghi. Seguono a una certa distanza le FAD on-line, considerati utili per recuperare crediti ECM, le newsletter dedicate, social network e i seminari via webinar offerte dalle aziende.<\/span><\/p>\n<p style=\"text-align: justify;\"><span style=\"color: #000000; font-size: 17px;\">Stessa cosa emerge dall\u2019indagine condotta a partire dal 29 Maggio 2020 dal Centro Studi Nazionale della FIMMG che in contemporanea ha lanciato una survey tra i propri iscritti per comprendere l\u2019orientamento dei medici circa una prossima ripartenza dell\u2019informazione scientifica sui farmaci. Dall\u2019indagine emerge con evidenza come il medico di famiglia abbia mantenuto nel tempo un rapporto solido e proficuo con l\u2019aggiornamento sui farmaci attraverso la figura dell\u2019ISF e questa relazione, forte anche dal punto di vista personale, il medico non intende rinunciare.<\/span><\/p>\n<p style=\"text-align: justify;\"><span style=\"color: #000000; font-size: 17px;\">Infine dall\u2019indagine emerge con forza che l\u2019informazione scientifica del farmaco, in presenza e su appuntamento, rappresenta un servizio di elevata qualit\u00e0 svolto da professionisti in grado di unire competenze tecniche e relazionali, che ha sempre saputo richiamare l\u2019attenzione e l\u2019interesse di tutta la classe medica.<\/span><\/p>\n<p style=\"text-align: justify;\"><span style=\"color: #000000; font-size: 17px;\">AIISF-Bergamo<\/span><\/p>\n<p style=\"text-align: justify;\"><span style=\"color: #000000; font-size: 17px;\">isfbergamo@gmail.com<\/span><\/p>\n<p>&nbsp;<\/p>","protected":false},"excerpt":{"rendered":"<p>QUESTIONARIO BREVE SULL\u2019INFORMAZIONE SCIENTIFICA DEL FARMACO (ISF) 108 medici partecipanti, n. 5 domande Il 3 giugno 2020 sono state spedite all\u2019ordine dei medici di Bergamo una lettera ed un sondaggio che avevano un duplice scopo,il primo: comunicare ai medici del territorio che la delibera regionale ci autorizzava ad accedere, su appuntamento, alle visite in presenza &hellip;<\/p>","protected":false},"author":4,"featured_media":52062,"comment_status":"closed","ping_status":"closed","sticky":false,"template":"","format":"standard","meta":{"footnotes":""},"categories":[14],"tags":[45],"class_list":["post-52053","post","type-post","status-publish","format-standard","has-post-thumbnail","hentry","category-news-fedaiisf","tag-fedaiisf"],"amp_enabled":true,"_links":{"self":[{"href":"https:\/\/www.fedaiisf.it\/en\/wp-json\/wp\/v2\/posts\/52053","targetHints":{"allow":["GET"]}}],"collection":[{"href":"https:\/\/www.fedaiisf.it\/en\/wp-json\/wp\/v2\/posts"}],"about":[{"href":"https:\/\/www.fedaiisf.it\/en\/wp-json\/wp\/v2\/types\/post"}],"author":[{"embeddable":true,"href":"https:\/\/www.fedaiisf.it\/en\/wp-json\/wp\/v2\/users\/4"}],"replies":[{"embeddable":true,"href":"https:\/\/www.fedaiisf.it\/en\/wp-json\/wp\/v2\/comments?post=52053"}],"version-history":[{"count":0,"href":"https:\/\/www.fedaiisf.it\/en\/wp-json\/wp\/v2\/posts\/52053\/revisions"}],"wp:featuredmedia":[{"embeddable":true,"href":"https:\/\/www.fedaiisf.it\/en\/wp-json\/wp\/v2\/media\/52062"}],"wp:attachment":[{"href":"https:\/\/www.fedaiisf.it\/en\/wp-json\/wp\/v2\/media?parent=52053"}],"wp:term":[{"taxonomy":"category","embeddable":true,"href":"https:\/\/www.fedaiisf.it\/en\/wp-json\/wp\/v2\/categories?post=52053"},{"taxonomy":"post_tag","embeddable":true,"href":"https:\/\/www.fedaiisf.it\/en\/wp-json\/wp\/v2\/tags?post=52053"}],"curies":[{"name":"wp","href":"https:\/\/api.w.org\/{rel}","templated":true}]}}