{"id":52347,"date":"2020-07-28T10:44:51","date_gmt":"2020-07-28T08:44:51","guid":{"rendered":"https:\/\/www.fedaiisf.it\/?p=52347"},"modified":"2020-07-28T10:50:13","modified_gmt":"2020-07-28T08:50:13","slug":"ue-problemi-con-pfizer-sanofi-jj-sul-prezzo-di-eventuali-vaccini-covid-19","status":"publish","type":"post","link":"https:\/\/www.fedaiisf.it\/en\/ue-problemi-con-pfizer-sanofi-jj-sul-prezzo-di-eventuali-vaccini-covid-19\/","title":{"rendered":"EU. Problems with Pfizer, Sanofi, J&amp;J on the price of any Covid-19 vaccines"},"content":{"rendered":"<h1 class=\"ArticleHeader_headline\">Ue, contrattempi con Pfizer, Sanofi, J&amp;J in colloqui su vaccini Covid &#8211; fonti<\/h1>\n<p><a href=\"https:\/\/it.reuters.com\/article\/topNews\/idITKCN24S24J\" target=\"_blank\" rel=\"noopener noreferrer\">Reuters &#8211; 27 luglio 2020<\/a>\u00a0&#8211;\u00a0<a target=\"_blank\" rel=\"noopener noreferrer\">di Francesco Guarascio e Elvira Pollina<\/a><\/p>\n<p>BRUXELLES\/MILANO (Reuters) &#8211; Gli sforzi dell\u2019Unione europea volti ad assicurarsi i vaccini contro il Covid-19 di Pfizer, Sanofi e Johnson &amp; Johnson si trovano in una impasse a causa di discussioni che riguardano il prezzo, il metodo di pagamento e i potenziali costi di responsabilit\u00e0.<\/p>\n<p><a href=\"https:\/\/www.fedaiisf.it\/wp-content\/uploads\/2020\/07\/Reuters.png\"><img loading=\"lazy\" decoding=\"async\" class=\"size-full wp-image-52348 alignright\" src=\"https:\/\/www.fedaiisf.it\/wp-content\/uploads\/2020\/07\/Reuters.png\" alt=\"\" width=\"200\" height=\"200\" srcset=\"https:\/\/www.fedaiisf.it\/wp-content\/uploads\/2020\/07\/Reuters.png 200w, https:\/\/www.fedaiisf.it\/wp-content\/uploads\/2020\/07\/Reuters-150x150.png 150w, https:\/\/www.fedaiisf.it\/wp-content\/uploads\/2020\/07\/Reuters-36x36.png 36w\" sizes=\"auto, (max-width: 200px) 100vw, 200px\" \/><\/a>\u00c8 quanto riferito a Reuters da tre funzionari della Ue.<\/p>\n<p>Il blocco \u00e8 in trattative con almeno sei produttori di vaccini contro il nuovo coronavirus per l\u2019acquisto anticipato delle dosi, secondo quanto riferito a Reuters da alcuni funzionari all\u2019inizio di luglio, nell\u2019ambito di una strategia volta a incrementare la possibilit\u00e0 di garantire i vaccini alla popolazione del blocco.<\/p>\n<p>Nonostante sia necessario siglare accordi il prima possibile nell\u2019ambito della corsa internazionale per assicurarsi il vaccino pi\u00f9 promettente, la Ue fatica a concludere in fretta le trattative, stando alle parole dei funzionari vicini alla situazione, che hanno richiesto di restare anonimi poich\u00e9 i negoziati sono confidenziali.<\/p>\n<p>Gli Stati Uniti, nel frattempo, hanno gi\u00e0 firmato accordi di fornitura con AstraZeneca e Pfizer oltre ad altri importanti accordi di finanziamento.<\/p>\n<p>Le negoziazioni della Ue con Johnson &amp; Johnson sono tra quelle in fase pi\u00f9 avanzata, ma non sono ancora andate in porto a causa di un botta e risposta sulla modalit\u00e0 di ripartizione dei costi di responsabilit\u00e0 nel caso in cui il potenziale vaccino mostrasse effetti indesiderati inaspettati, hanno detto due dei funzionari.<\/p>\n<p><a href=\"https:\/\/www.fedaiisf.it\/wp-content\/uploads\/2020\/05\/vaccino-covid.jpg\"><img loading=\"lazy\" decoding=\"async\" class=\"wp-image-50549 alignleft\" src=\"https:\/\/www.fedaiisf.it\/wp-content\/uploads\/2020\/05\/vaccino-covid.jpg\" alt=\"\" width=\"353\" height=\"202\" srcset=\"https:\/\/www.fedaiisf.it\/wp-content\/uploads\/2020\/05\/vaccino-covid.jpg 812w, https:\/\/www.fedaiisf.it\/wp-content\/uploads\/2020\/05\/vaccino-covid-300x171.jpg 300w, https:\/\/www.fedaiisf.it\/wp-content\/uploads\/2020\/05\/vaccino-covid-768x439.jpg 768w\" sizes=\"auto, (max-width: 353px) 100vw, 353px\" \/><\/a>Johnson &amp; Johnson non ha commentato nell\u2019immediato.<\/p>\n<p>La francese Sanofi \u00e8 in trattative per la fornitura alla Ue di 300 milioni di dosi del potenziale vaccino che sta sviluppando con la casa farmaceutica britannica GlaxoSmithKline e chiede il pagamento anticipato per l\u2019intero lotto, secondo due funzionari.<\/p>\n<p>Ma la Ue vuole pagare a rate e dilazionare alcuni pagamenti fino a quando il vaccino non avr\u00e0 superato test clinici su larga scala, hanno detto i funzionari.<\/p>\n<p>La questione ha causato \u201cqualche difficolt\u00e0\u201d, secondo uno dei funzionari.<\/p>\n<p>Un portavoce di Sanofi non ha commentato.<\/p>\n<p>Un portavoce della Commissione, che guida le trattative della Ue con le case farmaceutiche, non ha commentato.<\/p>\n<p>Oltre alle discussioni con Pfizer, Sanofi e Johnson &amp; Johnson, la Ue \u00e8 in trattative anche con le aziende di biotecnologie Moderna e la tedesca CureVac, come riferito gi\u00e0 a giugno da alcuni funzionari a Reuters.<\/p>\n<p>Moderna e CureVac non sono state immediatamente disponibili per un commento.<\/p>\n<p>Related news:<a href=\"https:\/\/www.agi.it\/estero\/news\/2020-07-28\/coronavirus-pfizer-fase-finale-vaccino-9274003\/\" target=\"_blank\" rel=\"noopener noreferrer\"><strong>\u00a0Anche\u00a0Pfizer\u00a0avvia la fase finale dei test sul vaccino<\/strong><\/a><\/p>\n<p>&nbsp;<\/p>","protected":false},"excerpt":{"rendered":"<p>Ue, contrattempi con Pfizer, Sanofi, J&amp;J in colloqui su vaccini Covid &#8211; fonti Reuters &#8211; 27 luglio 2020\u00a0&#8211;\u00a0di Francesco Guarascio e Elvira Pollina BRUXELLES\/MILANO (Reuters) &#8211; Gli sforzi dell\u2019Unione europea volti ad assicurarsi i vaccini contro il Covid-19 di Pfizer, Sanofi e Johnson &amp; Johnson si trovano in una impasse a causa di discussioni che &hellip;<\/p>","protected":false},"author":4,"featured_media":49098,"comment_status":"closed","ping_status":"closed","sticky":false,"template":"","format":"standard","meta":{"footnotes":""},"categories":[1],"tags":[],"class_list":["post-52347","post","type-post","status-publish","format-standard","has-post-thumbnail","hentry","category-notizie"],"amp_enabled":true,"_links":{"self":[{"href":"https:\/\/www.fedaiisf.it\/en\/wp-json\/wp\/v2\/posts\/52347","targetHints":{"allow":["GET"]}}],"collection":[{"href":"https:\/\/www.fedaiisf.it\/en\/wp-json\/wp\/v2\/posts"}],"about":[{"href":"https:\/\/www.fedaiisf.it\/en\/wp-json\/wp\/v2\/types\/post"}],"author":[{"embeddable":true,"href":"https:\/\/www.fedaiisf.it\/en\/wp-json\/wp\/v2\/users\/4"}],"replies":[{"embeddable":true,"href":"https:\/\/www.fedaiisf.it\/en\/wp-json\/wp\/v2\/comments?post=52347"}],"version-history":[{"count":0,"href":"https:\/\/www.fedaiisf.it\/en\/wp-json\/wp\/v2\/posts\/52347\/revisions"}],"wp:featuredmedia":[{"embeddable":true,"href":"https:\/\/www.fedaiisf.it\/en\/wp-json\/wp\/v2\/media\/49098"}],"wp:attachment":[{"href":"https:\/\/www.fedaiisf.it\/en\/wp-json\/wp\/v2\/media?parent=52347"}],"wp:term":[{"taxonomy":"category","embeddable":true,"href":"https:\/\/www.fedaiisf.it\/en\/wp-json\/wp\/v2\/categories?post=52347"},{"taxonomy":"post_tag","embeddable":true,"href":"https:\/\/www.fedaiisf.it\/en\/wp-json\/wp\/v2\/tags?post=52347"}],"curies":[{"name":"wp","href":"https:\/\/api.w.org\/{rel}","templated":true}]}}