{"id":52401,"date":"2020-07-30T10:57:30","date_gmt":"2020-07-30T08:57:30","guid":{"rendered":"https:\/\/www.fedaiisf.it\/?p=52401"},"modified":"2020-07-30T10:57:30","modified_gmt":"2020-07-30T08:57:30","slug":"presentato-in-aifa-il-rapporto-sulluso-dei-farmaci-durante-lepidemia-covid-19","status":"publish","type":"post","link":"https:\/\/www.fedaiisf.it\/en\/presentato-in-aifa-il-rapporto-sulluso-dei-farmaci-durante-lepidemia-covid-19\/","title":{"rendered":"The Report on the use of drugs during the COVID-19 epidemic was presented at AIFA"},"content":{"rendered":"<p>\u00c8 stato presentato oggi il Rapporto sull\u2019uso dei farmaci durante l\u2019epidemia COVID-19, realizzato grazie ai dati elaborati dall\u2019Osservatorio Nazionale sull\u2019Impiego dei Medicinali (OsMed) dell\u2019Agenzia Italiana del Farmaco.<\/p>\n<p>Oltre al Direttore Generale dell\u2019AIFA Nicola Magrini (<em>nella foto<\/em>), che ha aperto i lavori, sono intervenuti la Presidente della <a href=\"https:\/\/www.fedaiisf.it\/wp-content\/uploads\/2020\/01\/Nicola-Magrini-DG-AIFA.jpeg\"><img loading=\"lazy\" decoding=\"async\" class=\" wp-image-47343 alignright\" src=\"https:\/\/www.fedaiisf.it\/wp-content\/uploads\/2020\/01\/Nicola-Magrini-DG-AIFA.jpeg\" alt=\"\" width=\"376\" height=\"231\" srcset=\"https:\/\/www.fedaiisf.it\/wp-content\/uploads\/2020\/01\/Nicola-Magrini-DG-AIFA.jpeg 704w, https:\/\/www.fedaiisf.it\/wp-content\/uploads\/2020\/01\/Nicola-Magrini-DG-AIFA-300x184.jpeg 300w, https:\/\/www.fedaiisf.it\/wp-content\/uploads\/2020\/01\/Nicola-Magrini-DG-AIFA-702x432.jpeg 702w\" sizes=\"auto, (max-width: 376px) 100vw, 376px\" \/><\/a>Commissione Tecnico Scientifica dell\u2019Agenzia Patrizia Popoli, il Presidente dell\u2019Istituto Superiore di Sanit\u00e0 Silvio Brusaferro, il Presidente del Consiglio Superiore di Sanit\u00e0 Franco Locatelli, il Presidente dell\u2019INMI Spallanzani Giuseppe Ippolito e il Direttore Generale della Direzione Prevenzione del Ministero della Salute Gianni Rezza. Hanno moderato Luca Richeldi, dell\u2019Universit\u00e0 Cattolica di Roma e Francesco Trotta, responsabile del Settore HTA ed economia del farmaco dell\u2019AIFA.<\/p>\n<p>\u201cRingrazio i colleghi del Comitato Tecnico Sanitario della Protezione Civile \u2013 ha esordito il DG AIFA Magrini &#8211; per essere intervenuti, ma soprattutto per la proficua e costante collaborazione instaurata in questi mesi per fronteggiare l\u2019epidemia e l\u2019emergenza sanitaria. Abbiamo lavorato molto e bene, per il bene del Paese\u201d.<\/p>\n<p>\u201cIl Rapporto sull\u2019uso dei farmaci durante l\u2019epidemia COVID-19 \u2013 ha continuato Magrini \u2013 \u00e8 un prodotto dell\u2019OsMed che definirei il \u2018flagship tool\u2019 dell\u2019AIFA, attivo ormai da 20 anni grazie alla collaborazione con l\u2019ISS e altre Istituzioni italiane. La pubblicazione \u00e8 stata elaborata in tempi record, con la stessa tempestivit\u00e0 con cui AIFA ha dato risposta continua e rigorosa alla situazione di emergenza\u201d.<\/p>\n<p>Il documento analizza la tipologia e i consumi dei farmaci impiegati nei primi mesi del 2020 per trattare l\u2019infezione da COVID-19, ma anche quelli utilizzati nelle strutture sanitarie pubbliche per fare fronte all\u2019emergenza, con differenze evidenziate tra il periodo pre COVID-19, individuato nel trimestre dicembre 2019-febbraio 2020, e quello successivo, da marzo a maggio 2020.<\/p>\n<p>Il Rapporto si compone di tre sezioni che approfondiscono le diverse modalit\u00e0 di erogazione dei farmaci: il canale degli acquisti diretti, cio\u00e8 dei medicinali direttamente acquistati e dispensati presso le strutture del Servizio Sanitario Nazionale (SSN); gli acquisti presso le farmacie territoriali pubbliche e private rimborsati dal SSN tramite ricetta; quelli privati a carico dei cittadini, prevalentemente per i farmaci di classe C.<\/p>\n<p><span style=\"color: #000000;\"><a href=\"https:\/\/www.fedaiisf.it\/wp-content\/uploads\/2020\/04\/Plaquenil-Sanofi-farmacia.jpg\"><img loading=\"lazy\" decoding=\"async\" class=\"wp-image-49199 alignleft\" src=\"https:\/\/www.fedaiisf.it\/wp-content\/uploads\/2020\/04\/Plaquenil-Sanofi-farmacia.jpg\" alt=\"\" width=\"380\" height=\"190\" srcset=\"https:\/\/www.fedaiisf.it\/wp-content\/uploads\/2020\/04\/Plaquenil-Sanofi-farmacia.jpg 1024w, https:\/\/www.fedaiisf.it\/wp-content\/uploads\/2020\/04\/Plaquenil-Sanofi-farmacia-300x150.jpg 300w, https:\/\/www.fedaiisf.it\/wp-content\/uploads\/2020\/04\/Plaquenil-Sanofi-farmacia-768x384.jpg 768w\" sizes=\"auto, (max-width: 380px) 100vw, 380px\" \/><\/a>Tra i farmaci impiegati per trattare pazienti affetti da COVID-19, idrossiclorochina e azitromicina fanno registrare i maggiori consumi nel periodo preso in esame. Mentre, tra i medicinali utilizzati in regime ospedaliero, incrementi significativi nei consumi si rilevano per gli iniettivi e l\u2019ossigeno, di prevalente impiego nelle terapie intensive. \u00c8 evidente il maggior consumo di anestetici generali, sedativi iniettivi e curari a partire dal mese di febbraio 2020. Per tutti questi farmaci sono stati fondamentali i numerosi interventi per calmierare distorsioni distributive ed evitare fenomeni di accaparramento, cos\u00ec da garantirne la disponibilit\u00e0 omogenea e continuativa su tutto il territorio nazionale.<\/span><\/p>\n<p>Nel periodo pre e post COVID-19, inoltre, si sono mantenuti stabili i consumi per le categorie di farmaci impiegati per le malattie croniche, a testimonianza del buon esito delle strategie poste in atto per favorire la continuit\u00e0 assistenziale per i malati cronici e fragili, tra cui l\u2019estensione della validit\u00e0 dei piani terapeutici, la dematerializzazione della ricetta medica e l\u2019informazione istituzionale.<\/p>\n<p>\u201cSoprattutto durante l\u2019emergenza \u2013 ha sottolineato ancora Magrini &#8211; ci siamo resi conto di come solo gli studi randomizzati devono rappresentare uno standard di ricerca solido in grado di guidare la pratica clinica, come dimostra il caso dell&#8217;idrossiclorochina. \u00c8 fondamentale anche ripensare la ricerca scientifica internazionale, perch\u00e9 solo da una visione sovranazionale \u00e8 possibile trovare posizioni coerenti e sostanziale consenso sui trattamenti pi\u00f9 utili\u201d.<\/p>\n<p>\u201cLe pandemie ci sono \u2013 ha concluso Magrini \u2013 e nei prossimi decenni potranno tornare: sar\u00e0 quindi importante trattenere nella nostra memoria quello che \u00e8 successo e possibilmente valutare in modo indipendente la capacit\u00e0 di reazione. Il dolore e i lutti di questi mesi saranno stati inutili se saremo disposti ad accettare le solite ricette\u201d.<\/p>\n<p><a href=\"https:\/\/www.aifa.gov.it\/web\/guest\/-\/uso-dei-farmaci-durante-l-epidemia-covid-19-il-29-luglio-la-presentazione-del-rapporto-aifa\" target=\"_blank\" rel=\"noopener noreferrer\"><small>AIFA &#8211; Pubblicato il: 29 luglio 2020<\/small><\/a><\/p>\n<div id=\"column-2\" class=\"portlet-column portlet-column col-md-7\">\n<div id=\"layout-column_column-2\" class=\"portlet-dropzone portlet-column-content\">\n<section id=\"portlet_com_liferay_asset_publisher_web_portlet_AssetPublisherPortlet_INSTANCE_3XaqI4njvc4r\" class=\"portlet\">\n<div class=\"portlet-content\">\n<div class=\" portlet-content-container\">\n<div class=\"portlet-body\">\n<div class=\"underline_title istituzionale\">\n<div class=\"u-text-r-xxl u-padding-r-bottom\">\n<div class=\"u-layout-wide\">\n<div class=\"u-layout-centerContent u-padding-r-bottom\">\n<section class=\"u-layout-wide\">\n<div class=\"Grid Grid--withGutter\">\n<div class=\"Grid-cell u-md-size1of1 u-lg-size1of1 u-padding-r-left u-padding-r-bottom\">\n<div class=\"u-color-grey-30 u-border-top-xxs u-padding-right-xxl u-padding-r-top\">\n<p class=\"link-download u-color-50 u-textWeight-700 u-text-r-xs u-padding-r-top\">PDF <a class=\"u-color-black\" href=\"https:\/\/www.aifa.gov.it\/documents\/20142\/823882\/Comunicato_AIFA_N.603.pdf\/880857bc-f153-4b3b-4382-d06cbe70e3fe\" target=\"_blank\" rel=\"noopener noreferrer\">Comunicato Stampa n. 603 [0.13 Mb] &gt;<\/a><\/p>\n<\/div>\n<\/div>\n<div class=\"Grid-cell u-md-size1of1 u-lg-size1of1 u-padding-r-left u-padding-r-bottom\">\n<div class=\"u-color-grey-30 u-border-top-xxs u-padding-right-xxl u-padding-r-top\">\n<p class=\"link-download u-color-50 u-textWeight-700 u-text-r-xs u-padding-r-top\">PDF <a class=\"u-color-black\" href=\"https:\/\/www.aifa.gov.it\/documents\/20142\/1202341\/AIFA_Rapporto_uso_farmaci_durante_epidemia_COVID-19.pdf\/39f3399f-3bb0-e02c-5149-286135cc4e44\" target=\"_blank\" rel=\"noopener noreferrer\">Rapporto sull&#8217;uso dei farmaci durante l&#8217;epidemia COVID-19 Anno 2020 [1.4 Mb] &gt;<\/a><\/p>\n<\/div>\n<\/div>\n<div class=\"Grid-cell u-md-size1of1 u-lg-size1of1 u-padding-r-left u-padding-r-bottom\">\n<div class=\"u-color-grey-30 u-border-top-xxs u-padding-right-xxl u-padding-r-top\">\n<p class=\"link-download u-color-50 u-textWeight-700 u-text-r-xs u-padding-r-top\">PDF <a class=\"u-color-black\" href=\"https:\/\/www.aifa.gov.it\/documents\/20142\/1203241\/2020-07-29_Magrini.pdf\/c063cf02-ce21-9315-3284-9264d21e5b88\" target=\"_blank\" rel=\"noopener noreferrer\">Presentazione di Nicola Magrini [1.52 Mb] &gt;<\/a><\/p>\n<\/div>\n<\/div>\n<div class=\"Grid-cell u-md-size1of1 u-lg-size1of1 u-padding-r-left u-padding-r-bottom\">\n<div class=\"u-color-grey-30 u-border-top-xxs u-padding-right-xxl u-padding-r-top\">\n<p class=\"link-download u-color-50 u-textWeight-700 u-text-r-xs u-padding-r-top\">PDF <a class=\"u-color-black\" href=\"https:\/\/www.aifa.gov.it\/documents\/20142\/1203241\/2020-07-29_Di_Filippo.pdf\/66258d5e-3a84-8edc-377c-be4e1cb87b91\" target=\"_blank\" rel=\"noopener noreferrer\">Presentazione di Aurora Di Filippo [1.2 Mb] &gt;<\/a><\/p>\n<\/div>\n<\/div>\n<div class=\"Grid-cell u-md-size1of1 u-lg-size1of1 u-padding-r-left u-padding-r-bottom\">\n<div class=\"u-color-grey-30 u-border-top-xxs u-padding-right-xxl u-padding-r-top\">\n<p class=\"link-download u-color-50 u-textWeight-700 u-text-r-xs u-padding-r-top\">PDF <a class=\"u-color-black\" href=\"https:\/\/www.aifa.gov.it\/documents\/20142\/1203241\/2020-07-29_Trotta_MP.pdf\/dedd50e5-d78b-5b91-d6b9-e6dce2c5bf04\" target=\"_blank\" rel=\"noopener noreferrer\">Presentazione di Maria Paola Trotta [2.18 Mb] &gt;<\/a><\/p>\n<\/div>\n<\/div>\n<div class=\"Grid-cell u-md-size1of1 u-lg-size1of1 u-padding-r-left u-padding-r-bottom\">\n<div class=\"u-color-grey-30 u-border-top-xxs u-padding-right-xxl u-padding-r-top\">\n<p class=\"link-download u-color-50 u-textWeight-700 u-text-r-xs u-padding-r-top\">PDF <a class=\"u-color-black\" href=\"https:\/\/www.aifa.gov.it\/documents\/20142\/1203241\/2020-07-29_Brusaferro.pdf\/d1f6ac60-44b5-35a3-2fb0-0075a2d4d3e6\" target=\"_blank\" rel=\"noopener noreferrer\">Presentazione di Silvio Brusaferro [3.54 Mb] &gt;<\/a><\/p>\n<\/div>\n<\/div>\n<\/div>\n<\/section>\n<\/div>\n<\/div>\n<\/div>\n<\/div>\n<\/div>\n<\/div>\n<\/div>\n<\/section>\n<\/div>\n<\/div>\n<div id=\"column-2\" class=\"portlet-column portlet-column col-md-7\">\n<div id=\"layout-column_column-2\" class=\"portlet-dropzone portlet-column-content\">\n<div id=\"p_p_id_com_liferay_asset_publisher_web_portlet_AssetPublisherPortlet_INSTANCE_gTA7lXB8YXhD_\" class=\"portlet-boundary portlet-boundary_com_liferay_asset_publisher_web_portlet_AssetPublisherPortlet_ portlet-static portlet-static-end portlet-barebone portlet-asset-publisher no-title\">\n<section id=\"portlet_com_liferay_asset_publisher_web_portlet_AssetPublisherPortlet_INSTANCE_gTA7lXB8YXhD\" class=\"portlet\">\n<div class=\"portlet-content\">\n<div class=\" portlet-content-container\">\n<div class=\"portlet-body\"><a href=\"https:\/\/www.fedaiisf.it\/wp-content\/uploads\/2020\/07\/AIFA-Farmaci-covid-consumo.jpeg\"><img loading=\"lazy\" decoding=\"async\" class=\"size-large wp-image-52405 aligncenter\" src=\"https:\/\/www.fedaiisf.it\/wp-content\/uploads\/2020\/07\/AIFA-Farmaci-covid-consumo-1024x845.jpeg\" alt=\"\" width=\"1000\" height=\"825\" srcset=\"https:\/\/www.fedaiisf.it\/wp-content\/uploads\/2020\/07\/AIFA-Farmaci-covid-consumo-1024x845.jpeg 1024w, https:\/\/www.fedaiisf.it\/wp-content\/uploads\/2020\/07\/AIFA-Farmaci-covid-consumo-300x248.jpeg 300w, https:\/\/www.fedaiisf.it\/wp-content\/uploads\/2020\/07\/AIFA-Farmaci-covid-consumo-768x634.jpeg 768w, https:\/\/www.fedaiisf.it\/wp-content\/uploads\/2020\/07\/AIFA-Farmaci-covid-consumo.jpeg 1087w\" sizes=\"auto, (max-width: 1000px) 100vw, 1000px\" \/><\/a><\/div>\n<\/div>\n<\/div>\n<\/section>\n<\/div>\n<\/div>\n<\/div>\n<p>&nbsp;<\/p>\n","protected":false},"excerpt":{"rendered":"<p>\u00c8 stato presentato oggi il Rapporto sull\u2019uso dei farmaci durante l\u2019epidemia COVID-19, realizzato grazie ai dati elaborati dall\u2019Osservatorio Nazionale sull\u2019Impiego dei Medicinali (OsMed) dell\u2019Agenzia Italiana del Farmaco. Oltre al Direttore Generale dell\u2019AIFA Nicola Magrini (nella foto), che ha aperto i lavori, sono intervenuti la Presidente della Commissione Tecnico Scientifica dell\u2019Agenzia Patrizia Popoli, il Presidente dell\u2019Istituto &hellip;<\/p>","protected":false},"author":4,"featured_media":52403,"comment_status":"closed","ping_status":"closed","sticky":false,"template":"","format":"standard","meta":{"footnotes":""},"categories":[1],"tags":[49],"class_list":["post-52401","post","type-post","status-publish","format-standard","has-post-thumbnail","hentry","category-notizie","tag-aifa"],"amp_enabled":true,"_links":{"self":[{"href":"https:\/\/www.fedaiisf.it\/en\/wp-json\/wp\/v2\/posts\/52401","targetHints":{"allow":["GET"]}}],"collection":[{"href":"https:\/\/www.fedaiisf.it\/en\/wp-json\/wp\/v2\/posts"}],"about":[{"href":"https:\/\/www.fedaiisf.it\/en\/wp-json\/wp\/v2\/types\/post"}],"author":[{"embeddable":true,"href":"https:\/\/www.fedaiisf.it\/en\/wp-json\/wp\/v2\/users\/4"}],"replies":[{"embeddable":true,"href":"https:\/\/www.fedaiisf.it\/en\/wp-json\/wp\/v2\/comments?post=52401"}],"version-history":[{"count":0,"href":"https:\/\/www.fedaiisf.it\/en\/wp-json\/wp\/v2\/posts\/52401\/revisions"}],"wp:featuredmedia":[{"embeddable":true,"href":"https:\/\/www.fedaiisf.it\/en\/wp-json\/wp\/v2\/media\/52403"}],"wp:attachment":[{"href":"https:\/\/www.fedaiisf.it\/en\/wp-json\/wp\/v2\/media?parent=52401"}],"wp:term":[{"taxonomy":"category","embeddable":true,"href":"https:\/\/www.fedaiisf.it\/en\/wp-json\/wp\/v2\/categories?post=52401"},{"taxonomy":"post_tag","embeddable":true,"href":"https:\/\/www.fedaiisf.it\/en\/wp-json\/wp\/v2\/tags?post=52401"}],"curies":[{"name":"wp","href":"https:\/\/api.w.org\/{rel}","templated":true}]}}