{"id":52409,"date":"2020-07-30T11:36:32","date_gmt":"2020-07-30T09:36:32","guid":{"rendered":"https:\/\/www.fedaiisf.it\/?p=52409"},"modified":"2020-07-31T16:52:30","modified_gmt":"2020-07-31T14:52:30","slug":"fase3-piemonte-nastri-senatore-fdi-assurdo-divieto-daccesso-a-informatori-scientifici-presentero-interrogazione-a-ministro-speranza","status":"publish","type":"post","link":"https:\/\/www.fedaiisf.it\/en\/fase3-piemonte-nastri-senatore-fdi-assurdo-divieto-daccesso-a-informatori-scientifici-presentero-interrogazione-a-ministro-speranza\/","title":{"rendered":"Fase3 Piemonte. Nastri (senatore FdI): assurdo divieto d&#8217;accesso a informatori scientifici. Presenter\u00f2 interrogazione a ministro Speranza."},"content":{"rendered":"<h2 class=\"subheader\">De Grandis (FDI): gli informatori scientifici non sono untori<\/h2>\n<p><a href=\"https:\/\/www.newsnovara.it\/2020\/07\/30\/leggi-notizia\/argomenti\/politica-19\/articolo\/fase3-nastri-fdi-assurdo-divieto-daccesso-a-informatori-scientifici-presentero-interrogazione.html\" target=\"_blank\" rel=\"noopener noreferrer\">News Novara &#8211; 30 luglio 2020<\/a><\/p>\n<p><span style=\"color: #000000; font-size: 17px;\"><a href=\"https:\/\/www.fedaiisf.it\/wp-content\/uploads\/2020\/07\/Nastri-Sen-pro-ISF-Piemonte.jpeg\"><img loading=\"lazy\" decoding=\"async\" class=\"wp-image-52412 alignright\" src=\"https:\/\/www.fedaiisf.it\/wp-content\/uploads\/2020\/07\/Nastri-Sen-pro-ISF-Piemonte.jpeg\" alt=\"\" width=\"436\" height=\"346\" srcset=\"https:\/\/www.fedaiisf.it\/wp-content\/uploads\/2020\/07\/Nastri-Sen-pro-ISF-Piemonte.jpeg 497w, https:\/\/www.fedaiisf.it\/wp-content\/uploads\/2020\/07\/Nastri-Sen-pro-ISF-Piemonte-300x238.jpeg 300w\" sizes=\"auto, (max-width: 436px) 100vw, 436px\" \/><\/a>&#8220;<i>A Novara il direttore del Distretto Urbano ha deciso il divieto d&#8217;accesso per gli informatori scientifici fino a che la situazione non consentir\u00e0 di ripristinare la regolarit\u00e0. Una scelta che ritengo grave perch\u00e8 gli informatori medico-scientifici non possono essere considerati degli untori e hanno il diritto di poter ritornare a lavorare, in sicurezza. <\/i><\/span><\/p>\n<p><span style=\"color: #000000; font-size: 17px;\"><i>E&#8217; davvero paradossale, che in un momento in cui si parla di uscire dall&#8217;emergenza, di ritorno alla normalit\u00e0 che nella provincia di Novara sia impedito agli informatori scientifici di svolgere la propria attivit\u00e0. <\/i><\/span><\/p>\n<p><span style=\"color: #000000; font-size: 17px;\"><i>Mentre sarebbe possibile garantirla rispettando quelle normali precauzioni che in Piemonte, e non solo, stanno consentendo a tutti di tornare a lavoro. Presenter\u00f2, quindi, un&#8217;interrogazione al ministro Speranza affinch\u00e8 faccia chiarezza su questa vicenda, evitando discriminazioni assurde che rischiano di affossare una categoria gi\u00e0 pesantemente colpita dalla crisi economica<\/i>&#8220;. Lo dichiara il senatore di Fratelli d&#8217;Italia, <b>Gaetano Nastri<\/b>, vicecoordinatore vicario di FdI in Piemonte.<\/span><\/p>\n<p><span style=\"color: #000000; font-size: 17px;\"><i><a href=\"https:\/\/www.fedaiisf.it\/wp-content\/uploads\/2020\/07\/De-Grandis-Consigliere-NO-pro-ISF.jpeg\"><img loading=\"lazy\" decoding=\"async\" class=\"wp-image-52413 alignleft\" src=\"https:\/\/www.fedaiisf.it\/wp-content\/uploads\/2020\/07\/De-Grandis-Consigliere-NO-pro-ISF.jpeg\" alt=\"\" width=\"369\" height=\"292\" srcset=\"https:\/\/www.fedaiisf.it\/wp-content\/uploads\/2020\/07\/De-Grandis-Consigliere-NO-pro-ISF.jpeg 505w, https:\/\/www.fedaiisf.it\/wp-content\/uploads\/2020\/07\/De-Grandis-Consigliere-NO-pro-ISF-300x238.jpeg 300w\" sizes=\"auto, (max-width: 369px) 100vw, 369px\" \/><\/a>\u201cGli informatori medico-scientifici non sono untori e hanno tutto il diritto, come avvenuto in altri territori del Piemonte, di poter ritornare a lavorare, in sicurezza, ma a pieno regime. E&#8217; davvero paradossale, in questo momento di uscita dall&#8217;emergenza, che nel Novarese proprio questa categoria sia una di quelle meno tutelate nello svolgimento della propria attivit\u00e0. <\/i><\/span><\/p>\n<p><span style=\"color: #000000; font-size: 17px;\"><i>Nel nostro territorio, infatti, non sono a tutt&#8217;oggi consentiti a questi professionisti gli accessi a tutti i luoghi dove poter svolgere la propria attivit\u00e0 e questo nonostante possono essere prese tutte le precauzioni per evitare il contagio imposte dalla normativa, esattamente come per tutti gli altri lavoratori ed esattamente come avvenuto in altre province del Piemonte e in altre regioni. <\/i><\/span><\/p>\n<p><span style=\"color: #000000; font-size: 17px;\"><i>Trovo assurda questa mancata assunzione di responsabilit\u00e0 da parte dei Dirigenti dei Servizi sanitari territoriali locali, che, alla luce dell&#8217;importanza strategica che la Medicina territoriale ha avuto e avr\u00e0 nei prossimi mesi, deve risolvere questo problema sia per una ripresa del ruolo chiave svolto nell&#8217;informazione e nella divulgazione scientifica, sia anche per tutelare i lavoratori di questo settore. <\/i><\/span><\/p>\n<p><span style=\"color: #000000; font-size: 17px;\"><i>E&#8217; mia intenzione sollecitare i vertici dirigenziali a tutti i livelli per risolvere la questione. Ripartenza e tutela della salute sono anche questo. Ancora una volta ringrazio il Senatore Gaetano Nastri per la sensibilit\u00e0 che ha dimostrato prendendo a cuore fin da subito questa problematica<\/i>\u201d. Lo scrive sulle sue pagine social<b> Ivan De Grandis<\/b>, Consigliere provinciale e comunale di Novara.<\/span><\/p>\n<hr \/>\n<p>SANIT\u00c0. AVETTA (PD): \u201cPERCH\u00c9 IN PIEMONTE GLI OSPEDALI SONO ANCORA VIETATI AGLI INFORMATORI SCIENTIFICI?\u201d<\/p>\n<p>Avetta (PD): \u201cHo presentato un Question Time per sapere se Cirio e Icardi sono interessati a incontrare gli informatori scientifici e risolvere la questione del loro accesso agli ospedali\u201d<\/p>\n<p>Bragantini (PD): &quot;Piedmont does like Veneto: hospitals are places of treatment but also places of work and scientific representatives are also health workers&quot;<\/p>\n<p>&nbsp;<\/p>\n<p>\u201cAgli informatori scientifici continua ad essere vietato l\u2019accesso alle strutture sanitarie. L\u2019Associazione Italiana Informatori Scientifici del Farmaco Regione Piemonte ha evidenziato come tale divieto non solo renda agli informatori scientifici difficoltoso l\u2019esercizio della loro professione ma potrebbe causare importanti ricadute negative sotto il profilo occupazionale incidendo, oltre che sulla salute dei piemontesi, anche sui livelli di occupazione di molte imprese del settore. Peraltro, l\u2019Associazione ha pi\u00f9 volte sollecitato per iscritto un incontro sia al Presidente Cirio sia all\u2019assessore Icardi, senza ottenere riscontro alcuno. Per questo ho presentato un Question time, per capire se, in che tempi e con quali modalit\u00e0, la Regione Piemonte intenda affrontare e risolvere la questione dell\u2019accesso degli informatori scientifici ai nostri ospedali e presidi sanitari\u201d: lo dichiara il consigliere regionale Alberto AVETTA (PD), che ha presentato in Consiglio regionale un Question Time sul divieto di accesso degli informatori scientifici alle strutture sanitarie regionali, conseguenza del fatto che il settore non \u00e8 stato preso in considerazione dal Decreto Regionale n. 68 del 13 giugno 2020, n\u00e9 sono state adottate linee guida in materia, nonostante la normativa nazionale riconosca agli informatori scientifici un ruolo rilevante considerandoli parte integrante del sistema sanitario.<\/p>\n<p>\u201cI nostri ospedali sono luoghi di cura ma anche di lavoro e tra i lavoratori della sanit\u00e0 bisogna includere anche gli informatori scientifici del farmaco-commenta Paola BRAGANTINI, coordinatore della Segreteria regionale Pd Piemonte-Il Veneto ha riconosciuto l\u2019interesse pubblico nello svolgimento dell\u2019attivit\u00e0 di informazione scientifica e ha consentito con apposita Delibera l\u2019accesso regolato degli informatori scientifici nelle strutture ospedaliere, anche in deroga alle disposizioni limitative degli accessi adottate dalle singole strutture. Non si vede perch\u00e9 in Piemonte non si voglia mettere questa categoria di lavoratori nelle condizioni di poter svolgere la loro professione\u201d.<\/p>\n<p><a href=\"https:\/\/www.chivassoggi.it\/2020\/07\/31\/leggi-notizia\/argomenti\/politica-15\/articolo\/sanita-avetta-pdperche-in-piemonte-gli-ospedali-sono-ancora-vietati-agli-informatori-scientif.html\" target=\"_blank\" rel=\"noopener noreferrer\">Chivasso today \u2013 31 July 2020<\/a><\/p>\n<p>&nbsp;<\/p>","protected":false},"excerpt":{"rendered":"<p>De Grandis (FDI): gli informatori scientifici non sono untori News Novara &#8211; 30 luglio 2020 &#8220;A Novara il direttore del Distretto Urbano ha deciso il divieto d&#8217;accesso per gli informatori scientifici fino a che la situazione non consentir\u00e0 di ripristinare la regolarit\u00e0. Una scelta che ritengo grave perch\u00e8 gli informatori medico-scientifici non possono essere considerati &hellip;<\/p>","protected":false},"author":4,"featured_media":52414,"comment_status":"closed","ping_status":"closed","sticky":false,"template":"","format":"standard","meta":{"footnotes":""},"categories":[1],"tags":[],"class_list":["post-52409","post","type-post","status-publish","format-standard","has-post-thumbnail","hentry","category-notizie"],"amp_enabled":true,"_links":{"self":[{"href":"https:\/\/www.fedaiisf.it\/en\/wp-json\/wp\/v2\/posts\/52409","targetHints":{"allow":["GET"]}}],"collection":[{"href":"https:\/\/www.fedaiisf.it\/en\/wp-json\/wp\/v2\/posts"}],"about":[{"href":"https:\/\/www.fedaiisf.it\/en\/wp-json\/wp\/v2\/types\/post"}],"author":[{"embeddable":true,"href":"https:\/\/www.fedaiisf.it\/en\/wp-json\/wp\/v2\/users\/4"}],"replies":[{"embeddable":true,"href":"https:\/\/www.fedaiisf.it\/en\/wp-json\/wp\/v2\/comments?post=52409"}],"version-history":[{"count":0,"href":"https:\/\/www.fedaiisf.it\/en\/wp-json\/wp\/v2\/posts\/52409\/revisions"}],"wp:featuredmedia":[{"embeddable":true,"href":"https:\/\/www.fedaiisf.it\/en\/wp-json\/wp\/v2\/media\/52414"}],"wp:attachment":[{"href":"https:\/\/www.fedaiisf.it\/en\/wp-json\/wp\/v2\/media?parent=52409"}],"wp:term":[{"taxonomy":"category","embeddable":true,"href":"https:\/\/www.fedaiisf.it\/en\/wp-json\/wp\/v2\/categories?post=52409"},{"taxonomy":"post_tag","embeddable":true,"href":"https:\/\/www.fedaiisf.it\/en\/wp-json\/wp\/v2\/tags?post=52409"}],"curies":[{"name":"wp","href":"https:\/\/api.w.org\/{rel}","templated":true}]}}