{"id":52493,"date":"2020-08-04T12:13:03","date_gmt":"2020-08-04T10:13:03","guid":{"rendered":"https:\/\/www.fedaiisf.it\/?p=52493"},"modified":"2020-08-04T12:21:16","modified_gmt":"2020-08-04T10:21:16","slug":"francia-le-monde-indagini-su-sanofi-per-omicidio-involontario","status":"publish","type":"post","link":"https:\/\/www.fedaiisf.it\/en\/francia-le-monde-indagini-su-sanofi-per-omicidio-involontario\/","title":{"rendered":"France, Le Monde: investigations into Sanofi for &quot;involuntary manslaughter&quot;"},"content":{"rendered":"<p>Il gruppo farmaceutico \u00e8 al centro delle inchieste degli inquirenti con l&#8217;accusa di\u00a0aver &#8220;ingannato sui rischi inerenti all&#8217;uso del prodotto e le precauzioni da prendere\u201d. Il farmaco al centro delle indagini \u00e8 il\u00a0D\u00e9pakine, impiegato per il trattamento dell&#8217;epilessia<\/p>\n<p>Il gruppo farmaceutico <a href=\"https:\/\/tg24.sky.it\/salute-e-benessere\/2020\/07\/29\/coronavirus-vaccino-sanofi-gsk-gb\" target=\"_blank\" rel=\"follow noopener noreferrer\">Sanofi<\/a> \u00e8 stato iscritto nel registro degli indagati per &#8220;omicidio involontario&#8221;, nell\u2019ambito dell&#8217;inchiesta sulla commercializzazione del farmaco D\u00e9pakine, impiegato per il trattamento dell&#8217;epilessia. A riferirlo \u00e8 l&#8217;agenzia France Presse (AFP) che, sostanzialmente, ha confermato un&#8217;inchiesta pubblicata dal <a href=\"https:\/\/www.fedaiisf.it\/wp-content\/uploads\/2020\/08\/Le-Monde-Sanofi-D\u00e9pakine.jpeg\"><img loading=\"lazy\" decoding=\"async\" class=\"wp-image-52496 alignright\" src=\"https:\/\/www.fedaiisf.it\/wp-content\/uploads\/2020\/08\/Le-Monde-Sanofi-D\u00e9pakine.jpeg\" alt=\"\" width=\"433\" height=\"204\" srcset=\"https:\/\/www.fedaiisf.it\/wp-content\/uploads\/2020\/08\/Le-Monde-Sanofi-D\u00e9pakine.jpeg 852w, https:\/\/www.fedaiisf.it\/wp-content\/uploads\/2020\/08\/Le-Monde-Sanofi-D\u00e9pakine-300x142.jpeg 300w, https:\/\/www.fedaiisf.it\/wp-content\/uploads\/2020\/08\/Le-Monde-Sanofi-D\u00e9pakine-768x362.jpeg 768w\" sizes=\"auto, (max-width: 433px) 100vw, 433px\" \/><\/a>quotidiano \u201c<a href=\"https:\/\/www.lemonde.fr\/societe\/article\/2020\/08\/03\/depakine-sanofi-mis-en-examen-pour-homicides-involontaires_6047988_3224.html\" target=\"_blank\" rel=\"nofollow noopener noreferrer\">Le Monde<\/a>\u201d.<\/p>\n<p><a href=\"https:\/\/tg24.sky.it\/salute-e-benessere\/2020\/08\/03\/francia-sanofi-indagini\" target=\"_blank\" rel=\"noopener noreferrer\">SKY TG24 &#8211; 3 agosto 2020<\/a><\/p>\n<h2>Il caso D\u00e9pakine<\/h2>\n<p>L&#8217;inchiesta nei confronti del colosso farmaceutico francese era stata aperta nel 2016. Sanofi, spiegano le agenzie di stampa, era gi\u00e0 stato incriminato a febbraio per &#8220;inganno aggravato&#8221; e &#8220;lesioni colpose&#8221;, con l\u2019accusa di aver &#8220;ingannato sui rischi inerenti all&#8217;uso del prodotto e le precauzioni da prendere\u201d.<\/p>\n<p>L\u2019inchiesta, avviata dal tribunale giudiziario di <a href=\"https:\/\/tg24.sky.it\/salute-e-benessere\/2020\/07\/20\/coronavirus-francia-mascherine-obbligatorie\" target=\"_blank\" rel=\"follow noopener noreferrer\">Paris<\/a>, era stata condotta a seguito di una procedura avviata da un\u2019associazione per l&#8217;assistenza dei genitori di bambini affetti da sindrome anti-convulsiva (Apesac), in rappresentanza di 4.000 persone, la met\u00e0 dei quali erano bambini malati.<\/p>\n<p>Le indagini sono state portate avanti basandosi su 14 casi di madri che hanno assunto Depakine durante la <a href=\"https:\/\/www.fedaiisf.it\/wp-content\/uploads\/2020\/08\/depakine-teratogeno-1025x559-1.jpg\"><img loading=\"lazy\" decoding=\"async\" class=\"wp-image-52499 alignleft\" src=\"https:\/\/www.fedaiisf.it\/wp-content\/uploads\/2020\/08\/depakine-teratogeno-1025x559-1.jpg\" alt=\"\" width=\"343\" height=\"187\" srcset=\"https:\/\/www.fedaiisf.it\/wp-content\/uploads\/2020\/08\/depakine-teratogeno-1025x559-1.jpg 685w, https:\/\/www.fedaiisf.it\/wp-content\/uploads\/2020\/08\/depakine-teratogeno-1025x559-1-300x164.jpg 300w, https:\/\/www.fedaiisf.it\/wp-content\/uploads\/2020\/08\/depakine-teratogeno-1025x559-1-546x300.jpg 546w\" sizes=\"auto, (max-width: 343px) 100vw, 343px\" \/><\/a>gravidanza. Inoltre, la giustizia francese, scrive \u201cLe Monde\u201d, vuole determinare se il laboratorio francese pu\u00f2 essere ritenuto responsabile della morte, nel 1990, 1996, 2011 e 2014, di quattro bambini di et\u00e0 compresa tra poche settimane e alcuni mesi.<\/p>\n<p>Quattro bambini le cui madri, durante la gravidanza, avevano assunto proprio il Depakine, un farmaco il cui effetto sul feto provoca malformazioni e disturbi dello sviluppo neurologico (autismo, compromissione del QI). \u201cSi sospetta che Sanofi abbia fallito nel non valutare appieno la conoscenza della tossicit\u00e0 di Depakine sull&#8217;embrione&#8221;, una tossicit\u00e0 che \u00e8 stata <a href=\"https:\/\/www.lemonde.fr\/sante\/article\/2018\/06\/22\/une-etude-confirme-l-ampleur-des-degats-causes-par-la-depakine_5319657_1651302.html\" target=\"_blank\" rel=\"nofollow noopener noreferrer\">documentata dagli anni &#8217;80<\/a>, scrive ancora il quotidiano francese.<\/p>\n<p>Al centro delle attenzioni degli inquirenti il sodio valproato, principio attivo utilizzato principalmente per trattare l&#8217;epilessia e il disturbo bipolare, commercializzato, a partire dal 1967, con il marchio D\u00e9pakine da Sanofi, ma anche con marchi generici.<\/p>\n<h2><a href=\"https:\/\/www.fedaiisf.it\/wp-content\/uploads\/2020\/08\/Sanofi-France.jpg\"><img loading=\"lazy\" decoding=\"async\" class=\"wp-image-52501 alignright\" src=\"https:\/\/www.fedaiisf.it\/wp-content\/uploads\/2020\/08\/Sanofi-France.jpg\" alt=\"\" width=\"316\" height=\"178\" srcset=\"https:\/\/www.fedaiisf.it\/wp-content\/uploads\/2020\/08\/Sanofi-France.jpg 800w, https:\/\/www.fedaiisf.it\/wp-content\/uploads\/2020\/08\/Sanofi-France-300x169.jpg 300w, https:\/\/www.fedaiisf.it\/wp-content\/uploads\/2020\/08\/Sanofi-France-768x432.jpg 768w, https:\/\/www.fedaiisf.it\/wp-content\/uploads\/2020\/08\/Sanofi-France-390x220.jpg 390w\" sizes=\"auto, (max-width: 316px) 100vw, 316px\" \/><\/a>La difesa di Sanofi<\/h2>\n<p>Sanofi, in una comunicazione inviata proprio ad AFP, ha affermato di &#8220;aver adempiuto ai propri obblighi di informazione\u201d e di \u201ccontestare il merito di tali procedimenti giudiziari&#8221;, dato che non sussisterebbero elementi che \u201cpregiudicano in alcun modo la responsabilit\u00e0 del laboratorio&#8221;, ha sottolineato il <a href=\"https:\/\/tg24.sky.it\/salute-e-benessere\/2020\/06\/23\/emofilia-terapia-sperimentale\" target=\"_blank\" rel=\"follow noopener noreferrer\">gruppo farmaceutico<\/a>.<\/p>\n<p>A luglio, aggiungono ancora le agenzie, la giustizia aveva riconosciuto per la prima volta la responsabilit\u00e0 dello Stato, cos\u00ec come quella di Sanofi e dei medici, negli effetti devastanti dell&#8217;epilettico D\u00e9pakine, ordinando di risarcire le famiglie dei bambini gravemente disabili.<\/p>\n<p>Related news:\u00a0<a href=\"https:\/\/www.fedaiisf.it\/en\/depakin-sanofi-incriminata-per-inganno-aggravato-e-lesioni-involontarie\/\" target=\"_blank\" rel=\"noopener noreferrer\"><strong>Depakin. Sanofi indicted for aggravated deception and unintentional bodily harm<\/strong><\/a><\/p>","protected":false},"excerpt":{"rendered":"<p>Il gruppo farmaceutico \u00e8 al centro delle inchieste degli inquirenti con l&#8217;accusa di\u00a0aver &#8220;ingannato sui rischi inerenti all&#8217;uso del prodotto e le precauzioni da prendere\u201d. Il farmaco al centro delle indagini \u00e8 il\u00a0D\u00e9pakine, impiegato per il trattamento dell&#8217;epilessia Il gruppo farmaceutico Sanofi \u00e8 stato iscritto nel registro degli indagati per &#8220;omicidio involontario&#8221;, nell\u2019ambito dell&#8217;inchiesta sulla &hellip;<\/p>","protected":false},"author":4,"featured_media":52498,"comment_status":"closed","ping_status":"closed","sticky":false,"template":"","format":"standard","meta":{"footnotes":""},"categories":[1],"tags":[],"class_list":["post-52493","post","type-post","status-publish","format-standard","has-post-thumbnail","hentry","category-notizie"],"amp_enabled":true,"_links":{"self":[{"href":"https:\/\/www.fedaiisf.it\/en\/wp-json\/wp\/v2\/posts\/52493","targetHints":{"allow":["GET"]}}],"collection":[{"href":"https:\/\/www.fedaiisf.it\/en\/wp-json\/wp\/v2\/posts"}],"about":[{"href":"https:\/\/www.fedaiisf.it\/en\/wp-json\/wp\/v2\/types\/post"}],"author":[{"embeddable":true,"href":"https:\/\/www.fedaiisf.it\/en\/wp-json\/wp\/v2\/users\/4"}],"replies":[{"embeddable":true,"href":"https:\/\/www.fedaiisf.it\/en\/wp-json\/wp\/v2\/comments?post=52493"}],"version-history":[{"count":0,"href":"https:\/\/www.fedaiisf.it\/en\/wp-json\/wp\/v2\/posts\/52493\/revisions"}],"wp:featuredmedia":[{"embeddable":true,"href":"https:\/\/www.fedaiisf.it\/en\/wp-json\/wp\/v2\/media\/52498"}],"wp:attachment":[{"href":"https:\/\/www.fedaiisf.it\/en\/wp-json\/wp\/v2\/media?parent=52493"}],"wp:term":[{"taxonomy":"category","embeddable":true,"href":"https:\/\/www.fedaiisf.it\/en\/wp-json\/wp\/v2\/categories?post=52493"},{"taxonomy":"post_tag","embeddable":true,"href":"https:\/\/www.fedaiisf.it\/en\/wp-json\/wp\/v2\/tags?post=52493"}],"curies":[{"name":"wp","href":"https:\/\/api.w.org\/{rel}","templated":true}]}}