{"id":52698,"date":"2020-08-22T11:46:23","date_gmt":"2020-08-22T09:46:23","guid":{"rendered":"https:\/\/www.fedaiisf.it\/?p=52698"},"modified":"2020-08-22T11:46:23","modified_gmt":"2020-08-22T09:46:23","slug":"incidente-alla-dr-ssa-solfrini-coordinatrice-del-gruppo-regionale-emilia-romagna-per-lisf-si-cercano-testimoni","status":"publish","type":"post","link":"https:\/\/www.fedaiisf.it\/en\/incidente-alla-dr-ssa-solfrini-coordinatrice-del-gruppo-regionale-emilia-romagna-per-lisf-si-cercano-testimoni\/","title":{"rendered":"Accident involving Dr. Solfrini, coordinator of the Emilia Romagna Regional Group for the ISF. Witnesses are sought"},"content":{"rendered":"<p><em>Ci giunge notizia che la Dr.ssa Valentina Solfrini, coordinatrice del gruppo di lavoro dell&#8217;Emilia Romagna<\/em><\/p>\n<p><em><a href=\"https:\/\/www.fedaiisf.it\/wp-content\/uploads\/2020\/02\/Solfrini.jpeg\"><img loading=\"lazy\" decoding=\"async\" class=\"wp-image-47877 alignright\" src=\"https:\/\/www.fedaiisf.it\/wp-content\/uploads\/2020\/02\/Solfrini.jpeg\" alt=\"\" width=\"252\" height=\"193\" srcset=\"https:\/\/www.fedaiisf.it\/wp-content\/uploads\/2020\/02\/Solfrini.jpeg 512w, https:\/\/www.fedaiisf.it\/wp-content\/uploads\/2020\/02\/Solfrini-300x230.jpeg 300w\" sizes=\"auto, (max-width: 252px) 100vw, 252px\" \/><\/a><\/em><\/p>\n<p><em>sull&#8217;informazione scientifica, \u00e8 stata vittima di un incidente il 10 agosto scorso. A quanto sappiamo, \u00e8 stata ricoverata in terapia intensiva all&#8217;Ospedale Maggiore di Bologna. Le sue condizioni, ci dicono, sono stabili in netto\u00a0miglioramento. La Dr.ssa Solfrini \u00e8 stata investita sulle strisce pedonali. L&#8217;autore dell&#8217;incidente non \u00e8 fuggito ma non \u00e8 chiaro come sia avvenuto.<\/em><\/p>\n<p><em><span style=\"color: #000000;\">Facciamo tanti auguri di cuore alla sua famiglia e alla dottoressa Solfrini perch\u00e9 possa ristabilirsi quanto prima<\/span>.<\/em><\/p>\n<p><em>La figlia, Erica Biagini, lancia un appello per cercare i testimoni della dinamica dell&#8217;incidente che volentieri pubblichiamo<\/em><\/p>\n<p><span style=\"color: #000000; font-size: 18px;\">La mia mamma \u2013 che si trova attualmente ricoverata in terapia intensiva &#8211; Luned\u00ec 10 agosto 2020 verso le 9.00 del mattino \u00e8 stata investita sulle strisce pedonali a Bologna (zona Bolognina) all\u2019angolo tra VIA JACOPO DELLA QUERCIA e VIA MARCANTONIO FRANCESCINI in prossimit\u00e0 del civico N.1, da una BMW 530 di colore blu. <\/span><\/p>\n<p><span style=\"color: #000000; font-size: 18px;\">Ci hanno riferito che \u00e8 stata immediatamente soccorsa da un ragazzo che ha allertato il 118 ed \u00e8 rimasto con lei fino a quando non \u00e8 stata trasportata d\u2019urgenza all\u2019Ospedale Maggiore di Bologna. <\/span><\/p>\n<p><span style=\"color: #000000; font-size: 18px;\">Abbiamo assolutamente bisogno di rintracciare il testimone che ha visto la dinamica dell\u2019incidente e le ha prestato subito aiuto.<\/span><\/p>\n<p><span style=\"color: #000000; font-size: 18px;\">Chiunque abbia informazioni pu\u00f2 contattarmi al numero <strong>3779196058<\/strong> o sul mio profilo <strong>FACEBOOK (ERICA BIAGINI). <\/strong><\/span><\/p>\n<p><span style=\"color: #000000; font-size: 18px;\">Vi prego di condividere il pi\u00f9 possibile questo messaggio. <\/span><br \/>\n<span style=\"color: #000000; font-size: 18px;\">Qualsiasi aiuto \u00e8 fondamentale!!\u00a0<\/span><\/p>\n<p><span style=\"color: #000000; font-size: 18px;\">Vi ringrazio per l\u2019attenzione <\/span><br \/>\n<span style=\"color: #000000; font-size: 18px;\">Erica<\/span><\/p>\n<p>&nbsp;<\/p>\n<p><em>Sopra e sotto il luogo dell&#8217;incidente<\/em><\/p>\n<p><a href=\"https:\/\/www.fedaiisf.it\/wp-content\/uploads\/2020\/08\/Bologna-via-Franceschini.jpg\"><img loading=\"lazy\" decoding=\"async\" class=\"wp-image-52705 alignleft\" src=\"https:\/\/www.fedaiisf.it\/wp-content\/uploads\/2020\/08\/Bologna-via-Franceschini.jpg\" alt=\"\" width=\"405\" height=\"304\" srcset=\"https:\/\/www.fedaiisf.it\/wp-content\/uploads\/2020\/08\/Bologna-via-Franceschini.jpg 960w, https:\/\/www.fedaiisf.it\/wp-content\/uploads\/2020\/08\/Bologna-via-Franceschini-300x225.jpg 300w, https:\/\/www.fedaiisf.it\/wp-content\/uploads\/2020\/08\/Bologna-via-Franceschini-768x576.jpg 768w\" sizes=\"auto, (max-width: 405px) 100vw, 405px\" \/><\/a><a href=\"https:\/\/www.fedaiisf.it\/wp-content\/uploads\/2020\/08\/Bologna-via-Della-Quercia-2.jpeg\"><img loading=\"lazy\" decoding=\"async\" class=\"alignnone  wp-image-52706\" src=\"https:\/\/www.fedaiisf.it\/wp-content\/uploads\/2020\/08\/Bologna-via-Della-Quercia-2.jpeg\" alt=\"\" width=\"359\" height=\"314\" srcset=\"https:\/\/www.fedaiisf.it\/wp-content\/uploads\/2020\/08\/Bologna-via-Della-Quercia-2.jpeg 745w, https:\/\/www.fedaiisf.it\/wp-content\/uploads\/2020\/08\/Bologna-via-Della-Quercia-2-300x263.jpeg 300w\" sizes=\"auto, (max-width: 359px) 100vw, 359px\" \/><\/a><\/p>","protected":false},"excerpt":{"rendered":"<p>Ci giunge notizia che la Dr.ssa Valentina Solfrini, coordinatrice del gruppo di lavoro dell&#8217;Emilia Romagna sull&#8217;informazione scientifica, \u00e8 stata vittima di un incidente il 10 agosto scorso. A quanto sappiamo, \u00e8 stata ricoverata in terapia intensiva all&#8217;Ospedale Maggiore di Bologna. Le sue condizioni, ci dicono, sono stabili in netto\u00a0miglioramento. La Dr.ssa Solfrini \u00e8 stata investita &hellip;<\/p>","protected":false},"author":4,"featured_media":52703,"comment_status":"closed","ping_status":"closed","sticky":false,"template":"","format":"standard","meta":{"footnotes":""},"categories":[1],"tags":[],"class_list":["post-52698","post","type-post","status-publish","format-standard","has-post-thumbnail","hentry","category-notizie"],"amp_enabled":true,"_links":{"self":[{"href":"https:\/\/www.fedaiisf.it\/en\/wp-json\/wp\/v2\/posts\/52698","targetHints":{"allow":["GET"]}}],"collection":[{"href":"https:\/\/www.fedaiisf.it\/en\/wp-json\/wp\/v2\/posts"}],"about":[{"href":"https:\/\/www.fedaiisf.it\/en\/wp-json\/wp\/v2\/types\/post"}],"author":[{"embeddable":true,"href":"https:\/\/www.fedaiisf.it\/en\/wp-json\/wp\/v2\/users\/4"}],"replies":[{"embeddable":true,"href":"https:\/\/www.fedaiisf.it\/en\/wp-json\/wp\/v2\/comments?post=52698"}],"version-history":[{"count":0,"href":"https:\/\/www.fedaiisf.it\/en\/wp-json\/wp\/v2\/posts\/52698\/revisions"}],"wp:featuredmedia":[{"embeddable":true,"href":"https:\/\/www.fedaiisf.it\/en\/wp-json\/wp\/v2\/media\/52703"}],"wp:attachment":[{"href":"https:\/\/www.fedaiisf.it\/en\/wp-json\/wp\/v2\/media?parent=52698"}],"wp:term":[{"taxonomy":"category","embeddable":true,"href":"https:\/\/www.fedaiisf.it\/en\/wp-json\/wp\/v2\/categories?post=52698"},{"taxonomy":"post_tag","embeddable":true,"href":"https:\/\/www.fedaiisf.it\/en\/wp-json\/wp\/v2\/tags?post=52698"}],"curies":[{"name":"wp","href":"https:\/\/api.w.org\/{rel}","templated":true}]}}