{"id":52816,"date":"2020-09-01T19:39:27","date_gmt":"2020-09-01T17:39:27","guid":{"rendered":"https:\/\/www.fedaiisf.it\/?p=52816"},"modified":"2020-09-02T10:38:14","modified_gmt":"2020-09-02T08:38:14","slug":"intervista-a-scaccabarozzi-farmindustria-lo-smart-working-puo-essere-integrativo-per-gli-isf-il-rapporto-umano-e-ancora-irrinunciabile","status":"publish","type":"post","link":"https:\/\/www.fedaiisf.it\/en\/intervista-a-scaccabarozzi-farmindustria-lo-smart-working-puo-essere-integrativo-per-gli-isf-il-rapporto-umano-e-ancora-irrinunciabile\/","title":{"rendered":"Interview with Scaccabarozzi (Farmindustria): Smart working can be integrative, for ISFs the human relationship is still essential"},"content":{"rendered":"<h3 class=\"site-block__title\">Continuit\u00e0 oltre la crisi, l\u2019industria del farmaco si tiene stretta al lavoro<\/h3>\n<div class=\"content\">\n<h4 class=\"site-block__title\">Mantenimento delle produzioni, tenuta dell\u2019export e mercato interno in flessione. Massimo Scaccabarozzi, riconfermato presidente di Farmindustria, riflette sull\u2019esperienza passata e su un presente complesso confidando per\u00f2 nelle pipeline e nell\u2019evoluzione delle professioni tipiche del settore. L\u2019associazione imprenditoriale ne ha censite un centinaio. Dal numero 181 del magazine<\/h4>\n<\/div>\n<p><em>Massimo Scaccabarozzi a\u00a0luglio \u00e8 stato riconfermato presidente di Farmindustria fino al 2022 (la prima nomina risale al 2011) e nell\u2019<a href=\"https:\/\/www.aboutpharma.com\/blog\/2020\/09\/01\/continuita-oltre-la-crisi-lindustria-del-farmaco-si-tiene-stretta-al-lavoro\/\" target=\"_blank\" rel=\"noopener noreferrer\">intervista rilasciata a AboutPharma<\/a> analizza volentieri gli eventi che si sono succeduti durante la sua reggenza. Guardando al futuro, ovviamente.<\/em><\/p>\n<p><em>Riportiamo integralmente i passaggi dell&#8217;intervista che riguardano gli informatori scientifici del farmaco.<\/em><\/p>\n<p><strong>Quando si \u00e8 insediato nel 2011 si era nell\u2019onda lunga di una crisi finanziaria iniziata nel 2008. Che situazione vivevano le imprese?<\/strong><\/p>\n<p>Ricordo che la notte prima della nomina fu introdotto il tetto sulla spesa ospedaliera vincolante, cosa che non era mai stata fatta prima. Da l\u00ec sono iniziati tutti i problemi, la crisi economica era profonda ma proprio allora come Farmindustria abbiamo cercato di portare fuori ed evidenziare il valore di un settore che poteva dare molto.<\/p>\n<p><strong>In che modo?<\/strong><\/p>\n<p>Raccontando quello che stavamo facendo come produzione industriale, nella ricerca, nella formazione etc. <a href=\"https:\/\/www.fedaiisf.it\/wp-content\/uploads\/2018\/07\/scaccabarozzi-assemblea-farmindustria-2018.jpg\"><img loading=\"lazy\" decoding=\"async\" class=\"wp-image-36995 alignright\" src=\"https:\/\/www.fedaiisf.it\/wp-content\/uploads\/2018\/07\/scaccabarozzi-assemblea-farmindustria-2018-1024x682.jpg\" alt=\"\" width=\"380\" height=\"253\" srcset=\"https:\/\/www.fedaiisf.it\/wp-content\/uploads\/2018\/07\/scaccabarozzi-assemblea-farmindustria-2018.jpg 1024w, https:\/\/www.fedaiisf.it\/wp-content\/uploads\/2018\/07\/scaccabarozzi-assemblea-farmindustria-2018-300x200.jpg 300w, https:\/\/www.fedaiisf.it\/wp-content\/uploads\/2018\/07\/scaccabarozzi-assemblea-farmindustria-2018-768x512.jpg 768w, https:\/\/www.fedaiisf.it\/wp-content\/uploads\/2018\/07\/scaccabarozzi-assemblea-farmindustria-2018-274x183.jpg 274w, https:\/\/www.fedaiisf.it\/wp-content\/uploads\/2018\/07\/scaccabarozzi-assemblea-farmindustria-2018-80x54.jpg 80w, https:\/\/www.fedaiisf.it\/wp-content\/uploads\/2018\/07\/scaccabarozzi-assemblea-farmindustria-2018-130x87.jpg 130w, https:\/\/www.fedaiisf.it\/wp-content\/uploads\/2018\/07\/scaccabarozzi-assemblea-farmindustria-2018-359x240.jpg 359w, https:\/\/www.fedaiisf.it\/wp-content\/uploads\/2018\/07\/scaccabarozzi-assemblea-farmindustria-2018-85x57.jpg 85w, https:\/\/www.fedaiisf.it\/wp-content\/uploads\/2018\/07\/scaccabarozzi-assemblea-farmindustria-2018-546x365.jpg 546w, https:\/\/www.fedaiisf.it\/wp-content\/uploads\/2018\/07\/scaccabarozzi-assemblea-farmindustria-2018-165x109.jpg 165w, https:\/\/www.fedaiisf.it\/wp-content\/uploads\/2018\/07\/scaccabarozzi-assemblea-farmindustria-2018-112x75.jpg 112w, https:\/\/www.fedaiisf.it\/wp-content\/uploads\/2018\/07\/scaccabarozzi-assemblea-farmindustria-2018-179x120.jpg 179w, https:\/\/www.fedaiisf.it\/wp-content\/uploads\/2018\/07\/scaccabarozzi-assemblea-farmindustria-2018-170x113.jpg 170w, https:\/\/www.fedaiisf.it\/wp-content\/uploads\/2018\/07\/scaccabarozzi-assemblea-farmindustria-2018-81x55.jpg 81w, https:\/\/www.fedaiisf.it\/wp-content\/uploads\/2018\/07\/scaccabarozzi-assemblea-farmindustria-2018-765x510.jpg 765w\" sizes=\"auto, (max-width: 380px) 100vw, 380px\" \/><\/a>Abbiamo iniziato a lavorare molto bene con le rappresentanze sindacali e proprio per far conoscere il contributo che potevamo dare come settore si apr\u00ec allora un tavolo presso il Ministero dello Sviluppo economico, chiesto dai sindacati, che a loro volta partecipavano alle nostre riunioni di giunta. Guardando a ritroso <strong><span style=\"color: #000000;\">i numeri della crisi, a fronte del totale del manifatturiero che mostrava -7% nella produzione, noi facevamo segnare un +24% con dati straordinari sull\u2019export, cresciuto del 111%. Trend che poi si sono consolidati anche negli anni seguenti e che ormai sono riconosciuti nelle principali pubblicazioni economiche. Tutta la crescita della produzione \u00e8 dovuta all\u2019export e negli ultimi nove anni siamo passati da una percentuale inferiore al 70% all\u2019attuale 85%.<\/span><\/strong><span style=\"color: #000000;\"> [N.d.R.:<em> peccato che dimentichi i 15.000 ISF licenziati in quel periodo<\/em>]<\/span><\/p>\n<p><em>Altra risposta significativa<\/em>:<\/p>\n<p><strong>Avete garantito continuit\u00e0 produttiva e distribuzione ma altre attivit\u00e0 sono ferme, come ad esempio l\u2019informazione scientifica. Cosa ci possiamo attendere?<\/strong><\/p>\n<p>Sono ferme fino a un certo punto. A met\u00e0 febbraio quando non c\u2019era ancora il lockdown abbiamo provato a immaginare cosa sarebbe successo nel nostro Paese se ci fossimo trovati nella situazione della Cina. Dopo poco all\u2019interno di Farmindustria sono nate cinque task force dedicate nell\u2019ordine a organizzazione del lavoro, continuit\u00e0 produttiva, continuit\u00e0 della distribuzione, continuit\u00e0 della ricerca clinica, <strong><span style=\"color: #000000;\">informazione scientifica.<\/span><\/strong><\/p>\n<p>La parola pi\u00f9 ricorrente \u00e8 proprio \u2018continuit\u00e0\u2019: sapevamo di non poter fermare la ricerca n\u00e9 la produzione. Non a caso la prima task force varata \u00e8 stata dedicata all\u2019organizzazione del lavoro perch\u00e9 era fondamentale garantire la salute dei nostri addetti. Quindi abbiamo messo in <strong><span style=\"color: #000000;\">smart working<\/span><\/strong> tutti coloro che potevano starci il pi\u00f9 possibile e abbiamo applicato norme di sicurezza ancora pi\u00f9 stringenti nei reparti produttivi e nella distribuzione, perch\u00e9 dovevamo consentire l\u2019arrivo delle materie prime nei laboratori.<\/p>\n<p>Con la partecipazione di tutte le industrie associate <strong><span style=\"color: #000000;\">abbiamo lavorato d\u2019anticipo anche sull\u2019informazione scientifica che continua ad avere un valore straordinario per noi: \u00e8 una delle poche fonti di aggiornamento del medico ed \u00e8 fondamentale anche per la farmacovigilanza perch\u00e9 raccogliamo dal medico le segnalazioni di eventi avversi e dei vantaggi terapeutici. <\/span><\/strong><\/p>\n<p><strong><span style=\"color: #000000;\"><a href=\"https:\/\/www.fedaiisf.it\/wp-content\/uploads\/2020\/01\/medico-al-telefono.jpg\"><img loading=\"lazy\" decoding=\"async\" class=\" wp-image-47327 alignleft\" src=\"https:\/\/www.fedaiisf.it\/wp-content\/uploads\/2020\/01\/medico-al-telefono.jpg\" alt=\"\" width=\"345\" height=\"230\" srcset=\"https:\/\/www.fedaiisf.it\/wp-content\/uploads\/2020\/01\/medico-al-telefono.jpg 400w, https:\/\/www.fedaiisf.it\/wp-content\/uploads\/2020\/01\/medico-al-telefono-300x200.jpg 300w, https:\/\/www.fedaiisf.it\/wp-content\/uploads\/2020\/01\/medico-al-telefono-274x183.jpg 274w, https:\/\/www.fedaiisf.it\/wp-content\/uploads\/2020\/01\/medico-al-telefono-80x54.jpg 80w, https:\/\/www.fedaiisf.it\/wp-content\/uploads\/2020\/01\/medico-al-telefono-130x87.jpg 130w, https:\/\/www.fedaiisf.it\/wp-content\/uploads\/2020\/01\/medico-al-telefono-359x240.jpg 359w, https:\/\/www.fedaiisf.it\/wp-content\/uploads\/2020\/01\/medico-al-telefono-85x57.jpg 85w, https:\/\/www.fedaiisf.it\/wp-content\/uploads\/2020\/01\/medico-al-telefono-546x365.jpg 546w, https:\/\/www.fedaiisf.it\/wp-content\/uploads\/2020\/01\/medico-al-telefono-165x109.jpg 165w, https:\/\/www.fedaiisf.it\/wp-content\/uploads\/2020\/01\/medico-al-telefono-112x75.jpg 112w, https:\/\/www.fedaiisf.it\/wp-content\/uploads\/2020\/01\/medico-al-telefono-179x120.jpg 179w, https:\/\/www.fedaiisf.it\/wp-content\/uploads\/2020\/01\/medico-al-telefono-170x113.jpg 170w, https:\/\/www.fedaiisf.it\/wp-content\/uploads\/2020\/01\/medico-al-telefono-81x55.jpg 81w, https:\/\/www.fedaiisf.it\/wp-content\/uploads\/2020\/01\/medico-al-telefono-765x510.jpg 765w\" sizes=\"auto, (max-width: 345px) 100vw, 345px\" \/><\/a>Abbiamo per\u00f2 chiesto ai nostri informatori e ai Kam di non andare negli ambulatori n\u00e9 in ospedale, perch\u00e9 saremmo stati d\u2019intralcio e avremmo in qualche modo pregiudicato lo sforzo che gli operatori stavano facendo. Per\u00f2 siccome la loro funzione \u00e8 importante abbiamo messo in atto forme alternative come i contatti da remoto. <\/span><\/strong><\/p>\n<p><strong><span style=\"color: #000000;\">Da questo punto di vista, certo non come prima, ma l\u2019attivit\u00e0 degli Isf \u00e8 andata avanti e non s\u2019\u00e8 mai fermata. Devo dire che abbiamo lavorato bene anche con i sindacati e le associazioni mediche come Fimmg, Simg e Fnomceo. <\/span><\/strong><\/p>\n<p><strong><span style=\"color: #000000;\">Appena sar\u00e0 possibile riprenderanno le visite, le interviste ai medici, fermo restando che abbiamo velocizzato tutte le forme di digitalizzazione che saranno importanti. Anche qui c\u2019\u00e8 stata una risposta molto positiva della classe medica e stiamo collaborando affinch\u00e9 sia valorizzato e non sminuito il ruolo dell\u2019Isf<\/span><\/strong>.<\/p>\n<p><em>E ancora<\/em>:<\/p>\n<p><strong>Torniamo al tema del lavoro. Come giudica l\u2019uso massiccio dello smart working? Che conseguenze immagina sulle vostre organizzazioni che pure da tempo lo sperimentavano?<\/strong><\/p>\n<p>Questo periodo ha sicuramente velocizzato la digitalizzazione iniziata ma che stentava a decollare. <strong><span style=\"color: #000000;\">Lo smart working e le forme di lavoro da remoto sono importanti, ma <span style=\"text-decoration: underline;\">sono una parte integrativa e non sostitutiva. Anche nel nostro campo il rapporto umano \u00e8 ancora irrinunciabile. La leadership non si ottiene nel web. \u00c8 fatta di rapporti umani, \u00e8 fatta di contatti, parlare, discutere e insieme affrontare i problemi.<\/span><\/span><\/strong><\/p>\n<p>L\u2019export tiene, flette il mercato interno, nuove professioni all\u2019orizzonte, le pipeline delle aziende sono gonfie di prodotti in sviluppo. Quello che manca \u2013 dopo la fase acuta della pandemia e alle porte di un imperscrutabile autunno \u2013 \u00e8 una ripresa del confronto con il Governo e l\u2019Aifa sui temi della governance, del payback, della riformulazione dei tetti di spesa e forse pure della revisione del prontuario. Riforme, insomma. Qualcosa che sostenga gli sforzi della prima o seconda, poco importa, industria farmaceutica europea. Massimo Scaccabarozzi ha fiducia per\u00f2. Lo incoraggia la collaborazione gomito a gomito avuta con le istituzioni in questi mesi difficili.<\/p>\n<p>Per leggere l&#8217;intervista integrale cliccare <strong><span style=\"color: #000000;\">\u2192<\/span><\/strong>\u00a0<a href=\"https:\/\/www.aboutpharma.com\/blog\/2020\/09\/01\/continuita-oltre-la-crisi-lindustria-del-farmaco-si-tiene-stretta-al-lavoro\/\" target=\"_blank\" rel=\"noopener noreferrer\"><strong><span style=\"color: #000000;\"><span style=\"color: #0000ff;\">qui<\/span><\/span><\/strong><\/a>\u00a0<span style=\"color: #000000;\"><strong>\u2190<\/strong><\/span><\/p>\n","protected":false},"excerpt":{"rendered":"<p>Continuit\u00e0 oltre la crisi, l\u2019industria del farmaco si tiene stretta al lavoro Mantenimento delle produzioni, tenuta dell\u2019export e mercato interno in flessione. Massimo Scaccabarozzi, riconfermato presidente di Farmindustria, riflette sull\u2019esperienza passata e su un presente complesso confidando per\u00f2 nelle pipeline e nell\u2019evoluzione delle professioni tipiche del settore. L\u2019associazione imprenditoriale ne ha censite un centinaio. Dal &hellip;<\/p>","protected":false},"author":4,"featured_media":52817,"comment_status":"closed","ping_status":"closed","sticky":false,"template":"","format":"standard","meta":{"footnotes":""},"categories":[58],"tags":[50,21],"class_list":["post-52816","post","type-post","status-publish","format-standard","has-post-thumbnail","hentry","category-in-evidenza","tag-farmindustria","tag-informatori-scientifici"],"amp_enabled":true,"_links":{"self":[{"href":"https:\/\/www.fedaiisf.it\/en\/wp-json\/wp\/v2\/posts\/52816","targetHints":{"allow":["GET"]}}],"collection":[{"href":"https:\/\/www.fedaiisf.it\/en\/wp-json\/wp\/v2\/posts"}],"about":[{"href":"https:\/\/www.fedaiisf.it\/en\/wp-json\/wp\/v2\/types\/post"}],"author":[{"embeddable":true,"href":"https:\/\/www.fedaiisf.it\/en\/wp-json\/wp\/v2\/users\/4"}],"replies":[{"embeddable":true,"href":"https:\/\/www.fedaiisf.it\/en\/wp-json\/wp\/v2\/comments?post=52816"}],"version-history":[{"count":0,"href":"https:\/\/www.fedaiisf.it\/en\/wp-json\/wp\/v2\/posts\/52816\/revisions"}],"wp:featuredmedia":[{"embeddable":true,"href":"https:\/\/www.fedaiisf.it\/en\/wp-json\/wp\/v2\/media\/52817"}],"wp:attachment":[{"href":"https:\/\/www.fedaiisf.it\/en\/wp-json\/wp\/v2\/media?parent=52816"}],"wp:term":[{"taxonomy":"category","embeddable":true,"href":"https:\/\/www.fedaiisf.it\/en\/wp-json\/wp\/v2\/categories?post=52816"},{"taxonomy":"post_tag","embeddable":true,"href":"https:\/\/www.fedaiisf.it\/en\/wp-json\/wp\/v2\/tags?post=52816"}],"curies":[{"name":"wp","href":"https:\/\/api.w.org\/{rel}","templated":true}]}}