{"id":52822,"date":"2020-09-01T22:17:18","date_gmt":"2020-09-01T20:17:18","guid":{"rendered":"https:\/\/www.fedaiisf.it\/?p=52822"},"modified":"2020-09-02T10:34:50","modified_gmt":"2020-09-02T08:34:50","slug":"da-oggi-abolito-il-superticket-gaudioso-eliminato-un-balzello-che-faceva-perdere-soldi-alla-sanita-pubblica","status":"publish","type":"post","link":"https:\/\/www.fedaiisf.it\/en\/da-oggi-abolito-il-superticket-gaudioso-eliminato-un-balzello-che-faceva-perdere-soldi-alla-sanita-pubblica\/","title":{"rendered":"From today the superticket has been abolished, Gaudioso: &quot;A heavy tax that caused public health to lose money has been eliminated"},"content":{"rendered":"<p style=\"text-align: left;\"><strong>Abolito, da oggi 1 settembre, il cos\u00ec detto superticket quella quota, cio\u00e8, aggiuntiva di 10 euro prevista per le prestazioni sanitarie specialistiche.<\/strong><\/p>\n<p>Una misura, atte<a href=\"https:\/\/www.fedaiisf.it\/wp-content\/uploads\/2020\/09\/ticket.png\"><img loading=\"lazy\" decoding=\"async\" class=\"wp-image-52824 alignright\" src=\"https:\/\/www.fedaiisf.it\/wp-content\/uploads\/2020\/09\/ticket-300x180.png\" alt=\"\" width=\"343\" height=\"206\" srcset=\"https:\/\/www.fedaiisf.it\/wp-content\/uploads\/2020\/09\/ticket-300x180.png 300w, https:\/\/www.fedaiisf.it\/wp-content\/uploads\/2020\/09\/ticket-768x461.png 768w, https:\/\/www.fedaiisf.it\/wp-content\/uploads\/2020\/09\/ticket-780x470.png 780w, https:\/\/www.fedaiisf.it\/wp-content\/uploads\/2020\/09\/ticket.png 880w\" sizes=\"auto, (max-width: 343px) 100vw, 343px\" \/><\/a>sa da anni, realizzata con risorse extra Fondo Sanitario Nazionale con la quale, aveva pi\u00f9 volte affermato il ministro della Salute Roberto Speranza, &#8220;sar\u00e0 cancellata una vera e propria tassa sulla salute&#8221;. Per il ticket, ovvero la compartecipazione alla spesa sanitaria che \u00e8 a carico degli assistiti, si spendono ogni anno <strong>quasi 3 miliardi di euro<\/strong>. Solo una parte di questi riguarda il superticket, novit\u00e0 introdotta nel 2011 durante il periodo della Spending review. Prevista nell&#8217;ultima manovra, l&#8217;abolizione \u00e8 diventata legge il 23 dicembre e vale circa 165 milioni di euro nel 2020 e 490\u00a0per gli anni successivi.<\/p>\n<p>&#8220;Ogni volta che una persona\u00a0non si cura come dovrebbe per motivi economici &#8211; ha commentato il ministro della Salute, Roberto Speranza &#8211; siamo dinanzi a una sconfitta per tutti noi e a una violazione della Costituzione. Per questo a dicembre abbiamo approvato la norma che entra in vigore dal 1\/o settembre. Il superticket \u00e8 abolito e nessuno lo pagher\u00e0 pi\u00f9&#8221;. Resta invece, per chi non \u00e8 esonerato in base al reddito, il costo del\u00a0ticket, variabile\u00a0a seconda delle prestazioni\u00a0e pari a circa 30-35 euro. Molte le regioni\u00a0che in tutto o in parte, gi\u00e0 lo avevano abolito: la prima a farlo era stata <strong>l&#8217;Emilia Romagna<\/strong>, nel luglio 2018, per redditi fino ai 100.000 euro lordi, l&#8217;ultima la <strong>Lombardy<\/strong>, dal primo marzo 2020. &#8220;Eliminare il superticket \u00e8 un passaggio importante che aspettavamo da anni, ed \u00e8 il frutto anche delle battaglie portate avanti da tante organizzazioni civiche&#8221;, commenta Antonio Gaudioso, segretario generale di Cittadinanzattiva, associazione di cittadini che aveva raccolto 35.000 firme per chiederne l&#8217;abolizione. La misura ai nastri di partenza, aggiunge Gaudioso, &#8220;elimina un balzello che faceva perdere soldi alla sanit\u00e0 pubblica invece che guadagnarli, perch\u00e9 portava sempre pi\u00f9 persone a rivolgersi alla sanit\u00e0 privata, le cui prestazioni sanitarie risultavano in alcuni casi a prezzo inferiore&#8221;. L&#8217;augurio, conclude Gaudioso, \u00e8 che &#8220;possa anche andare in porto la gi\u00e0 annunciata rimodulazione del ticket in base alla progressivit\u00e0 del reddito familiare. Il presupposto, in questo caso, dovrebbe essere una vera lotta all&#8217;evasione fiscale&#8221;.<\/p>\n<p>Source: <a href=\"https:\/\/www.federfarma.it\/Edicola\/Filodiretto\/VediNotizia.aspx?id=21605\" target=\"_blank\" rel=\"noopener noreferrer\">Federfarma 01\/09\/2020<\/a><\/p>","protected":false},"excerpt":{"rendered":"<p>Abolito, da oggi 1 settembre, il cos\u00ec detto superticket quella quota, cio\u00e8, aggiuntiva di 10 euro prevista per le prestazioni sanitarie specialistiche. Una misura, attesa da anni, realizzata con risorse extra Fondo Sanitario Nazionale con la quale, aveva pi\u00f9 volte affermato il ministro della Salute Roberto Speranza, &#8220;sar\u00e0 cancellata una vera e propria tassa sulla &hellip;<\/p>","protected":false},"author":495,"featured_media":52823,"comment_status":"closed","ping_status":"closed","sticky":false,"template":"","format":"standard","meta":{"footnotes":""},"categories":[1],"tags":[139,140,138],"class_list":["post-52822","post","type-post","status-publish","format-standard","has-post-thumbnail","hentry","category-notizie","tag-risparmio","tag-sanita","tag-superticke"],"amp_enabled":true,"_links":{"self":[{"href":"https:\/\/www.fedaiisf.it\/en\/wp-json\/wp\/v2\/posts\/52822","targetHints":{"allow":["GET"]}}],"collection":[{"href":"https:\/\/www.fedaiisf.it\/en\/wp-json\/wp\/v2\/posts"}],"about":[{"href":"https:\/\/www.fedaiisf.it\/en\/wp-json\/wp\/v2\/types\/post"}],"author":[{"embeddable":true,"href":"https:\/\/www.fedaiisf.it\/en\/wp-json\/wp\/v2\/users\/495"}],"replies":[{"embeddable":true,"href":"https:\/\/www.fedaiisf.it\/en\/wp-json\/wp\/v2\/comments?post=52822"}],"version-history":[{"count":0,"href":"https:\/\/www.fedaiisf.it\/en\/wp-json\/wp\/v2\/posts\/52822\/revisions"}],"wp:featuredmedia":[{"embeddable":true,"href":"https:\/\/www.fedaiisf.it\/en\/wp-json\/wp\/v2\/media\/52823"}],"wp:attachment":[{"href":"https:\/\/www.fedaiisf.it\/en\/wp-json\/wp\/v2\/media?parent=52822"}],"wp:term":[{"taxonomy":"category","embeddable":true,"href":"https:\/\/www.fedaiisf.it\/en\/wp-json\/wp\/v2\/categories?post=52822"},{"taxonomy":"post_tag","embeddable":true,"href":"https:\/\/www.fedaiisf.it\/en\/wp-json\/wp\/v2\/tags?post=52822"}],"curies":[{"name":"wp","href":"https:\/\/api.w.org\/{rel}","templated":true}]}}