{"id":52863,"date":"2020-09-04T11:07:45","date_gmt":"2020-09-04T09:07:45","guid":{"rendered":"https:\/\/www.fedaiisf.it\/?p=52863"},"modified":"2020-09-10T17:26:40","modified_gmt":"2020-09-10T15:26:40","slug":"farmacisti-pronti-a-effettuare-la-vaccinazione-antinfluenzale-scotti-fimmg-i-farmacisti-non-possono-somministrare-i-vaccini","status":"publish","type":"post","link":"https:\/\/www.fedaiisf.it\/en\/farmacisti-pronti-a-effettuare-la-vaccinazione-antinfluenzale-scotti-fimmg-i-farmacisti-non-possono-somministrare-i-vaccini\/","title":{"rendered":"Pharmacists: &quot;Ready to carry out the flu vaccination&quot;. Scotti (Fimmg): &quot;Pharmacists cannot administer vaccines&quot;"},"content":{"rendered":"<p>Quest&#8217;anno, per il piano di <a href=\"https:\/\/www.ilmessaggero.it\/t\/vaccino\/\" target=\"_blank\" rel=\"noopener noreferrer\"><strong>vaccinazione antinfluenzale<\/strong><\/a>, saranno 18 milioni le dosi del vaccino che andranno al Servizio sanitario nazionale: 6 milioni in pi\u00f9 rispetto all&#8217;anno precedente. Il picco ha portato le aziende farmaceutiche a dare priorit\u00e0 alla domanda pubblica, aprendo a una difficolt\u00e0 nell&#8217;approvvigionamento delle farmacie, che stimano in 1,5 milioni le dosi necessarie per coprire la domanda. Nel 2019 furono 900 mila quelle vendute in farmacia a chi volontariamente, pur non rientrando nelle categorie a rischio, voleva vaccinarsi. (<a href=\"https:\/\/www.ilmessaggero.it\/salute\/focus\/vaccino_influenza_farmacia_ultime_notizie-5436834.html\" target=\"_blank\" rel=\"noopener noreferrer\">Il Messaggero<\/a>)<\/p>\n<p><a href=\"https:\/\/www.fedaiisf.it\/wp-content\/uploads\/2018\/04\/farmacia_dei_servizi_2.jpg\"><img loading=\"lazy\" decoding=\"async\" class=\"wp-image-35717 alignright\" src=\"https:\/\/www.fedaiisf.it\/wp-content\/uploads\/2018\/04\/farmacia_dei_servizi_2.jpg\" alt=\"\" width=\"401\" height=\"196\" srcset=\"https:\/\/www.fedaiisf.it\/wp-content\/uploads\/2018\/04\/farmacia_dei_servizi_2.jpg 470w, https:\/\/www.fedaiisf.it\/wp-content\/uploads\/2018\/04\/farmacia_dei_servizi_2-300x147.jpg 300w\" sizes=\"auto, (max-width: 401px) 100vw, 401px\" \/><\/a>FOFI e Federfarma avevano richiesto urgentemente un incontro al Ministero della Salute a seguito dell\u2019impossibilit\u00e0, rilevata dalle farmacie e dai grossisti di rifornirsi di vaccini. Questa carenza, dovuta all\u2019importante aumento delle richieste da parte delle Regioni, anche a seguito dell\u2019ampliamento delle categorie a rischio (in particolare l\u2019abbassamento dell\u2019et\u00e0 da 65 a 60 anni) lascerebbe non soddisfatta la richiesta di vaccini da parte di quella \u201cfascia attiva\u201d della popolazione (<a href=\"https:\/\/www.federfarma.it\/Edicola\/Filodiretto\/VediNotizia.aspx?id=21610\" target=\"_blank\" rel=\"noopener noreferrer\">Fedefarma<\/a>)<\/p>\n<p>La recrudescenza dei casi di Coronavirus in tutta Europa, infatti, potrebbe comportare un ulteriore peso sui servizi sanitari nazionali gi\u00e0 sotto pressione. L&#8217;implementazione di programmi di vaccinazione antinfluenzale, in questo periodo di Covid-19, sar\u00e0 particolarmente impegnativa ed \u00e8 di fondamentale importanza &#8211; sostiene il Pgeu (gruppo farmaceutico dell&#8217;Unione europea, l&#8217;associazione che rappresenta \u00a0farmacisti comunitari) &#8211; mettere in atto con urgenza campagne di vaccinazione efficaci che, attraverso un accesso adeguato ai vaccini antinfluenzali soprattutto per i gruppi a rischio, possano aiutare a prevenire e ridurre il numero di ricoveri. In considerazione di tutto ci\u00f2, lo scorso 1\u00b0 settembre, il PGEU, attraverso un comunicato stampa, ha invitato le Autorit\u00e0 sanitarie a continuare e rafforzare la collaborazione con le farmacie e le loro Associazioni di categoria in modo da includere i farmacisti territoriali nelle strategie di vaccinazione nazionali.<\/p>\n<p>\u201cI farmacisti \u2013 ha aggiunto Santos, presidente PGEU &#8211; dovrebbero essere coinvolti nella pianificazione dei programmi di vaccinazione antinfluenzale e ricevere supporto e risorse adeguati per fornire assistenza ai pazienti. In quanto fornitori di assistenza sanitaria in prima linea, dovrebbero anche essere inclusi tra le strutture aventi accesso prioritario per il vaccino antinfluenzale\u201d (<a href=\"https:\/\/www.federfarma.it\/Edicola\/Filodiretto\/VediNotizia.aspx?id=21616\" target=\"_blank\" rel=\"noopener noreferrer\">Fedefarma<\/a>).<\/p>\n<p>&#8220;Pensare alla formazione del farmacista per la somministrazione di vaccini significa accedere a nuove competenze che rendono la professione ancora pi\u00f9 qualificata e al passo con i tempi e che contribuiscono a una farmacia dei servizi capace, qualora venisse richiesto, di erogare la vaccinazione antinfluenzale e di aderire attivamente alle campagne di prevenzione, come gi\u00e0 accade in moltissimi paesi europei&#8221;, cos\u00ec <strong>Eugene Leopardi<\/strong>, president of <a href=\"http:\/\/www.ilfarmacistaonline.it\/lavoro-e-professioni\/articolo.php?articolo_id=87645\" target=\"_blank\" rel=\"noopener noreferrer\">Utifar<\/a>.<\/p>\n<p>Farmacie Unite ribadisce:\u00a0&#8220;Volendo ragionare in un&#8217;ottica di farmacia dei servizi, sarebbe altres\u00ec auspicabile prevedere un percorso che porti all&#8217;abilitazione dei farmacisti alla somministrazione dei vaccini, cos\u00ec come avviene gi\u00e0 in alcuni paesi europei, con tempi e modi che consentano sia la tutela dei pazienti ma anche le necessarie garanzie per le farmacie&#8221;.<\/p>\n<p>Da parte della Fofi le <a href=\"http:\/\/www.fofi.it\/inside.php?notizie_id=9220\" target=\"_blank\" rel=\"noopener noreferrer\">proposte avanzate<\/a> riguardano tanto la possibilit\u00e0 per i farmacisti di vaccinare, quanto la presenza di altre professionalit\u00e0, quali per esempio infermieri, in farmacia<\/p>\n<hr \/>\n<h3 class=\"single-title entry-title\">Scotti (Fimmg): i farmacisti non possono somministrare i vaccini antinfluenzali<\/h3>\n<p>\u00abI medici non ce la fanno a vaccinare? I farmacisti per\u00f2 non possono farlo. Questo perch\u00e9 l&#8217;anamnesi vaccinale, necessaria prima di fare materialmente il vaccino, \u00e8 un atto medico. Non pu\u00f2 essere delegato ad altri\u00bb.<\/p>\n<p><a href=\"https:\/\/www.fedaiisf.it\/wp-content\/uploads\/2016\/11\/scotti.fimmg_.jpg\"><img loading=\"lazy\" decoding=\"async\" class=\"wp-image-28887 alignleft\" src=\"https:\/\/www.fedaiisf.it\/wp-content\/uploads\/2016\/11\/scotti.fimmg_-1024x533.jpg\" alt=\"\" width=\"386\" height=\"201\" srcset=\"https:\/\/www.fedaiisf.it\/wp-content\/uploads\/2016\/11\/scotti.fimmg_-1024x533.jpg 1024w, https:\/\/www.fedaiisf.it\/wp-content\/uploads\/2016\/11\/scotti.fimmg_-300x156.jpg 300w, https:\/\/www.fedaiisf.it\/wp-content\/uploads\/2016\/11\/scotti.fimmg_-768x400.jpg 768w, https:\/\/www.fedaiisf.it\/wp-content\/uploads\/2016\/11\/scotti.fimmg_.jpg 1171w\" sizes=\"auto, (max-width: 386px) 100vw, 386px\" \/><\/a>Cos\u00ec Silvestro Scotti, rispondendo al presidente della Federazione degli Ordini dei farmacisti (Fofi) che ha dichiarato alla stampa che \u00e8 \u00abimpensabile che i medici di medicina generale riescano a dispensare in un mese 18 milioni di vaccini\u00bb.<\/p>\n<p>Per Scotti quello della vaccinazione in farmacia \u00e8 \u00abun falso messaggio che rischia di far apparire una categoria, la nostra, inefficiente (qualunque sia la causa) a fronte di una alternativa che non pu\u00f2 essere attuata, perch\u00e9 la funzione non \u00e8 ascrivibile, in questo momento, alla categoria dei farmacisti\u00bb.<\/p>\n<p>Si potrebbe vaccinare oggi \u00absolo con un medico in farmacia, ma se ci fossero medici disponibili si dovrebbero rafforzare le unit\u00e0 di territorio. Le farmacie sono utili in molte cose in una compagna vaccinale, ma non in questa\u00bb, dice.<\/p>\n<p>Per Scotti \u00abquest&#8217;anno serve anticipare le vaccinazioni antinfluenzali a fine settembre, altrimenti, con le regole Covid, i tempi sono troppo stretti per vaccinare tutti i pazienti che devono o vogliono farlo\u00bb. \u00abNei nostri studi &#8211; precisa &#8211; abbiamo problemi logistici rispetto all&#8217;organizzazione legate alle norme Covid. Poich\u00e9 la medicina generale vaccina una quota importante di italiani, non si pu\u00f2 pensare che tutto si riesca a risolvere in un mese e mezzo.<\/p>\n<p>Se i vaccini vengono consegnati ai medici di famiglia, come pare, nella terza settimana di ottobre fare tutto in cos\u00ec breve tempo \u00e8 pura fantascienza\u00bb. Anticipare \u00e8 una possibilit\u00e0 che non \u00e8 in contraddizione con la scienza \u00abci sono studi che confermano che vaccinare prima non significa perdere l&#8217;immunit\u00e0\u00bb, conclude Scotti.<\/p>\n<p><a href=\"http:\/\/www.fimmg.org\/index.php?action=pages&amp;m=view&amp;p=18&amp;art=4188\" target=\"_blank\" rel=\"noopener noreferrer\">Fimmg &#8211; \u00a03 settembre 2020<\/a><\/p>\n<p>Related news:\u00a0<a href=\"https:\/\/portale.fnomceo.it\/farmacisti-vaccinatori-la-fnomceo-dice-no-competenze-che-non-si-acquisiscono-con-un-corso-on-line\/\" target=\"_blank\" rel=\"noopener noreferrer\">Farmacisti vaccinatori? La FNOMCeO dice no: \u201cCompetenze che non si acquisiscono con un corso on line\u201d<\/a><\/p>\n<p><a href=\"https:\/\/www.ordinefarmacistiroma.it\/vaccinazioni-in-farmacia-ecco-cosa-succede-negli-altri-paesi-del-mondo\/\" target=\"_blank\" rel=\"noopener noreferrer\">Vaccinazioni in farmacia, ecco cosa succede negli altri Paesi del mondo<\/a><\/p>\n<p class=\"Title\"><a href=\"https:\/\/www.federfarma.it\/Edicola\/Filodiretto\/VediNotizia.aspx?id=21621\" target=\"_blank\" rel=\"noopener noreferrer\">Vaccinazione antinfluenzale, il Tavolo con le farmacie nell\u2019informativa in Senato di Speranza<\/a><\/p>\n<p class=\"Title\"><a href=\"https:\/\/www.federfarma.it\/Edicola\/Filodiretto\/VediNotizia.aspx?id=21623\" target=\"_blank\" rel=\"noopener noreferrer\">Vaccinazioni in farmacia, l\u2019interrogazione parlamentare di Gemmato chiede provvedimento urgente<\/a><\/p>\n<p class=\"Title\"><a href=\"https:\/\/www.federfarma.it\/Edicola\/Filodiretto\/VediNotizia.aspx?id=21624\" target=\"_blank\" rel=\"noopener noreferrer\">Vaccino in farmacia, Petrosillo (Sunifar e Federfarma Bergamo): \u201cCi stiamo formando ma serve decreto ministeriale per abilitarci\u201d<\/a><\/p>\n<p><a href=\"http:\/\/www.fimmg.org\/index.php?action=pages&amp;m=view&amp;p=30584&amp;art=4194\" target=\"_blank\" rel=\"noopener noreferrer\">Scotti.\u00a0Mancano dispositivi di protezione, cos\u00ec impossibile vaccinare<\/a><\/p>","protected":false},"excerpt":{"rendered":"<p>Quest&#8217;anno, per il piano di vaccinazione antinfluenzale, saranno 18 milioni le dosi del vaccino che andranno al Servizio sanitario nazionale: 6 milioni in pi\u00f9 rispetto all&#8217;anno precedente. Il picco ha portato le aziende farmaceutiche a dare priorit\u00e0 alla domanda pubblica, aprendo a una difficolt\u00e0 nell&#8217;approvvigionamento delle farmacie, che stimano in 1,5 milioni le dosi necessarie &hellip;<\/p>","protected":false},"author":4,"featured_media":52867,"comment_status":"closed","ping_status":"closed","sticky":false,"template":"","format":"standard","meta":{"footnotes":""},"categories":[1],"tags":[39],"class_list":["post-52863","post","type-post","status-publish","format-standard","has-post-thumbnail","hentry","category-notizie","tag-vaccini"],"amp_enabled":true,"_links":{"self":[{"href":"https:\/\/www.fedaiisf.it\/en\/wp-json\/wp\/v2\/posts\/52863","targetHints":{"allow":["GET"]}}],"collection":[{"href":"https:\/\/www.fedaiisf.it\/en\/wp-json\/wp\/v2\/posts"}],"about":[{"href":"https:\/\/www.fedaiisf.it\/en\/wp-json\/wp\/v2\/types\/post"}],"author":[{"embeddable":true,"href":"https:\/\/www.fedaiisf.it\/en\/wp-json\/wp\/v2\/users\/4"}],"replies":[{"embeddable":true,"href":"https:\/\/www.fedaiisf.it\/en\/wp-json\/wp\/v2\/comments?post=52863"}],"version-history":[{"count":0,"href":"https:\/\/www.fedaiisf.it\/en\/wp-json\/wp\/v2\/posts\/52863\/revisions"}],"wp:featuredmedia":[{"embeddable":true,"href":"https:\/\/www.fedaiisf.it\/en\/wp-json\/wp\/v2\/media\/52867"}],"wp:attachment":[{"href":"https:\/\/www.fedaiisf.it\/en\/wp-json\/wp\/v2\/media?parent=52863"}],"wp:term":[{"taxonomy":"category","embeddable":true,"href":"https:\/\/www.fedaiisf.it\/en\/wp-json\/wp\/v2\/categories?post=52863"},{"taxonomy":"post_tag","embeddable":true,"href":"https:\/\/www.fedaiisf.it\/en\/wp-json\/wp\/v2\/tags?post=52863"}],"curies":[{"name":"wp","href":"https:\/\/api.w.org\/{rel}","templated":true}]}}