{"id":5294,"date":"2014-11-19T10:30:42","date_gmt":"2014-11-19T09:30:42","guid":{"rendered":"http:\/\/www.fedaiisf.it\/?p=5294"},"modified":"2014-11-19T10:30:42","modified_gmt":"2014-11-19T09:30:42","slug":"ricette-lasciate-in-farmacia-orlandi-vietate-contrarie-ad-atto-professionale-orario-medici-litalia-si-adegua-alle-richieste-europee","status":"publish","type":"post","link":"https:\/\/www.fedaiisf.it\/en\/ricette-lasciate-in-farmacia-orlandi-vietate-contrarie-ad-atto-professionale-orario-medici-litalia-si-adegua-alle-richieste-europee\/","title":{"rendered":"Recipes left in the pharmacy. Orlandi: prohibited and contrary to a professional act. Doctors&#039; timetable, Italy adapts to European requests"},"content":{"rendered":"<p><i>\u00abLa legge impone determinati orari di ambulatorio e di apertura delle farmacie. All&#8217;interno di questi orari, per il paziente\u00bb o un suo delegato \u00ab\u00e8 possibile reperire la ricetta dal medico. Poi il paziente deve avere la libert\u00e0 di scegliere la farmacia in cui andare\u00bb.<\/i><i><\/i><\/p>\n<h2><span style=\"color: #ff0000;\">Ricette lasciate in farmacia. Orlandi: vietate e contrarie ad atto professionale<\/span><\/h2>\n<p><a href=\"http:\/\/www.farmacista33.it\/ricette-lasciate-in-farmacia-orlandi-vietate-e-contrarie-ad-atto-professionale\/politica-e-sanita\/news--29546.html?xrtd=AALLSRTPSPYPASVYLXARVV\" target=\"_blank\" rel=\"noopener\">Mercoled\u00ec, 19 Novembre 2014- Farmacista33<\/a><\/p>\n<p><img loading=\"lazy\" decoding=\"async\" class=\"alignleft\" alt=\"\" src=\"http:\/\/kb.elsevier.it\/cm\/upl\/5529.jpg\" width=\"155\" height=\"189\" \/>\u00abDove va la sanit\u00e0 se viene meno il contatto diretto tra paziente e medico nella fase di prescrizione del farmaco? Se viene meno l&#8217;atto del medico o anche l&#8217;atto del farmacista?\u00bb. La riflessione arriva da <strong>Alfredo Orlandi<\/strong>, presidente Sunifar, che interviene sulla nota del Garante della Privacy relativa alle modalit\u00e0 di gestione della consegna delle ricette in assenza del paziente, che avrebbe creato confusione sulla possibilit\u00e0 di trasmetterle dall&#8217;ambulatorio medico alla farmacia.<\/p>\n<p>Possibilit\u00e0 negata anche dal presidente delle rurali: \u00abDa dove nasca la frase del Garante della privacy secondo cui le ricette possono essere lasciate dal medico in farmacia non \u00e8 chiaro ma lo ribadisco: non c&#8217;\u00e8 nessun via libera a tale trasmissibilit\u00e0, sia pure in busta chiusa, che rimane cosa non solo vietata ma in alcun modo auspicabile. Sarebbe una situazione che non consideriamo positiva, ne va della tutela del paziente e della professionalit\u00e0 in primis del medico ma anche del farmacista. Trattare nella maniera sottesa alla nota del Garante la ricetta sarebbe come equipararla alla lista della spesa. Allora tanto vale che venga spedita per posta\u00bb.<\/p>\n<p>Un conto quindi \u00e8 consegnare la ricetta a persone delegate dal paziente perch\u00e9 impossibilitato a muoversi, \u00abun conto \u00e8 lasciarla in balia di tutti e tutto. In tema di sanit\u00e0, non c&#8217;\u00e8 solo la questione dei dati sensibili, le cure hanno un valore che va oltre. Credo che nella terapia farmacologica sia necessario un contatto diretto medico-paziente nella fase di prescrizione e paziente-farmacista nella fase poi di consegna e di consiglio sul medicinale.<\/p>\n<p>Il paziente deve essere seguito, la presa in carico del paziente nasce da qui. D&#8217;altra parte si parla tanto di compliance e di aderenza alla terapia anche in termini di diminuzione dei ricoveri: dove andiamo se si spersonalizza in questo modo l&#8217;atto medico e l&#8217;atto del farmacista?\u00bb.<\/p>\n<p>E non \u00e8 nemmeno una questione di \u00abandare incontro alle esigenze di pazienti che abitano in zone disagiate: la legge impone determinati orari di ambulatorio e di apertura delle farmacie. All&#8217;interno di questi orari, per il paziente\u00bb o un suo delegato \u00ab\u00e8 possibile reperire la ricetta dal medico. Poi il paziente deve avere la libert\u00e0 di scegliere la farmacia in cui andare\u00bb.<\/p>\n<p>E in merito alla ricetta dematerializzata, \u00abci tengo a sottolineare che ha le stesse regole e limiti di quella rossa. Cos\u00ec, in presenza del promemoria, questo, allo stesso modo, deve andare dal medico al paziente\u00bb.<\/p>\n<p>Frances Giani<\/p>\n<h2><span style=\"color: #ff0000;\">Orario medici, l\u2019Italia si adegua alle richieste europee. Reginato (Fems): solo da fine 2015<\/span><\/h2>\n<p><i><a href=\"http:\/\/www.doctor33.it\/orario-medici-litalia-si-adegua-alle-richieste-europee-reginato-fems-solo-da-fine-\/politica-e-sanita\/news-53157.html?xrtd=CRXSVSCTVATAYCRSVPYPTA\" target=\"_blank\" rel=\"noopener\">Mercoled\u00ec, 19 Novembre 2014 \u2013 Doctor33<\/a><\/i><\/p>\n<p>La lunga vertenza tra l\u2019Italia e l\u2019Unione europea per la mancata applicazione della Direttiva sull\u2019<a href=\"http:\/\/www.gazzettaufficiale.it\/atto\/serie_generale\/caricaArticolo?art.progressivo=0&amp;art.idArticolo=14&amp;art.versione=1&amp;art.codiceRedazionale=14G00174&amp;art.dataPubblicazioneGazzetta=2014-11-10&amp;art.idGruppo=3&amp;art.idSottoArticolo1=10&amp;art.idSottoArticolo=1&amp;art.flagTipoArticolo=0#art\" target=\"_blank\" rel=\"noopener\">orario di lavoro<\/a> ai medici operanti nel servizio pubblico sembra essere arrivata alla fine. \u00c8 stata pubblicata, infatti, nei giorni scorsi in Gazzetta ufficiale la <a href=\"http:\/\/www.gazzettaufficiale.it\/eli\/id\/2014\/11\/10\/14G00174\/sg\" target=\"_blank\" rel=\"noopener\">legge 30 ottobre 2014, n. 161<\/a> \u201cDisposizioni per l\u2019adempimento degli obblighi derivanti dall\u2019appartenenza dell\u2019Italia all\u2019Unione europea \u2013 Legge europea 2013 \u2013bis.<\/p>\n<p><img loading=\"lazy\" decoding=\"async\" class=\"alignright\" alt=\"\" src=\"http:\/\/www.fems.net\/admin\/team\/img\/32_1373700291_thum.jpg\" width=\"172\" height=\"172\" \/>Ma se si pu\u00f2 mettere la parola fine alla vicenda non sono state dissolte tutte le ombre relative al contenzioso, come spiega a DoctorNews33 il presidente della Fems (Federazione europea medici salariati) <strong>Enrico Reginato<\/strong>, che insieme ad Anaao \u00e8 stato l\u2019artefice della richiesta di sollecito alle Istituzioni europee.<\/p>\n<p>\u00abLa vertenza \u00e8 chiusa e l\u2019Unione europea me l\u2019ha confermato con una missiva\u00bb spiega Reginato \u00abma l\u2019Italia precisa che l\u2019applicazione delle norme europee decorrer\u00e0 dalla fine dell\u2019anno prossimo. Il tempo, secondo il ministero della Salute italiano, per \u201criempire\u201d gli organici\u00bb. E proprio in questo dettaglio, secondo il presidente Fems, si nasconde una beffa.<\/p>\n<p>\u00abStiamo parlando\u00bb sottolinea \u00abdi superlavoro non pagato cui sono stati costretti i medici dipendenti del Ssn, una condizione che si protrarr\u00e0 per un altro anno a conferma che il problema, almeno per ora, non \u00e8 risolto. Ci\u00f2 detto\u00bb conclude Reginato \u00abuna multa ci sar\u00e0 e non posso che essere soddisfatto per aver raggiunto il risultato sperato passando per le vie burocratiche\u00bb.<\/p>\n<p>Marco Malagutti<\/p>","protected":false},"excerpt":{"rendered":"<p>\u00abLa legge impone determinati orari di ambulatorio e di apertura delle farmacie. All&#8217;interno di questi orari, per il paziente\u00bb o un suo delegato \u00ab\u00e8 possibile reperire la ricetta dal medico. Poi il paziente deve avere la libert\u00e0 di scegliere la farmacia in cui andare\u00bb. Ricette lasciate in farmacia. Orlandi: vietate e contrarie ad atto professionale &hellip;<\/p>","protected":false},"author":4,"featured_media":4675,"comment_status":"closed","ping_status":"closed","sticky":false,"template":"","format":"standard","meta":{"footnotes":""},"categories":[1],"tags":[30],"class_list":["post-5294","post","type-post","status-publish","format-standard","has-post-thumbnail","hentry","category-notizie","tag-ricette"],"amp_enabled":true,"_links":{"self":[{"href":"https:\/\/www.fedaiisf.it\/en\/wp-json\/wp\/v2\/posts\/5294","targetHints":{"allow":["GET"]}}],"collection":[{"href":"https:\/\/www.fedaiisf.it\/en\/wp-json\/wp\/v2\/posts"}],"about":[{"href":"https:\/\/www.fedaiisf.it\/en\/wp-json\/wp\/v2\/types\/post"}],"author":[{"embeddable":true,"href":"https:\/\/www.fedaiisf.it\/en\/wp-json\/wp\/v2\/users\/4"}],"replies":[{"embeddable":true,"href":"https:\/\/www.fedaiisf.it\/en\/wp-json\/wp\/v2\/comments?post=5294"}],"version-history":[{"count":0,"href":"https:\/\/www.fedaiisf.it\/en\/wp-json\/wp\/v2\/posts\/5294\/revisions"}],"wp:featuredmedia":[{"embeddable":true,"href":"https:\/\/www.fedaiisf.it\/en\/wp-json\/wp\/v2\/media\/4675"}],"wp:attachment":[{"href":"https:\/\/www.fedaiisf.it\/en\/wp-json\/wp\/v2\/media?parent=5294"}],"wp:term":[{"taxonomy":"category","embeddable":true,"href":"https:\/\/www.fedaiisf.it\/en\/wp-json\/wp\/v2\/categories?post=5294"},{"taxonomy":"post_tag","embeddable":true,"href":"https:\/\/www.fedaiisf.it\/en\/wp-json\/wp\/v2\/tags?post=5294"}],"curies":[{"name":"wp","href":"https:\/\/api.w.org\/{rel}","templated":true}]}}