{"id":53014,"date":"2020-09-14T13:20:16","date_gmt":"2020-09-14T11:20:16","guid":{"rendered":"https:\/\/www.fedaiisf.it\/?p=53014"},"modified":"2020-09-14T13:39:58","modified_gmt":"2020-09-14T11:39:58","slug":"nuove-norme-alla-circolazione-stradale-via-libera-ai-comuni-che-vogliono-fare-cassa","status":"publish","type":"post","link":"https:\/\/www.fedaiisf.it\/en\/nuove-norme-alla-circolazione-stradale-via-libera-ai-comuni-che-vogliono-fare-cassa\/","title":{"rendered":"New road traffic regulations. Green light to the municipalities that want to raise cash"},"content":{"rendered":"<p>il Presidente Mattarella ha firmato il cosiddetto Decreto Legge Semplificazioni,\u00a0\u00a0legge di conversione del decreto legge 16 luglio 2020, n. 76, che contiene nuove norme del Codice della Strada. Lo stesso Mattarella per\u00f2 in una lettera indirizzata ai presidenti del Senato, Maria Elisabetta Alberti Casellati, della Camera, Roberto Fico, e del Consiglio, Giuseppe Conte solleva delle\u00a0critica la principale delle quali \u00e8 di avere inserito la modifica di quindici articoli del Codice della strada, &#8220;<em>che non attengono a materia originariamente disciplinata dal provvedimento. Si \u00e8 intervenuti in modo rilevante su una disciplina, la circolazione stradale, che, tra l&#8217;altro, ha immediati riflessi sulla vita quotidiana delle persone.\u00a0Invito il governo a vigilare affinch\u00e9 nel corso dell&#8217;esame parlamentare dei decreti legge non vengano inserite norme palesemente eterogenee rispetto all&#8217;oggetto e alle finalit\u00e0 dei provvedimenti d&#8217;urgenza. Rappresento altres\u00ec al Parlamento l&#8217;esigenza di operare in modo che l&#8217;attivit\u00e0 emendativa si svolga in piena coerenza con i limiti di contenuto derivanti dal dettato costituzionale<\/em>&#8220;.<\/p>\n<p>Una delle novit\u00e0 pi\u00f9 importanti \u00e8 l\u2019introduzione dei famigerati <strong>autovelox anche sulle strade urbane<\/strong> di <a href=\"https:\/\/www.fedaiisf.it\/wp-content\/uploads\/2014\/08\/multa_vigili_municipale.jpg\"><img loading=\"lazy\" decoding=\"async\" class=\" wp-image-2887 alignright\" src=\"https:\/\/www.fedaiisf.it\/wp-content\/uploads\/2014\/08\/multa_vigili_municipale.jpg\" alt=\"\" width=\"323\" height=\"203\" srcset=\"https:\/\/www.fedaiisf.it\/wp-content\/uploads\/2014\/08\/multa_vigili_municipale.jpg 580w, https:\/\/www.fedaiisf.it\/wp-content\/uploads\/2014\/08\/multa_vigili_municipale-300x188.jpg 300w\" sizes=\"auto, (max-width: 323px) 100vw, 323px\" \/><\/a>quartiere. Fino ad oggi il CdS non prevedeva questa possibilit\u00e0, che invece sar\u00e0 introdotta dal DL Semplificazioni, per una <strong>via libera su tutte le strade locali, sulle strade urbane ciclabili<\/strong> e, in base all\u2019approvazione alla Camera, anche sui <strong>percorsi ciclopedonali.<\/strong> La diretta conseguenza di questo intervento \u00e8 presto individuata: un <strong>aumento vertiginoso delle multe<\/strong> nei confronti di automobilisti e ciclisti, anche non colpevoli di una condotta di guida, all\u2019apparenza, \u201cfuori dalle righe\u201d\u2026 Comunque ci sar\u00e0\u00a0sempre l\u2019obbligo del cartello preventivo contenente l\u2019avviso e l\u2019<strong>ordinanza della Prefettura<\/strong> che autorizzi tali forme di controlli automatici.<\/p>\n<p>Saranno riservati <strong>spazi appositi per la fermata e la sosta delle auto elettriche e istituite\u00a0le \u201czone scolastiche\u201d, dove sar\u00e0 garantita la protezione dei pedoni con delimitazione dell\u2019area tramite appositi segnali di inizio e fine e sar\u00e0 interdetta la circolazione.<\/strong><\/p>\n<p>Il <strong>DL Semplificazioni<\/strong> introdurr\u00e0 in parallelo anche un nuovo articolo, il <strong>12 bis<\/strong>: questo permetter\u00e0 di accertare le <strong>violazioni di sosta e fermata<\/strong> non solo ai dipendenti dei Comuni italiani o alle societ\u00e0 private che gestiscono le attivit\u00e0 di sosta regolamentata, ma anche a tutti quei lavoratori il cui compito, solitamente, \u00e8 quello della <strong>raccolta dei rifiuti e della pulizia delle strade.<\/strong> Insomma, i classici <strong>\u201cnetturbini\u201d<\/strong> che tutti noi conosciamo potranno ottenere, a seguito di debita formazione, la <strong>qualifica di pubblico ufficiale<\/strong>, che servir\u00e0 loro ad espletare questo servizio secondario nei limiti \u201c<em>delle aree limitrofe a quelle oggetto dell\u2019attivit\u00e0 di propria competenza che sono funzionali, rispettivamente, alla gestione degli spazi per la raccolta dei rifiuti urbani o alla fruizione delle corsie o delle strade riservate al servizio di linea<\/em>\u201c.<\/p>\n<p>L\u2019accertamento potr\u00e0 essere svolto anche attraverso l\u2019utilizzo di <strong>apparecchiature digitali e fotografiche<\/strong>, che si andranno a sommare all\u2019aumentare delle <strong>telecamere<\/strong> previste per la contestazione di violazioni anche quando le forze di polizia non potranno essere presenti sul posto. Queste, di solito, vengono impiegate per verificare gli eccessi di velocit\u00e0, i passaggi a semaforo rosso, gli accessi alle zone a traffico limitato e l\u2019utilizzo delle piazzole per il carico e lo scarico delle merci, alle quali si aggiunger\u00e0 la <strong>circolazione su strade dove sono presenti appositi cartelli di divieto di accesso o di transito.<\/strong><\/p>\n<p><a href=\"https:\/\/www.fedaiisf.it\/wp-content\/uploads\/2020\/09\/autovelox.jpg\"><img loading=\"lazy\" decoding=\"async\" class=\"wp-image-53021 alignleft\" src=\"https:\/\/www.fedaiisf.it\/wp-content\/uploads\/2020\/09\/autovelox.jpg\" alt=\"\" width=\"362\" height=\"204\" srcset=\"https:\/\/www.fedaiisf.it\/wp-content\/uploads\/2020\/09\/autovelox.jpg 746w, https:\/\/www.fedaiisf.it\/wp-content\/uploads\/2020\/09\/autovelox-300x169.jpg 300w, https:\/\/www.fedaiisf.it\/wp-content\/uploads\/2020\/09\/autovelox-390x220.jpg 390w\" sizes=\"auto, (max-width: 362px) 100vw, 362px\" \/><\/a>Tutte le biciclette che circolano o che si immettono nella circolazione, anche da un luogo privato, avranno la <strong>precedenza su tutti gli altri veicoli,<\/strong> che al contrario potranno effettuare un sorpasso nei loro confronti solamente \u201ca bassissima velocit\u00e0\u201d, in modo da limitare la probabilit\u00e0 di \u201condeggiamenti e deviazioni della bicicletta\u201d. Le bici, inoltre, potranno anche <strong>circolare contromano (!) sulla loro corsia ciclabile a doppio senso<\/strong> lungo tutte le strade urbane di quartiere, locali, urbane ciclabili e su tutti gli itinerari ciclopedonali. La loro carreggiata si chiamer\u00e0 \u201c<strong>corsia ciclabile per doppio senso ciclabile.<\/strong><\/p>\n<p>Le biciclette, infine, potranno anche circolare <strong>sulle corsie riservate ai mezzi pubblici,<\/strong> purch\u00e8 non caratterizzati da binari e con una larghezza della carreggiata non inferiore ai 4,30 metri, e sulla strade urbane ciclabili <strong>senza osservare la norma dell\u2019unica fila indiana<\/strong>, o comunque quella che prevede un massimo di veicoli affiancati mai superiore a due. [da <a href=\"https:\/\/www.infomotori.com\/guide\/autovelox-in-citta-e-bici-contromano-tutte-le-novita-del-dl-semplificazioni_334270\/\" target=\"_blank\" rel=\"noopener noreferrer\">informamotori.com<\/a>]\n<p>L&#8217;<a href=\"https:\/\/www.quattroruote.it\/news\/burocrazia\/2020\/09\/09\/codice_della_strada_l_aci_la_riforma_va_nella_direzione_sbagliata_.html\" target=\"_blank\" rel=\"noopener noreferrer\">ACI in un comunicato<\/a>\u00a0elenca una critica che non riguarda le nuove norme: &#8221;Riteniamo per esempio un errore &#8211; dice Sticchi Damiani &#8211; scrivere nel CdS che la durata del giallo debba essere almeno di tre secondi, perch\u00e9 pu\u00f2 creare malintesi e far tarare tutti i gialli semaforici sui tre secondi, come se fossero tutti uguali. L&#8217;individuazione della giusta durata del giallo semaforico deriva, invece, da un calcolo complesso e unico per ogni incrocio&#8221;.<\/p>\n<p class=\"article-text\"><b>Le differenti applicazioni dell\u2019autovelox. <\/b>Tornando alla riforma, riguardo agli autovelox, le cui postazioni fisse potranno essere installate (previa autorizzazione del prefetto) su strade urbane di quartiere dopo che il decreto diverr\u00e0 legge, l\u2019Aci ha espresso il proprio giudizio discorde: &#8221;Non ci sembra corretta la possibilit\u00e0 di installare autovelox sulle strade locali in cui vige il limite orario di 30 km\/h&#8221; ha detto Sticchi Damiani, sottolineando che questo apparecchio \u00e8 &#8221;un utile strumento per controllare e limitare la velocit\u00e0 nei punti pi\u00f9 critici o pericolosi, nei quali \u00e8 opportuno avere la certezza che la velocit\u00e0 venga ridotta, in modo da consentire di guidare in sicurezza&#8221; e che \u00e8 invece &#8221;diseducativo, quando non addirittura pericoloso, l&#8217;autovelox diffuso, magari installato per far cassa e nemmeno correttamente segnalato, secondo quanto previsto dalla normativa&#8221;.<\/p>\n<p class=\"article-text\"><b><a href=\"https:\/\/www.fedaiisf.it\/wp-content\/uploads\/2020\/09\/bici-gruppo.jpg\"><img loading=\"lazy\" decoding=\"async\" class=\"wp-image-53022 alignright\" src=\"https:\/\/www.fedaiisf.it\/wp-content\/uploads\/2020\/09\/bici-gruppo.jpg\" alt=\"\" width=\"446\" height=\"297\" srcset=\"https:\/\/www.fedaiisf.it\/wp-content\/uploads\/2020\/09\/bici-gruppo.jpg 863w, https:\/\/www.fedaiisf.it\/wp-content\/uploads\/2020\/09\/bici-gruppo-300x200.jpg 300w, https:\/\/www.fedaiisf.it\/wp-content\/uploads\/2020\/09\/bici-gruppo-768x512.jpg 768w, https:\/\/www.fedaiisf.it\/wp-content\/uploads\/2020\/09\/bici-gruppo-274x183.jpg 274w, https:\/\/www.fedaiisf.it\/wp-content\/uploads\/2020\/09\/bici-gruppo-80x54.jpg 80w, https:\/\/www.fedaiisf.it\/wp-content\/uploads\/2020\/09\/bici-gruppo-130x87.jpg 130w, https:\/\/www.fedaiisf.it\/wp-content\/uploads\/2020\/09\/bici-gruppo-359x240.jpg 359w, https:\/\/www.fedaiisf.it\/wp-content\/uploads\/2020\/09\/bici-gruppo-85x57.jpg 85w, https:\/\/www.fedaiisf.it\/wp-content\/uploads\/2020\/09\/bici-gruppo-546x365.jpg 546w, https:\/\/www.fedaiisf.it\/wp-content\/uploads\/2020\/09\/bici-gruppo-165x109.jpg 165w, https:\/\/www.fedaiisf.it\/wp-content\/uploads\/2020\/09\/bici-gruppo-112x75.jpg 112w, https:\/\/www.fedaiisf.it\/wp-content\/uploads\/2020\/09\/bici-gruppo-179x120.jpg 179w, https:\/\/www.fedaiisf.it\/wp-content\/uploads\/2020\/09\/bici-gruppo-170x113.jpg 170w, https:\/\/www.fedaiisf.it\/wp-content\/uploads\/2020\/09\/bici-gruppo-81x55.jpg 81w, https:\/\/www.fedaiisf.it\/wp-content\/uploads\/2020\/09\/bici-gruppo-765x510.jpg 765w\" sizes=\"auto, (max-width: 446px) 100vw, 446px\" \/><\/a>Su bici e multe. <\/b>Per l\u2019Aci, meritano particolare attenzione anche tutti i provvedimenti riguardanti le biciclette: &#8221;Restiamo fermamente contrari alle bici contromano e alla possibilit\u00e0 che possano transitare sulle corsie riservate al trasporto pubblico&#8221; ha precisato l\u2019ente, spiegando che &#8221;i dati di incidentalit\u00e0 ci dicono che si tratta di pratiche estremamente pericolose, anche in considerazione dell&#8217;esposizione al rischio del ciclista rispetto ai veicoli a quattro ruote: oltre 50 volte superiore&#8221;.<\/p>\n<p class=\"article-text\">Contestata, infine, anche la possibilit\u00e0 di sanzionare la sosta da parte dei netturbini: &#8221;Sembrerebbe che da domani anche gli operatori ecologici possano emettere multe o far rimuovere i veicoli. Ci auguriamo che le cose non stiano cos\u00ec \u2013 scrive l\u2019Aci &#8211; e che la proposta riguardi solo l&#8217;ampliamento delle funzioni degli ausiliari del traffico che, ricordiamo, devono limitarsi a segnalare l&#8217;infrazione al corpo di polizia municipale. Non vogliamo nemmeno prendere in considerazione la possibilit\u00e0 che queste nuove figure si sostituiscano al corpo di polizia municipale&#8221;. In conclusione, l\u2019Automobile Club d\u2019Italia ha definito &#8221;positiva l&#8217;attenzione alla sicurezza in ambito urbano, dove ancora sono troppo numerosi gli incidenti e i morti&#8221; ma al contempo si dichiara preoccupato &#8221;che l&#8217;applicazione alla realt\u00e0 di tali norme, inserite nel CdS, risulti difforme e differenziata da Comune a Comune, creando confusione e comportamenti insicuri agli utenti della strada&#8221;.<\/p>\n<p>&nbsp;<\/p>\n","protected":false},"excerpt":{"rendered":"<p>il Presidente Mattarella ha firmato il cosiddetto Decreto Legge Semplificazioni,\u00a0\u00a0legge di conversione del decreto legge 16 luglio 2020, n. 76, che contiene nuove norme del Codice della Strada. Lo stesso Mattarella per\u00f2 in una lettera indirizzata ai presidenti del Senato, Maria Elisabetta Alberti Casellati, della Camera, Roberto Fico, e del Consiglio, Giuseppe Conte solleva delle\u00a0critica &hellip;<\/p>","protected":false},"author":4,"featured_media":29656,"comment_status":"closed","ping_status":"closed","sticky":false,"template":"","format":"standard","meta":{"footnotes":""},"categories":[1],"tags":[],"class_list":["post-53014","post","type-post","status-publish","format-standard","has-post-thumbnail","hentry","category-notizie"],"amp_enabled":true,"_links":{"self":[{"href":"https:\/\/www.fedaiisf.it\/en\/wp-json\/wp\/v2\/posts\/53014","targetHints":{"allow":["GET"]}}],"collection":[{"href":"https:\/\/www.fedaiisf.it\/en\/wp-json\/wp\/v2\/posts"}],"about":[{"href":"https:\/\/www.fedaiisf.it\/en\/wp-json\/wp\/v2\/types\/post"}],"author":[{"embeddable":true,"href":"https:\/\/www.fedaiisf.it\/en\/wp-json\/wp\/v2\/users\/4"}],"replies":[{"embeddable":true,"href":"https:\/\/www.fedaiisf.it\/en\/wp-json\/wp\/v2\/comments?post=53014"}],"version-history":[{"count":0,"href":"https:\/\/www.fedaiisf.it\/en\/wp-json\/wp\/v2\/posts\/53014\/revisions"}],"wp:featuredmedia":[{"embeddable":true,"href":"https:\/\/www.fedaiisf.it\/en\/wp-json\/wp\/v2\/media\/29656"}],"wp:attachment":[{"href":"https:\/\/www.fedaiisf.it\/en\/wp-json\/wp\/v2\/media?parent=53014"}],"wp:term":[{"taxonomy":"category","embeddable":true,"href":"https:\/\/www.fedaiisf.it\/en\/wp-json\/wp\/v2\/categories?post=53014"},{"taxonomy":"post_tag","embeddable":true,"href":"https:\/\/www.fedaiisf.it\/en\/wp-json\/wp\/v2\/tags?post=53014"}],"curies":[{"name":"wp","href":"https:\/\/api.w.org\/{rel}","templated":true}]}}